{"id":74894,"date":"2025-12-11T10:29:44","date_gmt":"2025-12-11T13:29:44","guid":{"rendered":"https:\/\/www.paranapraia.com.br\/?p=74894"},"modified":"2025-12-11T10:29:47","modified_gmt":"2025-12-11T13:29:47","slug":"interrupcao-das-atividades-da-pista-de-patinacao-nao-aconteceram-em-funcao-de-falha-estrutural-mas-sim-por-condicoes-climaticas","status":"publish","type":"post","link":"https:\/\/www.paranapraia.com.br\/index.php\/2025\/12\/11\/interrupcao-das-atividades-da-pista-de-patinacao-nao-aconteceram-em-funcao-de-falha-estrutural-mas-sim-por-condicoes-climaticas\/","title":{"rendered":"Interrup\u00e7\u00e3o das atividades da pista de patina\u00e7\u00e3o n\u00e3o aconteceram em fun\u00e7\u00e3o de falha estrutural, mas sim por condi\u00e7\u00f5es clim\u00e1ticas"},"content":{"rendered":"\n<p>A Prefeitura de Paranagu\u00e1 esclarece que s\u00e3o falsas as informa\u00e7\u00f5es<strong>&nbsp;<\/strong>que circulam em redes sociais, sobre os motivos da interrup\u00e7\u00e3o moment\u00e2nea do funcionamento da pista de patina\u00e7\u00e3o no gelo, instalada na Pra\u00e7a de Eventos, dentro da programa\u00e7\u00e3o do Natal Para Todos, nesta quarta-feira, dia 10.<\/p>\n\n\n\n<p><strong>\u00c9 falso que n\u00e3o h\u00e1 estrutura para a pista funcionar!<\/strong><\/p>\n\n\n\n<p>Isso porque a decis\u00e3o pela interrup\u00e7\u00e3o da atividade no dia de hoje ocorreu devido \u00e0 prioriza\u00e7\u00e3o da seguran\u00e7a de todos os usu\u00e1rios, em fun\u00e7\u00e3o dos fortes ventos registrados e previstos no local. E que podem interferir na seguran\u00e7a da atividade.<\/p>\n\n\n\n<p><strong>Medida tomada por seguran\u00e7a em fun\u00e7\u00e3o dos ventos&nbsp;<\/strong><\/p>\n\n\n\n<p>A interrup\u00e7\u00e3o tempor\u00e1ria das atividades n\u00e3o teve rela\u00e7\u00e3o com calor nem com falha estrutural. A medida foi tomada por seguran\u00e7a \u00e0 popula\u00e7\u00e3o em raz\u00e3o de ventos fortes.<\/p>\n\n\n\n<p>Isso porque o vento acelera a troca de calor por convec\u00e7\u00e3o e pode provocar forma\u00e7\u00e3o de \u00e1gua superficial, irregularidades moment\u00e2neas no gelo e risco aumentado de quedas, especialmente para iniciantes.<\/p>\n\n\n\n<p>N\u00e3o houve falha de montagem, desperd\u00edcio de recursos ou problema t\u00e9cnico na estrutura, conforme relatado em redes sociais. Todas as etapas de instala\u00e7\u00e3o seguem padr\u00f5es internacionais adotados em cidades de clima quente e \u00famido ao redor do mundo.<\/p>\n\n\n\n<p>O que fez a organiza\u00e7\u00e3o da pista decidir paralisar o funcionamento exclusivamente no dia de hoje s\u00e3o as condi\u00e7\u00f5es clim\u00e1ticas.&nbsp;<\/p>\n\n\n\n<p>\u00c9 importante deixar claro que o modelo adotado de pista em Paranagu\u00e1 foi dimensionado para suportar as varia\u00e7\u00f5es clim\u00e1ticas do litoral. A estrutura instalada atende \u00e0s normas usuais da ind\u00fastria de entretenimento e demonstra desempenho compat\u00edvel com solu\u00e7\u00f5es de pa\u00edses, que operam pistas de gelo ao ar livre em temperaturas elevadas.<\/p>\n\n\n\n<p><strong>Paranagu\u00e1 Contra Fake News<\/strong><\/p>\n\n\n\n<p>Nos pr\u00f3ximos dias, a Prefeitura de Paranagu\u00e1 lan\u00e7ar\u00e1 oficialmente o Programa &#8220;Paranagu\u00e1 Contra Fake News&#8221;, uma ferramenta que busca trabalhar com a educa\u00e7\u00e3o midi\u00e1tica para orientar a popula\u00e7\u00e3o sobre como identificar, prevenir e enfrentar a circula\u00e7\u00e3o de not\u00edcias falsas no dia a dia.&nbsp;<\/p>\n\n\n\n<p>A iniciativa refor\u00e7a o compromisso do munic\u00edpio com a transpar\u00eancia, a informa\u00e7\u00e3o respons\u00e1vel e a prote\u00e7\u00e3o da comunidade diante dos impactos da desinforma\u00e7\u00e3o e ressalta ainda, a import\u00e2ncia de a popula\u00e7\u00e3o buscar fontes confi\u00e1veis e ve\u00edculos de comunica\u00e7\u00e3o oficiais para se informar.<\/p>\n\n\n\n<p>Assessoria <\/p>\n","protected":false},"excerpt":{"rendered":"<p>A Prefeitura de Paranagu\u00e1 esclarece que s\u00e3o falsas as informa\u00e7\u00f5es&nbsp;que circulam em redes sociais, sobre os motivos da interrup\u00e7\u00e3o moment\u00e2nea do funcionamento da pista de patina\u00e7\u00e3o no gelo, instalada na Pra\u00e7a de Eventos, dentro da programa\u00e7\u00e3o do Natal Para Todos, nesta quarta-feira, dia 10. \u00c9 falso que n\u00e3o h\u00e1 estrutura para a pista funcionar! Isso [&hellip;]<\/p>\n","protected":false},"author":2,"featured_media":74895,"comment_status":"open","ping_status":"open","sticky":false,"template":"","format":"standard","meta":{"advanced_seo_description":"","jetpack_seo_html_title":"","jetpack_seo_noindex":false,"_jetpack_memberships_contains_paid_content":false,"footnotes":""},"categories":[40,77],"tags":[321],"class_list":{"0":"post-74894","1":"post","2":"type-post","3":"status-publish","4":"format-standard","5":"has-post-thumbnail","7":"category-destaques","8":"category-paranagua","9":"tag-paranagua"},"jetpack_featured_media_url":"https:\/\/www.paranapraia.com.br\/wp-content\/uploads\/2025\/12\/thumb-29.jpeg","jetpack_sharing_enabled":true,"_links":{"self":[{"href":"https:\/\/www.paranapraia.com.br\/index.php\/wp-json\/wp\/v2\/posts\/74894"}],"collection":[{"href":"https:\/\/www.paranapraia.com.br\/index.php\/wp-json\/wp\/v2\/posts"}],"about":[{"href":"https:\/\/www.paranapraia.com.br\/index.php\/wp-json\/wp\/v2\/types\/post"}],"author":[{"embeddable":true,"href":"https:\/\/www.paranapraia.com.br\/index.php\/wp-json\/wp\/v2\/users\/2"}],"replies":[{"embeddable":true,"href":"https:\/\/www.paranapraia.com.br\/index.php\/wp-json\/wp\/v2\/comments?post=74894"}],"version-history":[{"count":1,"href":"https:\/\/www.paranapraia.com.br\/index.php\/wp-json\/wp\/v2\/posts\/74894\/revisions"}],"predecessor-version":[{"id":74896,"href":"https:\/\/www.paranapraia.com.br\/index.php\/wp-json\/wp\/v2\/posts\/74894\/revisions\/74896"}],"wp:featuredmedia":[{"embeddable":true,"href":"https:\/\/www.paranapraia.com.br\/index.php\/wp-json\/wp\/v2\/media\/74895"}],"wp:attachment":[{"href":"https:\/\/www.paranapraia.com.br\/index.php\/wp-json\/wp\/v2\/media?parent=74894"}],"wp:term":[{"taxonomy":"category","embeddable":true,"href":"https:\/\/www.paranapraia.com.br\/index.php\/wp-json\/wp\/v2\/categories?post=74894"},{"taxonomy":"post_tag","embeddable":true,"href":"https:\/\/www.paranapraia.com.br\/index.php\/wp-json\/wp\/v2\/tags?post=74894"}],"curies":[{"name":"wp","href":"https:\/\/api.w.org\/{rel}","templated":true}]}}