{"id":74891,"date":"2025-12-11T10:26:53","date_gmt":"2025-12-11T13:26:53","guid":{"rendered":"https:\/\/www.paranapraia.com.br\/?p=74891"},"modified":"2025-12-11T10:26:55","modified_gmt":"2025-12-11T13:26:55","slug":"pontal-do-parana-participa-de-cerimonia-nacional-e-anuncia-mais-de-r-20-milhoes-de-investimentos-para-educacao-e-saude","status":"publish","type":"post","link":"https:\/\/www.paranapraia.com.br\/index.php\/2025\/12\/11\/pontal-do-parana-participa-de-cerimonia-nacional-e-anuncia-mais-de-r-20-milhoes-de-investimentos-para-educacao-e-saude\/","title":{"rendered":"Pontal do Paran\u00e1 participa de cerim\u00f4nia nacional e anuncia mais de R$ 20 milh\u00f5es de investimentos para educa\u00e7\u00e3o e sa\u00fade"},"content":{"rendered":"\n<p>O prefeito de Pontal do Paran\u00e1, Rud\u00e3o Gimenes, esteve nesta quarta-feira (10\/12), no Pal\u00e1cio do Planalto, em Bras\u00edlia, acompanhado da presidente da C\u00e2mara Municipal, vereadora Elinete Guimar\u00e3es, e da vereadora Nega Borges, para acompanhar a Cerim\u00f4nia de An\u00fancios dos Projetos Habilitados pelo Fundo de Investimento em Infraestrutura Social (FIIS) e pelos projetos de abastecimento de \u00e1gua e esgotamento sanit\u00e1rio urbano do Novo PAC Sele\u00e7\u00f5es.<br>O encontro ocorreu no Sal\u00e3o Oeste e contou com a presen\u00e7a dos ministros Rui Costa (Casa Civil), Alexandre Padilha (Sa\u00fade), Camilo Santana (Educa\u00e7\u00e3o) e Jader Filho (Cidades), al\u00e9m do presidente da Rep\u00fablica, Luiz In\u00e1cio Lula da Silva.<\/p>\n\n\n\n<p>Foram apresentados investimentos que somam R$ 39 bilh\u00f5es para educa\u00e7\u00e3o, sa\u00fade e saneamento em todo o pa\u00eds.<br>Para Pontal do Paran\u00e1, o valor previsto \u00e9 de R$ 20,5 milh\u00f5es, distribu\u00eddos entre os setores de educa\u00e7\u00e3o e sa\u00fade.<\/p>\n\n\n\n<p>Educa\u00e7\u00e3o: R$ 16,5 milh\u00f5es<\/p>\n\n\n\n<p>O munic\u00edpio foi contemplado com:<br>Nova Escola Integral \u2013 R$ 9,7 milh\u00f5es. A unidade ter\u00e1 10 salas de aula, com capacidade para atender mais de 400 estudantes. O funcionamento ocorrer\u00e1 em tempo integral, com op\u00e7\u00e3o de atendimento parcial (meio per\u00edodo).<\/p>\n\n\n\n<p>Mobili\u00e1rio escolar \u2013 R$ 1 milh\u00e3o<br>Instala\u00e7\u00e3o de ar-condicionado \u2013 R$ 1,5 milh\u00e3o<br>Dispositivos digitais \u2013 R$ 500 mil<br>Constru\u00e7\u00e3o de 2 quadras poliesportivas \u2013 R$ 3,7 milh\u00f5es<\/p>\n\n\n\n<p>Sa\u00fade: R$ 4 milh\u00f5es<\/p>\n\n\n\n<p>Os recursos contemplam:<br>Constru\u00e7\u00e3o do Centro Especializado de Reabilita\u00e7\u00e3o (CER) \u2013 R$ 2 milh\u00f5es<br>Estrutura destinada ao atendimento de pessoas com defici\u00eancia ou necessidades de reabilita\u00e7\u00e3o f\u00edsica e motora.<br>Implanta\u00e7\u00e3o do Centro de Aten\u00e7\u00e3o Psicossocial (CAPS) \u2013 R$ 2 milh\u00f5es<br>O munic\u00edpio passar\u00e1 a contar com sede pr\u00f3pria para o servi\u00e7o.<br>O CAPS (Centro de Aten\u00e7\u00e3o Psicossocial) \u00e9 uma unidade p\u00fablica voltada ao cuidado em sa\u00fade mental, oferecendo atendimento cont\u00ednuo e multiprofissional.<\/p>\n\n\n\n<p>Informa\u00e7\u00f5es gerais da cerim\u00f4nia<br>A solenidade apresentou os resultados de quatro editais do Novo PAC, que disponibilizam recursos federais e linhas de financiamento para obras, amplia\u00e7\u00f5es e aquisi\u00e7\u00e3o de equipamentos em estados e munic\u00edpios.<br>O FIIS reuniu R$ 28,1 bilh\u00f5es destinados a creches, escolas, unidades de sa\u00fade, hospitais, maternidades, quadras esportivas, \u00f4nibus escolares e policl\u00ednicas.<\/p>\n\n\n\n<p>Mais de 1.100 munic\u00edpios foram habilitados na \u00e1rea da sa\u00fade, e mais de 1.100 na educa\u00e7\u00e3o.<br>Com as autoriza\u00e7\u00f5es emitidas, os proponentes j\u00e1 podem encaminhar projetos para an\u00e1lise t\u00e9cnica junto ao BNDES e institui\u00e7\u00f5es financeiras credenciadas. As condi\u00e7\u00f5es incluem car\u00eancia de 24 meses e prazo de at\u00e9 20 anos para pagamento.<\/p>\n\n\n\n<p>A participa\u00e7\u00e3o da comitiva de Pontal do Paran\u00e1 em Bras\u00edlia evidencia o interesse do munic\u00edpio em acompanhar de perto iniciativas nacionais que podem ampliar a capacidade local de atendimento em educa\u00e7\u00e3o e sa\u00fade.<\/p>\n\n\n\n<p>Fotos: Prefeitura de Pontal do Paran\u00e1<\/p>\n","protected":false},"excerpt":{"rendered":"<p>O prefeito de Pontal do Paran\u00e1, Rud\u00e3o Gimenes, esteve nesta quarta-feira (10\/12), no Pal\u00e1cio do Planalto, em Bras\u00edlia, acompanhado da presidente da C\u00e2mara Municipal, vereadora Elinete Guimar\u00e3es, e da vereadora Nega Borges, para acompanhar a Cerim\u00f4nia de An\u00fancios dos Projetos Habilitados pelo Fundo de Investimento em Infraestrutura Social (FIIS) e pelos projetos de abastecimento de [&hellip;]<\/p>\n","protected":false},"author":2,"featured_media":74892,"comment_status":"open","ping_status":"open","sticky":false,"template":"","format":"standard","meta":{"advanced_seo_description":"","jetpack_seo_html_title":"","jetpack_seo_noindex":false,"_jetpack_memberships_contains_paid_content":false,"footnotes":""},"categories":[65],"tags":[],"class_list":{"0":"post-74891","1":"post","2":"type-post","3":"status-publish","4":"format-standard","5":"has-post-thumbnail","7":"category-pontal-do-parana"},"jetpack_featured_media_url":"https:\/\/www.paranapraia.com.br\/wp-content\/uploads\/2025\/12\/FB_IMG_1765459462491.jpg","jetpack_sharing_enabled":true,"_links":{"self":[{"href":"https:\/\/www.paranapraia.com.br\/index.php\/wp-json\/wp\/v2\/posts\/74891"}],"collection":[{"href":"https:\/\/www.paranapraia.com.br\/index.php\/wp-json\/wp\/v2\/posts"}],"about":[{"href":"https:\/\/www.paranapraia.com.br\/index.php\/wp-json\/wp\/v2\/types\/post"}],"author":[{"embeddable":true,"href":"https:\/\/www.paranapraia.com.br\/index.php\/wp-json\/wp\/v2\/users\/2"}],"replies":[{"embeddable":true,"href":"https:\/\/www.paranapraia.com.br\/index.php\/wp-json\/wp\/v2\/comments?post=74891"}],"version-history":[{"count":1,"href":"https:\/\/www.paranapraia.com.br\/index.php\/wp-json\/wp\/v2\/posts\/74891\/revisions"}],"predecessor-version":[{"id":74893,"href":"https:\/\/www.paranapraia.com.br\/index.php\/wp-json\/wp\/v2\/posts\/74891\/revisions\/74893"}],"wp:featuredmedia":[{"embeddable":true,"href":"https:\/\/www.paranapraia.com.br\/index.php\/wp-json\/wp\/v2\/media\/74892"}],"wp:attachment":[{"href":"https:\/\/www.paranapraia.com.br\/index.php\/wp-json\/wp\/v2\/media?parent=74891"}],"wp:term":[{"taxonomy":"category","embeddable":true,"href":"https:\/\/www.paranapraia.com.br\/index.php\/wp-json\/wp\/v2\/categories?post=74891"},{"taxonomy":"post_tag","embeddable":true,"href":"https:\/\/www.paranapraia.com.br\/index.php\/wp-json\/wp\/v2\/tags?post=74891"}],"curies":[{"name":"wp","href":"https:\/\/api.w.org\/{rel}","templated":true}]}}