{"id":74886,"date":"2025-12-10T15:40:42","date_gmt":"2025-12-10T18:40:42","guid":{"rendered":"https:\/\/www.paranapraia.com.br\/?p=74886"},"modified":"2025-12-10T15:40:44","modified_gmt":"2025-12-10T18:40:44","slug":"castraparana2-chega-com-castracao-gratuita-em-todas-as-cidades-do-litoral","status":"publish","type":"post","link":"https:\/\/www.paranapraia.com.br\/index.php\/2025\/12\/10\/castraparana2-chega-com-castracao-gratuita-em-todas-as-cidades-do-litoral\/","title":{"rendered":"Castra+Paran\u00e12 chega com castra\u00e7\u00e3o gratuita em todas as cidades do Litoral"},"content":{"rendered":"\n<p>Ap\u00f3s alcan\u00e7ar um marco hist\u00f3rico ao realizar quase 20 mil castra\u00e7\u00f5es gratuitas de c\u00e3es e gatos em 2024, o Programa Castra+Paran\u00e12 abre o agendamento e retorna ao litoral paranaense. As inscri\u00e7\u00f5es j\u00e1 est\u00e3o abertas pelo site do programa, mas \u00e9 necess\u00e1rio o tutor fazer o registro do pet no site Sin Patinhas, do Governo Federal.<\/p>\n\n\n\n<p>O \u00f4nibus do Castra+Paran\u00e12 come\u00e7a no dia 15\/12 em Guaratuba. Na sequ\u00eancia, vai para Matinhos (16\/12), dia 17\/12 em Pontal do Paran\u00e1, dia 18\/12 em Paranagu\u00e1, dia 19\/12 em Guaraque\u00e7aba, dia 20\/12 em Antonina e no dia 21\/12 finalizamos em Morretes.<\/p>\n\n\n\n<p>A meta desta segunda edi\u00e7\u00e3o \u00e9 fazer 40 mil castra\u00e7\u00f5es gratuitas em c\u00e3es e gatos. Os procedimentos s\u00e3o feitos por m\u00e9dicos veterin\u00e1rios especializados, em \u00f4nibus totalmente equipados e preparados para as castra\u00e7\u00f5es. Ap\u00f3s a cirurgia, os animais recebem gratuitamente um microchip subcut\u00e2neo com os dados do tutor, al\u00e9m de roupa cir\u00fargica, cone de prote\u00e7\u00e3o e medicamentos necess\u00e1rios para a recupera\u00e7\u00e3o.<\/p>\n\n\n\n<p>A iniciativa e idealiza\u00e7\u00e3o do programa \u00e9 do deputado federal Delegado Matheus Laiola, viabilizado por meio de emenda parlamentar. O programa agora ter\u00e1 dois \u00f4nibus. Um rodar\u00e1 por Curitiba e regi\u00e3o metropolitana, al\u00e9m do litoral. O outro atender\u00e1 o interior do Paran\u00e1.<\/p>\n\n\n\n<p>Segundo o deputado, a castra\u00e7\u00e3o \u00e9 a pol\u00edtica p\u00fablica mais eficaz para o bem-estar animal. \u201cAl\u00e9m de prevenir a reprodu\u00e7\u00e3o indesejada e o abandono, o procedimento traz in\u00fameros benef\u00edcios diretos para a sa\u00fade dos pets, como a redu\u00e7\u00e3o do risco de doen\u00e7as e tumores. Essa \u00e9 uma medida fundamental para prevenir doen\u00e7as e evitar a procria\u00e7\u00e3o descontrolada, que muitas vezes resulta no abandono de c\u00e3es e gatos,&#8221; considera Laiola.<\/p>\n\n\n\n<p>Para participar, h\u00e1 uma regra importante: o pet precisa ter RG no programa SinPatinhas do Governo Federal. Acesse o site sinpatinhas.mma.gov.br para emitir o documento do seu pet e garantir seu cadastro no Castra+Paran\u00e12.<\/p>\n\n\n\n<p>O agendamento para a castra\u00e7\u00e3o \u00e9 feito online no site castramaisparan\u00e12.com.br.<\/p>\n\n\n\n<p>No dia, o animal deve estar em jejum de oito horas. O procedimento dura cerca de duas horas e o respons\u00e1vel pelo animal deve estar presente nesse tempo.<\/p>\n\n\n\n<p>A iniciativa j\u00e1 levou seus atendimentos gratuitos para cerca de 30 cidades, transformando a realidade de milhares de c\u00e3es e gatos e refor\u00e7ando o compromisso com a sa\u00fade p\u00fablica.<\/p>\n\n\n\n<p>Para mais informa\u00e7\u00f5es e para realizar o cadastro, os interessados devem acessar o site castramaisparana2.com.br ou entrar em contato pelo WhatsApp (41) 8782-0227.<\/p>\n\n\n\n<p>SERVI\u00c7O GUARATUBA<br>Quando: 15 de dezembro<br>Onde: Par\u00f3quia S\u00e3o Francisco de Assis &#8211; Rua Engenheiro Beltr\u00e3o, 186<br>Como: Fa\u00e7a seu cadastro online e leve seu pet no dia agendado.<br>O que levar: Seu pet em jejum de 8 horas, o RG do c\u00e3o ou gato e os documentos do respons\u00e1vel.<\/p>\n\n\n\n<p>SERVI\u00c7O MATINHOS<br>Quando: 16 de dezembro<br>Onde: Rua Werner Guilherme A. Gaedke, 609, Cohapar &#8211; Matinhos<br>Como: Fa\u00e7a seu cadastro online e leve seu pet no dia agendado.<br>O que levar: Seu pet em jejum de 8 horas, o RG do c\u00e3o ou gato e os documentos do respons\u00e1vel.<\/p>\n\n\n\n<p>SERVI\u00c7O PONTAL DO PARAN\u00c1<br>Quando: 17 de dezembro<br>Onde: Escola Municipal Luiz Antonio Amatuzzi de Pinho &#8211; Rua Corais, 935, Pontal<br>Como: Fa\u00e7a seu cadastro online e leve seu pet no dia agendado.<br>O que levar: Seu pet em jejum de 8 horas, o RG do c\u00e3o ou gato e os documentos do respons\u00e1vel.<\/p>\n\n\n\n<p>SERVI\u00c7O PARANAGU\u00c1<br>Quando: 18 de dezembro<br>Onde: Rua Julio Groth Elias, 292 &#8211; Divin\u00e9ia &#8211; Paranagu\u00e1<br>Como: Fa\u00e7a seu cadastro online e leve seu pet no dia agendado.<br>O que levar: Seu pet em jejum de 8 horas, o RG do c\u00e3o ou gato e os documentos do respons\u00e1vel.<\/p>\n\n\n\n<p>SERVI\u00c7O GUARAQUE\u00c7ABA<br>Quando: 19 de dezembro<br>Onde: Avenida Ararapira, n\u00ba 223 &#8211; Centro &#8211; Guaraque\u00e7aba<br>Como: Fa\u00e7a seu cadastro online e leve seu pet no dia agendado.<br>O que levar: Seu pet em jejum de 8 horas, o RG do c\u00e3o ou gato e os documentos do respons\u00e1vel.<\/p>\n\n\n\n<p>SERVI\u00c7O ANTONINA<br>Quando: 20 de dezembro<br>Onde: Escola de Samba Capela &#8211; Rua: Dr Rebou\u00e7as, 363, Antonina<br>Como: Fa\u00e7a seu cadastro online e leve seu pet no dia agendado.<br>O que levar: Seu pet em jejum de 8 horas, o RG do c\u00e3o ou gato e os documentos do respons\u00e1vel.<\/p>\n\n\n\n<p>SERVI\u00c7O MORRETES<br>Quando: 21 de dezembro<br>Onde: Sede da Apae Central &#8211; Estrada do Central s\/n, Central, Morretes<br>Como: Fa\u00e7a seu cadastro online e leve seu pet no dia agendado.<br>O que levar: Seu pet em jejum de 8 horas, o RG do c\u00e3o ou gato e os documentos do respons\u00e1vel.<\/p>\n\n\n\n<p>Assessoria <\/p>\n","protected":false},"excerpt":{"rendered":"<p>Ap\u00f3s alcan\u00e7ar um marco hist\u00f3rico ao realizar quase 20 mil castra\u00e7\u00f5es gratuitas de c\u00e3es e gatos em 2024, o Programa Castra+Paran\u00e12 abre o agendamento e retorna ao litoral paranaense. As inscri\u00e7\u00f5es j\u00e1 est\u00e3o abertas pelo site do programa, mas \u00e9 necess\u00e1rio o tutor fazer o registro do pet no site Sin Patinhas, do Governo Federal. [&hellip;]<\/p>\n","protected":false},"author":2,"featured_media":74887,"comment_status":"open","ping_status":"open","sticky":false,"template":"","format":"standard","meta":{"advanced_seo_description":"","jetpack_seo_html_title":"","jetpack_seo_noindex":false,"_jetpack_memberships_contains_paid_content":false,"footnotes":""},"categories":[40,65],"tags":[],"class_list":{"0":"post-74886","1":"post","2":"type-post","3":"status-publish","4":"format-standard","5":"has-post-thumbnail","7":"category-destaques","8":"category-pontal-do-parana"},"jetpack_featured_media_url":"https:\/\/www.paranapraia.com.br\/wp-content\/uploads\/2025\/12\/IMG-20251210-WA0038.jpg","jetpack_sharing_enabled":true,"_links":{"self":[{"href":"https:\/\/www.paranapraia.com.br\/index.php\/wp-json\/wp\/v2\/posts\/74886"}],"collection":[{"href":"https:\/\/www.paranapraia.com.br\/index.php\/wp-json\/wp\/v2\/posts"}],"about":[{"href":"https:\/\/www.paranapraia.com.br\/index.php\/wp-json\/wp\/v2\/types\/post"}],"author":[{"embeddable":true,"href":"https:\/\/www.paranapraia.com.br\/index.php\/wp-json\/wp\/v2\/users\/2"}],"replies":[{"embeddable":true,"href":"https:\/\/www.paranapraia.com.br\/index.php\/wp-json\/wp\/v2\/comments?post=74886"}],"version-history":[{"count":1,"href":"https:\/\/www.paranapraia.com.br\/index.php\/wp-json\/wp\/v2\/posts\/74886\/revisions"}],"predecessor-version":[{"id":74888,"href":"https:\/\/www.paranapraia.com.br\/index.php\/wp-json\/wp\/v2\/posts\/74886\/revisions\/74888"}],"wp:featuredmedia":[{"embeddable":true,"href":"https:\/\/www.paranapraia.com.br\/index.php\/wp-json\/wp\/v2\/media\/74887"}],"wp:attachment":[{"href":"https:\/\/www.paranapraia.com.br\/index.php\/wp-json\/wp\/v2\/media?parent=74886"}],"wp:term":[{"taxonomy":"category","embeddable":true,"href":"https:\/\/www.paranapraia.com.br\/index.php\/wp-json\/wp\/v2\/categories?post=74886"},{"taxonomy":"post_tag","embeddable":true,"href":"https:\/\/www.paranapraia.com.br\/index.php\/wp-json\/wp\/v2\/tags?post=74886"}],"curies":[{"name":"wp","href":"https:\/\/api.w.org\/{rel}","templated":true}]}}