{"id":74879,"date":"2025-12-10T10:54:16","date_gmt":"2025-12-10T13:54:16","guid":{"rendered":"https:\/\/www.paranapraia.com.br\/?p=74879"},"modified":"2025-12-10T10:54:18","modified_gmt":"2025-12-10T13:54:18","slug":"paranagua-recebe-espetaculo-de-projecao-mapeada-no-mae-neste-fim-de-semana-no-natal-para-todos","status":"publish","type":"post","link":"https:\/\/www.paranapraia.com.br\/index.php\/2025\/12\/10\/paranagua-recebe-espetaculo-de-projecao-mapeada-no-mae-neste-fim-de-semana-no-natal-para-todos\/","title":{"rendered":"Paranagu\u00e1 recebe espet\u00e1culo de proje\u00e7\u00e3o mapeada no MAE neste fim de semana no \u201cNatal para Todos\u201d"},"content":{"rendered":"\n<p>Paranagu\u00e1 ter\u00e1 duas noites de magia, mem\u00f3ria e valoriza\u00e7\u00e3o cultural nesta sexta-feira e s\u00e1bado, dias 12 e 13 de dezembro, com a nova edi\u00e7\u00e3o do \u201cNatal em Paranagu\u00e1\u201d, projeto que traz ao munic\u00edpio apresenta\u00e7\u00f5es art\u00edsticas e um espet\u00e1culo exclusivo de proje\u00e7\u00e3o mapeada com tem\u00e1tica natalina. As apresenta\u00e7\u00f5es come\u00e7am \u00e0s 19h30, na Pra\u00e7a de Eventos do Centro Hist\u00f3rico, e integram a programa\u00e7\u00e3o oficial do \u201cNatal para Todos\u201d, promovido pela Prefeitura de Paranagu\u00e1.<\/p>\n\n\n\n<p>Neste ano, as proje\u00e7\u00f5es ganhar\u00e3o um cen\u00e1rio hist\u00f3rico: as paredes externas do Museu de Arqueologia e Etnologia de Paranagu\u00e1 (MAE-UFPR), antigo Col\u00e9gio dos Jesu\u00edtas, reconhecido como um dos pr\u00e9dios mais importantes do patrim\u00f4nio arquitet\u00f4nico paranaense. O projeto apresenta o espet\u00e1culo \u201cA Lenda do Globo de Natal\u201d, desenvolvido especialmente para a cidade.<\/p>\n\n\n\n<p><strong>Um espet\u00e1culo original que transforma o Natal em experi\u00eancia sensorial<\/strong><\/p>\n\n\n\n<p>A narrativa acompanha um Aviador, uma Boneca de Pano, um Floquinho e um Boneco de Neve de Pl\u00e1stico, personagens que vivem dentro de uma antiga caixa de brinquedos e descobrem, juntos, que cada pessoa guarda um modo pr\u00f3prio de celebrar o Natal. \u00c0 medida que tentam montar o \u201cNatal perfeito\u201d, uma antiga lenda ressurge no c\u00e9u e transforma o dia quente do Litoral do Paran\u00e1 em um momento de encanto inesperado.<\/p>\n\n\n\n<p>Entre risos, desejos e bolhas brilhando como neve, os personagens entendem que o Natal nasce do cora\u00e7\u00e3o e \u00e9 carregado de significados \u00fanicos &#8211; mensagem que guia toda a apresenta\u00e7\u00e3o criada exclusivamente para o p\u00fablico parnanguara.<\/p>\n\n\n\n<p>Ap\u00f3s o espet\u00e1culo, \u00e0s 20h30, o Grupo de Fandango Mestre Eug\u00eanio sobe ao palco com um show especial de fim de ano, reafirmando a tradi\u00e7\u00e3o cai\u00e7ara e aproximando ainda mais o p\u00fablico da cultura local.<\/p>\n\n\n\n<p><strong>Proje\u00e7\u00e3o no MAE-UFPR destaca patrim\u00f4nio hist\u00f3rico de Paranagu\u00e1<\/strong><\/p>\n\n\n\n<p>A iniciativa tamb\u00e9m tem como objetivo valorizar o edif\u00edcio do MAE-UFPR, cuja constru\u00e7\u00e3o se estendeu por cerca de 60 anos. A ocupa\u00e7\u00e3o definitiva ocorreu em 1754, e o col\u00e9gio foi fundado oficialmente em 1755. Trata-se da maior institui\u00e7\u00e3o de ensino constru\u00edda pelos Jesu\u00edtas no sul, antes de sua expuls\u00e3o pelo Marqu\u00eas de Pombal. Tombado pelo patrim\u00f4nio nacional em 1938 e pelo Estado em 1972, o pr\u00e9dio representa um marco hist\u00f3rico para o Paran\u00e1 e para o pa\u00eds.<\/p>\n\n\n\n<p>O secret\u00e1rio municipal de Cultura e Turismo, Jos\u00e9 Reis de Freitas Neto, o Juca, destaca que o espet\u00e1culo une arte, tecnologia e mem\u00f3ria em um mesmo espa\u00e7o simb\u00f3lico para a cidade. \u201cQuando projetamos luz, movimento e poesia nas paredes do MAE, estamos projetando tamb\u00e9m a hist\u00f3ria de Paranagu\u00e1. O \u2018Natal em Paranagu\u00e1\u2019 refor\u00e7a nosso compromisso de aproximar as fam\u00edlias da cultura local e de valorizar os espa\u00e7os que fazem parte da identidade parnanguara. Queremos que cada pessoa se sinta pertencente a esse momento de celebra\u00e7\u00e3o\u201d, afirmou.<\/p>\n\n\n\n<p><strong>Popula\u00e7\u00e3o poder\u00e1 enviar fotos para serem projetadas no Museu<\/strong><\/p>\n\n\n\n<p>Como forma de envolver diretamente a comunidade e homenagear as fam\u00edlias da cidade, o p\u00fablico poder\u00e1 enviar fotos pessoais, que ser\u00e3o integradas \u00e0s proje\u00e7\u00f5es no MAE-UFPR durante o espet\u00e1culo. A proposta busca estimular o sentimento de pertencimento ao \u201cNatal para Todos\u201d, refor\u00e7ando valores como uni\u00e3o, afeto e reflex\u00e3o.<\/p>\n\n\n\n<p>Para participar, basta enviar uma foto em boa qualidade, no formato documento,&nbsp;<a href=\"https:\/\/forms.gle\/DhgEreBHAmTwibUn7\" target=\"_blank\" rel=\"noreferrer noopener\">clicando aqui<\/a>. O prazo encerra na manh\u00e3 de 12 de dezembro. Depois do envio, os participantes poder\u00e3o conferir a imagem projetada em um dos dois dias do evento.<\/p>\n\n\n\n<p><strong>Realiza\u00e7\u00e3o<\/strong><\/p>\n\n\n\n<p>O \u201cNatal em Paranagu\u00e1 \u2013 A Lenda do Globo de Natal\u201d \u00e9 uma realiza\u00e7\u00e3o do Minist\u00e9rio da Cultura e do Governo do Brasil \u2013 Do Lado do Povo Brasileiro, apresentado pela Cattalini Terminais Mar\u00edtimos, Harbor Operadora Portu\u00e1ria, Master Opera\u00e7\u00f5es Portu\u00e1rias, Terin Terminais Inteligentes e Fertipar Fertilizantes, com apoio da Pasa \u2013 Paran\u00e1 Opera\u00e7\u00f5es Portu\u00e1rias S\/A.<\/p>\n\n\n\n<p>A a\u00e7\u00e3o integra a programa\u00e7\u00e3o do \u201cNatal para Todos\u201d da Prefeitura de Paranagu\u00e1. As apresenta\u00e7\u00f5es s\u00e3o gratuitas, livres para todos os p\u00fablicos e contar\u00e3o com int\u00e9rpretes de Libras.&nbsp;<\/p>\n\n\n\n<p>Assessoria <\/p>\n","protected":false},"excerpt":{"rendered":"<p>Paranagu\u00e1 ter\u00e1 duas noites de magia, mem\u00f3ria e valoriza\u00e7\u00e3o cultural nesta sexta-feira e s\u00e1bado, dias 12 e 13 de dezembro, com a nova edi\u00e7\u00e3o do \u201cNatal em Paranagu\u00e1\u201d, projeto que traz ao munic\u00edpio apresenta\u00e7\u00f5es art\u00edsticas e um espet\u00e1culo exclusivo de proje\u00e7\u00e3o mapeada com tem\u00e1tica natalina. As apresenta\u00e7\u00f5es come\u00e7am \u00e0s 19h30, na Pra\u00e7a de Eventos do [&hellip;]<\/p>\n","protected":false},"author":2,"featured_media":74880,"comment_status":"open","ping_status":"open","sticky":false,"template":"","format":"standard","meta":{"advanced_seo_description":"","jetpack_seo_html_title":"","jetpack_seo_noindex":false,"_jetpack_memberships_contains_paid_content":false,"footnotes":""},"categories":[40,77],"tags":[321],"class_list":{"0":"post-74879","1":"post","2":"type-post","3":"status-publish","4":"format-standard","5":"has-post-thumbnail","7":"category-destaques","8":"category-paranagua","9":"tag-paranagua"},"jetpack_featured_media_url":"https:\/\/www.paranapraia.com.br\/wp-content\/uploads\/2025\/12\/thumb-28.jpeg","jetpack_sharing_enabled":true,"_links":{"self":[{"href":"https:\/\/www.paranapraia.com.br\/index.php\/wp-json\/wp\/v2\/posts\/74879"}],"collection":[{"href":"https:\/\/www.paranapraia.com.br\/index.php\/wp-json\/wp\/v2\/posts"}],"about":[{"href":"https:\/\/www.paranapraia.com.br\/index.php\/wp-json\/wp\/v2\/types\/post"}],"author":[{"embeddable":true,"href":"https:\/\/www.paranapraia.com.br\/index.php\/wp-json\/wp\/v2\/users\/2"}],"replies":[{"embeddable":true,"href":"https:\/\/www.paranapraia.com.br\/index.php\/wp-json\/wp\/v2\/comments?post=74879"}],"version-history":[{"count":1,"href":"https:\/\/www.paranapraia.com.br\/index.php\/wp-json\/wp\/v2\/posts\/74879\/revisions"}],"predecessor-version":[{"id":74881,"href":"https:\/\/www.paranapraia.com.br\/index.php\/wp-json\/wp\/v2\/posts\/74879\/revisions\/74881"}],"wp:featuredmedia":[{"embeddable":true,"href":"https:\/\/www.paranapraia.com.br\/index.php\/wp-json\/wp\/v2\/media\/74880"}],"wp:attachment":[{"href":"https:\/\/www.paranapraia.com.br\/index.php\/wp-json\/wp\/v2\/media?parent=74879"}],"wp:term":[{"taxonomy":"category","embeddable":true,"href":"https:\/\/www.paranapraia.com.br\/index.php\/wp-json\/wp\/v2\/categories?post=74879"},{"taxonomy":"post_tag","embeddable":true,"href":"https:\/\/www.paranapraia.com.br\/index.php\/wp-json\/wp\/v2\/tags?post=74879"}],"curies":[{"name":"wp","href":"https:\/\/api.w.org\/{rel}","templated":true}]}}