{"id":74871,"date":"2025-12-09T12:25:39","date_gmt":"2025-12-09T15:25:39","guid":{"rendered":"https:\/\/www.paranapraia.com.br\/?p=74871"},"modified":"2025-12-09T12:25:42","modified_gmt":"2025-12-09T15:25:42","slug":"com-aliquota-de-19-e-desconto-a-vista-fazenda-divulga-datas-do-ipva-2026","status":"publish","type":"post","link":"https:\/\/www.paranapraia.com.br\/index.php\/2025\/12\/09\/com-aliquota-de-19-e-desconto-a-vista-fazenda-divulga-datas-do-ipva-2026\/","title":{"rendered":"Com al\u00edquota de 1,9% e desconto \u00e0 vista, Fazenda divulga datas do IPVA 2026"},"content":{"rendered":"\n<p>A Secretaria de Estado da Fazenda (Sefa) publicou nesta ter\u00e7a-feira (09) o calend\u00e1rio do Imposto sobre a Propriedade de Ve\u00edculos Automotores (IPVA) 2026. O principal destaque para o pr\u00f3ximo ano \u00e9 justamente a redu\u00e7\u00e3o de 45,7% no valor do tributo para a maior parte dos motoristas. Com isso, a al\u00edquota passa a ser de 1,9% do valor venal dos ve\u00edculos \u2014 o que coloca o Paran\u00e1 como um dos menores IPVAs do Brasil.&nbsp;<\/p>\n\n\n\n<p>Os prazos para o pagamento da parcela \u00fanica ou da primeira cota foram fixados entre 9 e 15 de janeiro de 2026, a depender do n\u00famero final da placa do ve\u00edculo. As guias de pagamento poder\u00e3o ser emitidas a partir de janeiro.<\/p>\n\n\n\n<p>Assim como aconteceu nos \u00faltimos anos, quem optar pelo pagamento do imposto \u00e0 vista ter\u00e1 um desconto de 6% do valor total \u2014 o que pode fazer com que a redu\u00e7\u00e3o em compara\u00e7\u00e3o com o IPVA 2025 chegue a quase 50%.<\/p>\n\n\n\n<p>Dessa forma, um carro popular avaliado em R$ 50 mil e que pagou R$ 1.750 de IPVA em 2025, por exemplo, pagar\u00e1 somente R$ 950 em 2026 gra\u00e7as \u00e0 nova al\u00edquota de 1,9%. Com o pagamento \u00e0 vista, o valor total fica ainda menor: apenas R$ 893. De acordo com a Receita Estadual, mais de 68% dos ve\u00edculos paranaenses est\u00e3o dentro dessa faixa de valor.<\/p>\n\n\n\n<p>Para quem optar pelo parcelamento poder\u00e1 pagar o tributo em cinco quotas iguais,&nbsp;divididas entre janeiro e maio&nbsp;\u2014 neste caso, sem o desconto de 6%. De acordo com o calend\u00e1rio, os vencimentos est\u00e3o todos agendados para a segunda semana de cada m\u00eas. A escolha das datas se deu justamente para evitar que coincidissem com os feriados de Carnaval, P\u00e1scoa e Tiradentes.<\/p>\n\n\n\n<p>A Receita Estadual estima arrecadar R$ 4,6 bilh\u00f5es com o IPVA 2026, com o tributo incidindo sobre uma frota de aproximadamente 4,1 milh\u00f5es de ve\u00edculos no Paran\u00e1.<\/p>\n\n\n\n<p>A nova al\u00edquota de 1,9% \u00e9 v\u00e1lida para autom\u00f3veis, motocicletas acima de 170 cilindradas, caminhonetes, camionetas, ciclomotores, motonetas, utilit\u00e1rios, motorhomes, triciclos, quadriciclos e caminh\u00f5es-tratores.&nbsp;<\/p>\n\n\n\n<p><strong>NORMAS<\/strong>&nbsp;\u2013 A al\u00edquota de 1,9% do IPVA 2026 incide sobre o valor venal de autom\u00f3veis, motocicletas acima de 170 cilindradas, caminhonetes, camionetas, ciclomotores, motonetas, utilit\u00e1rios, motorhomes, triciclos, quadriciclos e caminh\u00f5es-tratores.&nbsp;<\/p>\n\n\n\n<p>Al\u00e9m disso, as motocicletas de at\u00e9 170 cilindradas continuam isentas do imposto, mantendo a pol\u00edtica adotada no IPVA 2025. J\u00e1 \u00f4nibus, caminh\u00f5es, ve\u00edculos de aluguel ou movidos a g\u00e1s natural veicular (GNV) s\u00e3o tributados em 1%. Atualmente, cerca de 36 mil ve\u00edculos leves j\u00e1 utilizam GNV no Paran\u00e1. A convers\u00e3o deve ser feita exclusivamente em oficinas credenciadas pelo Instituto Nacional de Metrologia, Qualidade e Tecnologia (Inmetro). No&nbsp;<strong><a href=\"https:\/\/www.compagas.com.br\/solucao-veiculos-leves.html\" target=\"_blank\" rel=\"noreferrer noopener\">site da Compagas<\/a><\/strong>&nbsp;\u00e9 poss\u00edvel conferir a lista de oficinas aptas a realizar a convers\u00e3o.<\/p>\n\n\n\n<p><strong>IPVA<\/strong>&nbsp;\u2013 O IPVA \u00e9 uma das principais fontes de arrecada\u00e7\u00e3o tribut\u00e1ria do Paran\u00e1, ficando atr\u00e1s apenas do Imposto sobre Circula\u00e7\u00e3o de Mercadorias e Servi\u00e7os de Transporte Interestadual e Intermunicipal e de Comunica\u00e7\u00e3o (ICMS). O Estado destina 50% do valor arrecadado com o imposto para custear os gastos p\u00fablicos, como educa\u00e7\u00e3o, sa\u00fade, seguran\u00e7a e transporte dos munic\u00edpios.<\/p>\n\n\n\n<p><strong>Confira o calend\u00e1rio de vencimento do IPVA 2026:<\/strong><\/p>\n\n\n\n<p><strong>FINAL DE PLACA&nbsp;<\/strong>&#8211; prazo de pagamento da quota \u00fanica com desconto de 6%<\/p>\n\n\n\n<p>1 e 2 &#8211; 09\/01\/2026<\/p>\n\n\n\n<p>3 e 4 &#8211; 12\/01\/2026<\/p>\n\n\n\n<p>5 e 6 &#8211; 13\/01\/2026<\/p>\n\n\n\n<p>7 e 8 &#8211; 14\/01\/2026<\/p>\n\n\n\n<p>9 e 0 &#8211; 15\/01\/2026<\/p>\n\n\n\n<p><strong>FINAL DE PLACA&nbsp;<\/strong>&#8211; cinco parcelas<\/p>\n\n\n\n<p>1 e 2 &#8211; 09\/01, 09\/02, 09\/03, 09\/04, 11\/05<\/p>\n\n\n\n<p>3 e 4 &#8211; 12\/01, 10\/02, 10\/03, 10\/04, 12\/05<\/p>\n\n\n\n<p>5 e 6 &#8211; 13\/01, 11\/02\/ 11\/03, 13\/04, 13\/05<\/p>\n\n\n\n<p>7 e 8 &#8211; 14\/01, 12\/02, 12\/03, 14\/04, 14\/05<\/p>\n\n\n\n<p>9 e 0 &#8211; 15\/01, 13\/02, 13\/03, 15\/04, 15\/05<\/p>\n\n\n\n<p>AEN\/PR<\/p>\n","protected":false},"excerpt":{"rendered":"<p>A Secretaria de Estado da Fazenda (Sefa) publicou nesta ter\u00e7a-feira (09) o calend\u00e1rio do Imposto sobre a Propriedade de Ve\u00edculos Automotores (IPVA) 2026. O principal destaque para o pr\u00f3ximo ano \u00e9 justamente a redu\u00e7\u00e3o de 45,7% no valor do tributo para a maior parte dos motoristas. Com isso, a al\u00edquota passa a ser de 1,9% [&hellip;]<\/p>\n","protected":false},"author":2,"featured_media":74872,"comment_status":"open","ping_status":"open","sticky":false,"template":"","format":"standard","meta":{"advanced_seo_description":"","jetpack_seo_html_title":"","jetpack_seo_noindex":false,"_jetpack_memberships_contains_paid_content":false,"footnotes":""},"categories":[40],"tags":[],"class_list":{"0":"post-74871","1":"post","2":"type-post","3":"status-publish","4":"format-standard","5":"has-post-thumbnail","7":"category-destaques"},"jetpack_featured_media_url":"https:\/\/www.paranapraia.com.br\/wp-content\/uploads\/2025\/12\/br476_prox_petrobras_foto_rdziura-0207.jpg","jetpack_sharing_enabled":true,"_links":{"self":[{"href":"https:\/\/www.paranapraia.com.br\/index.php\/wp-json\/wp\/v2\/posts\/74871"}],"collection":[{"href":"https:\/\/www.paranapraia.com.br\/index.php\/wp-json\/wp\/v2\/posts"}],"about":[{"href":"https:\/\/www.paranapraia.com.br\/index.php\/wp-json\/wp\/v2\/types\/post"}],"author":[{"embeddable":true,"href":"https:\/\/www.paranapraia.com.br\/index.php\/wp-json\/wp\/v2\/users\/2"}],"replies":[{"embeddable":true,"href":"https:\/\/www.paranapraia.com.br\/index.php\/wp-json\/wp\/v2\/comments?post=74871"}],"version-history":[{"count":1,"href":"https:\/\/www.paranapraia.com.br\/index.php\/wp-json\/wp\/v2\/posts\/74871\/revisions"}],"predecessor-version":[{"id":74873,"href":"https:\/\/www.paranapraia.com.br\/index.php\/wp-json\/wp\/v2\/posts\/74871\/revisions\/74873"}],"wp:featuredmedia":[{"embeddable":true,"href":"https:\/\/www.paranapraia.com.br\/index.php\/wp-json\/wp\/v2\/media\/74872"}],"wp:attachment":[{"href":"https:\/\/www.paranapraia.com.br\/index.php\/wp-json\/wp\/v2\/media?parent=74871"}],"wp:term":[{"taxonomy":"category","embeddable":true,"href":"https:\/\/www.paranapraia.com.br\/index.php\/wp-json\/wp\/v2\/categories?post=74871"},{"taxonomy":"post_tag","embeddable":true,"href":"https:\/\/www.paranapraia.com.br\/index.php\/wp-json\/wp\/v2\/tags?post=74871"}],"curies":[{"name":"wp","href":"https:\/\/api.w.org\/{rel}","templated":true}]}}