{"id":74868,"date":"2025-12-09T12:22:58","date_gmt":"2025-12-09T15:22:58","guid":{"rendered":"https:\/\/www.paranapraia.com.br\/?p=74868"},"modified":"2025-12-09T12:23:00","modified_gmt":"2025-12-09T15:23:00","slug":"hemepar-alerta-para-aumento-de-acidentes-e-queda-de-doacoes-de-sangue-no-fim-de-ano","status":"publish","type":"post","link":"https:\/\/www.paranapraia.com.br\/index.php\/2025\/12\/09\/hemepar-alerta-para-aumento-de-acidentes-e-queda-de-doacoes-de-sangue-no-fim-de-ano\/","title":{"rendered":"Hemepar alerta para aumento de acidentes e queda de doa\u00e7\u00f5es de sangue no fim de ano"},"content":{"rendered":"\n<p>O movimento nas estradas gerado pelo per\u00edodo de f\u00e9rias e festas de fim de ano reflete nas estradas com o aumento do n\u00famero de acidentes. Al\u00e9m do impacto na vida das pessoas e fam\u00edlias atingidas, eles tamb\u00e9m ampliam a necessidade de sangue nas unidades hospitalares para atender os feridos. Al\u00e9m da maior demanda por sangue, o Hemepar enfrenta uma queda em doa\u00e7\u00f5es de at\u00e9 30% nesta \u00e9poca, reduzindo os estoques.&nbsp;<\/p>\n\n\n\n<p>O Hemepar atende 384 hospitais no Paran\u00e1 e 96,6% dos leitos SUS do Estado. Todos os dias s\u00e3o enviados 700 hemocomponentes para os hospitais, que dependem do material para os atendimentos.&nbsp;O quantitativo neste come\u00e7o do m\u00eas de dezembro ainda est\u00e1 est\u00e1vel, mas a proximidade das festividades j\u00e1 preocupa. As maiores necessidades s\u00e3o sempre para O positivo e O negativo.<\/p>\n\n\n\n<p>O secret\u00e1rio de estado da Sa\u00fade, Beto Preto, lembra que, al\u00e9m das v\u00edtimas de acidentes, pacientes em tratamento de c\u00e2ncer e pessoas com doen\u00e7as hematol\u00f3gicas cr\u00f4nicas, como a anemia falciforme e talassemias, podem ser impactadas pelas baixas nos estoques. Muitas delas precisam da transfus\u00e3o de sangue a cada 20 dias, e a falta pode interromper tratamentos vitais.<\/p>\n\n\n\n<p>\u201cAl\u00e9m da necessidade de sangue para grandes procedimentos cir\u00fargicos e atender pessoas feridas, milhares de pessoas no Paran\u00e1 precisam de transfus\u00f5es regularmente para viver. A doa\u00e7\u00e3o de sangue tamb\u00e9m garante o suporte para quem n\u00e3o pode interromper uma transfus\u00e3o mesmo durante feriados\u201d, disse.<\/p>\n\n\n\n<p>A import\u00e2ncia da doa\u00e7\u00e3o vai al\u00e9m dos hospitais, pois parte do sangue coletado \u00e9 fracionado em hem\u00e1cias, plaquetas e plasma, que ajudam pessoas e tamb\u00e9m na produ\u00e7\u00e3o de medicamentos. No entanto, elas t\u00eam prazos de validade curtos e precisam de reposi\u00e7\u00e3o constante.<\/p>\n\n\n\n<p>O n\u00famero de doa\u00e7\u00f5es no Paran\u00e1 \u00e9 considerado bastante significativo por todo ano e cresce anualmente. Em 2025, de janeiro at\u00e9 o in\u00edcio do m\u00eas de dezembro, foram de 232.039 doadores de sangue no Estado.<\/p>\n\n\n\n<p>\u201cO paranaense sempre foi muito solid\u00e1rio. Nossa comunidade se ajuda, como vimos recentemente ap\u00f3s o tornado em Rio Bonito, que destruiu a cidade. Agora \u00e9 a hora de refor\u00e7ar essa solidariedade para que o sangue n\u00e3o acabe e todos possam ser atendidos\u201d, afirmou Beto Preto.<\/p>\n\n\n\n<p><strong>QUEM PODE DOAR&nbsp;<\/strong>\u2013 Para doar \u00e9 necess\u00e1rio ter entre 16 e 69 anos completos. Menores de idade necessitam de autoriza\u00e7\u00e3o e presen\u00e7a do respons\u00e1vel legal. Os homens podem doar a cada dois meses, no m\u00e1ximo quatro vezes ao ano. As mulheres, a cada tr\u00eas meses, num total de tr\u00eas doa\u00e7\u00f5es ao ano.<\/p>\n\n\n\n<p>O doador deve pesar no m\u00ednimo 51 quilos, estar descansado, alimentado e hidratado (evitar alimenta\u00e7\u00e3o gordurosa nas quatro horas que antecedem a doa\u00e7\u00e3o) e apresentar documento oficial com foto (carteira de identidade, carteira do conselho profissional, carteira de trabalho, passaporte ou carteira nacional de habilita\u00e7\u00e3o). O sangue retirado de um doador \u00e9 reposto rapidamente pelo organismo e n\u00e3o causa nenhum preju\u00edzo \u00e0 sua sa\u00fade.<\/p>\n\n\n\n<p>Em algumas cidades, \u00e9 preciso agendar a doa\u00e7\u00e3o de sangue. Em outras, a doa\u00e7\u00e3o \u00e9 feita por ordem de chegada.<\/p>\n\n\n\n<p><strong>Veja onde doar sangue:<\/strong><\/p>\n\n\n\n<p><strong>Curitiba<\/strong><\/p>\n\n\n\n<p>Hemocentro Coordenador &#8211; Hemepar Curitiba \u2013 2\u00aa Regional de Sa\u00fade<\/p>\n\n\n\n<p>Travessa Jo\u00e3o Prosd\u00f3cimo, 145, Alto da XV<\/p>\n\n\n\n<p>Atendimento ao doador: com prioridade por&nbsp;agendamento da doa\u00e7\u00e3o&nbsp;<strong><a href=\"https:\/\/www.agendamento.pr.gov.br\/age\/pages\/publico\/agendarservico\/escolhaServico.jsf?dswid=2665\" target=\"_blank\" rel=\"noreferrer noopener\">via internet<\/a><\/strong>&nbsp;e tamb\u00e9m sem agendamento com senha entregue at\u00e9 as 17h, conforme a capacidade t\u00e9cnica do servi\u00e7o.<\/p>\n\n\n\n<p>Hor\u00e1rio de coleta: Segunda a s\u00e1bado, das 7h30 \u00e0s 18h<\/p>\n\n\n\n<p>Hemon\u00facleo &#8211; Biobanco do Hospital de Cl\u00ednicas da UFPR &#8211; 2\u00aa Regional de Sa\u00fade<\/p>\n\n\n\n<p>Rua: Agostinho de Le\u00e3o Junior, 108, Alto da Gl\u00f3ria (Anexo ao Hospital de Cl\u00ednicas)<\/p>\n\n\n\n<p>*Atendimento ao doador:* com prioridade por&nbsp;agendamento da doa\u00e7\u00e3o&nbsp;<strong><a href=\"https:\/\/doador.biobanco.hc.ufpr.br\/PrototipoBiobanco\/\" target=\"_blank\" rel=\"noreferrer noopener\">via internet<\/a><\/strong>&nbsp;e tamb\u00e9m atendimento sem agendamento por ordem de chegada, conforme a capacidade t\u00e9cnica do servi\u00e7o<\/p>\n\n\n\n<p>Hor\u00e1rio de coleta: Segunda a sexta-feira, das 7h30 \u00e0s 17h30<\/p>\n\n\n\n<p>S\u00e1bado: das 7h30 \u00e0s 12h30<\/p>\n\n\n\n<p><strong>Apucarana<\/strong><\/p>\n\n\n\n<p>Hemon\u00facleo de Apucarana \u2013 16\u00aa Regional de Sa\u00fade<\/p>\n\n\n\n<p>Rua Ant\u00f4nio Ostrensk, 3, Centro<\/p>\n\n\n\n<p>Atendimento ao doador: por ordem de&nbsp;agendamento da doa\u00e7\u00e3o&nbsp;<strong><a href=\"https:\/\/www.agendamento.pr.gov.br\/age\/pages\/publico\/agendarservico\/escolhaServico.jsf?dswid=-4506\" target=\"_blank\" rel=\"noreferrer noopener\">via internet<\/a><\/strong>&nbsp;ou pelo telefone (43) 3420-4200 ou WhatsApp (43) 3420-4213<\/p>\n\n\n\n<p>Hor\u00e1rio de coleta: Segunda-feira, das 8h \u00e0s 10h e das 12h \u00e0s 18h30<\/p>\n\n\n\n<p>Ter\u00e7a-feira: coleta externa. N\u00e3o atende no local<\/p>\n\n\n\n<p>Quarta-feira: das 8h30 \u00e0s 11h&nbsp; e das 13h \u00e0s 16h<\/p>\n\n\n\n<p>Quinta-feira: das&nbsp; 8h30 \u00e0s 11h<\/p>\n\n\n\n<p>Sexta-feira: das 8h30 \u00e0s 11h e das 13h30 \u00e0s 16h<\/p>\n\n\n\n<p><strong>Campo Mour\u00e3o<\/strong><\/p>\n\n\n\n<p>Hemon\u00facleo de Campo Mour\u00e3o \u2013 11\u00aa Regional de Sa\u00fade<\/p>\n\n\n\n<p>Rua Mambor\u00ea, 1500, Centro<\/p>\n\n\n\n<p>Atendimento ao doador: por ordem de&nbsp;agendamento da doa\u00e7\u00e3o&nbsp;<strong><a href=\"https:\/\/www.agendamento.pr.gov.br\/age\/pages\/publico\/agendarservico\/escolhaServico.jsf?dswid=-8008\" target=\"_blank\" rel=\"noreferrer noopener\">via internet<\/a><\/strong>&nbsp;ou pelo WhatsApp (44) 99878 3811<\/p>\n\n\n\n<p>Hor\u00e1rio de coleta: Segunda a Sexta-feira, das 8h30 \u00e0s 10h30 e das 13h \u00e0s 15h30<\/p>\n\n\n\n<p><strong>Cascavel<\/strong><\/p>\n\n\n\n<p>Hemocentro Regional de Cascavel \u2013 10\u00aa Regional de Sa\u00fade<\/p>\n\n\n\n<p>Rua Avaet\u00e9s, 370, Santo Onofre<\/p>\n\n\n\n<p>Atendimento ao doador: por ordem de&nbsp;agendamento da doa\u00e7\u00e3o&nbsp;<strong><a href=\"https:\/\/www.agendamento.pr.gov.br\/age\/pages\/publico\/agendarservico\/escolhaServico.jsf?dswid=9949\" target=\"_blank\" rel=\"noreferrer noopener\">via internet<\/a><\/strong>&nbsp;ou pelo telefone (45) 3226-4549<\/p>\n\n\n\n<p>Hor\u00e1rio de coleta: Segunda a s\u00e1bado, das 7h30 \u00e0s 18h30<\/p>\n\n\n\n<p><strong>Cianorte<\/strong><\/p>\n\n\n\n<p>Unidade de Coleta e Transfus\u00e3o (UCT) de Cianorte \u2013 13\u00aa Regional de Sa\u00fade<\/p>\n\n\n\n<p>Av. Santa Catarina, 423, Centro, Zona 1<\/p>\n\n\n\n<p>Hor\u00e1rio de coleta: Segunda a quinta-Feira, das 7h30 \u00e0s 11h e das 13h \u00e0s 16h<\/p>\n\n\n\n<p>Sexta-feira: das 7h30 \u00e0s 11h<\/p>\n\n\n\n<p><strong>Corn\u00e9lio Proc\u00f3pio<\/strong><\/p>\n\n\n\n<p>Unidade de Coleta e Transfus\u00e3o (UCT) Corn\u00e9lio Proc\u00f3pio \u2013 18\u00aa Regional de Sa\u00fade<\/p>\n\n\n\n<p>Rua Justino Marques Bonfim, 27 &#8211;&nbsp; Bairro Vitor Dantas<\/p>\n\n\n\n<p>Atendimento ao doador: por ordem de agendamento da doa\u00e7\u00e3o pelo telefone (43) 3520-3503 ou WhatsApp (43) 98864-5917,e tamb\u00e9m atendimento sem agendamento por ordem de chegada, conforme a capacidade t\u00e9cnica do servi\u00e7o<\/p>\n\n\n\n<p>Hor\u00e1rio de coleta: Segunda a sexta-feira, das 7h30 \u00e0s 10h50<\/p>\n\n\n\n<p><strong>Foz do Igua\u00e7u<\/strong><\/p>\n\n\n\n<p>Hemon\u00facleo de Foz do Igua\u00e7u \u2013 9\u00aa Regional de Sa\u00fade<\/p>\n\n\n\n<p>Avenida Gramado, 364, Vila A<\/p>\n\n\n\n<p>Hor\u00e1rio de coleta: Segunda a sexta-feira, das 8h \u00e0s 12h e das 13h \u00e0s 17h<\/p>\n\n\n\n<p>S\u00e1bado, das 7h30 \u00e0s 12h<\/p>\n\n\n\n<p><strong>Francisco Beltr\u00e3o<\/strong><\/p>\n\n\n\n<p>Hemon\u00facleo de Francisco Beltr\u00e3o \u2013 8\u00aa Regional de Sa\u00fade<\/p>\n\n\n\n<p>Rua Mar\u00edlia, 1327 &#8211; Bairro Entre Rios<\/p>\n\n\n\n<p>Atendimento ao doador: por ordem de&nbsp;agendamento da doa\u00e7\u00e3o&nbsp;<strong><a href=\"https:\/\/www.agendamento.pr.gov.br\/age\/pages\/publico\/agendarservico\/escolhaServico.jsf?dswid=3929\" target=\"_blank\" rel=\"noreferrer noopener\">via internet<\/a><\/strong>&nbsp;ou pelo telefone (46) 3211-3650<\/p>\n\n\n\n<p>Hor\u00e1rio de coleta: Segunda a sexta-feira, das 08h \u00e0s 11h e das 13h \u00e0s 15h30.<\/p>\n\n\n\n<p><strong>Guarapuava<\/strong><\/p>\n\n\n\n<p>Hemocentro Regional (HR) de Guarapuava \u2013 5\u00aa Regional de Sa\u00fade<\/p>\n\n\n\n<p>Rua Afonso Botelho, 134<\/p>\n\n\n\n<p>Atendimento ao doador: por ordem de agendamento pelo WhatsApp (42) 98878-6311<\/p>\n\n\n\n<p>Hor\u00e1rio de coleta: Segunda a sexta-feira, das 7h30 \u00e0s 11h e das 12h30 \u00e0s 13h30<\/p>\n\n\n\n<p><strong>Irati<\/strong><\/p>\n\n\n\n<p>Unidade de Coleta e Transfus\u00e3o (UCT) de Irati \u2013 4\u00aa Regional de Sa\u00fade<\/p>\n\n\n\n<p>Rua Coronel Gracia, 761, Centro<\/p>\n\n\n\n<p>Atendimento ao doador: por ordem de&nbsp;agendamento da doa\u00e7\u00e3o&nbsp;<strong><a href=\"https:\/\/www.agendamento.pr.gov.br\/age\/pages\/publico\/agendarservico\/escolhaServico.jsf?dswid=-4801\" target=\"_blank\" rel=\"noreferrer noopener\">via internet<\/a><\/strong>&nbsp;ou pelo WhatsApp (42) 3422-6240<\/p>\n\n\n\n<p>Hor\u00e1rio de coleta: Segunda, Quarta e sexta-feira: das 13h \u00e0s 15h30<\/p>\n\n\n\n<p>Ter\u00e7a e quinta-feira: das 8h \u00e0s 10h30<\/p>\n\n\n\n<p><strong>Jacarezinho<\/strong><\/p>\n\n\n\n<p>Unidade de Coleta e Transfus\u00e3o (UCT) Jacarezinho \u2013 19\u00aa Regional de Sa\u00fade<\/p>\n\n\n\n<p>Rua Coronel Cec\u00edlio Rocha, 425, Centro<\/p>\n\n\n\n<p>Atendimento ao doador: por ordem de chegada<\/p>\n\n\n\n<p>Hor\u00e1rio de coleta: Segunda a quinta-feira, das 13h \u00e0s 16h30<\/p>\n\n\n\n<p>Sexta-feira: das 8h \u00e0s 11:30<\/p>\n\n\n\n<p><strong>Londrina<\/strong><\/p>\n\n\n\n<p>Hemocentro Regional (HR) de Londrina \u2013 17\u00aa Regional de Sa\u00fade<\/p>\n\n\n\n<p>Rua Claudio Donizeti Cavalliere, 156,&nbsp; Jardim Aruba. Anexo ao Hospital Universit\u00e1rio<\/p>\n\n\n\n<p>Atendimento ao doador: de segunda a sexta-feira atendimento por ordem de chegada (n\u00e3o \u00e9 necess\u00e1rio agendamento). Aos s\u00e1bados, necess\u00e1rio&nbsp;agendamento da doa\u00e7\u00e3o&nbsp;<a href=\"https:\/\/www.agendamento.pr.gov.br\/age\/pages\/publico\/agendarservico\/escolhaServico.jsf?dswid=-5138\" target=\"_blank\" rel=\"noreferrer noopener\">via internet<\/a>&nbsp;ou pelo WhatsApp (43) 99115-3927<\/p>\n\n\n\n<p>Segunda a sexta feira: das 8h \u00e0s 18h<\/p>\n\n\n\n<p>S\u00e1bado: das 8h \u00e0s 17h (necess\u00e1rio agendamento)<\/p>\n\n\n\n<p><strong>Maring\u00e1<\/strong><\/p>\n\n\n\n<p>Hemocentro Regional (HR) de Maring\u00e1 \u2013 15\u00aa Regional de Sa\u00fade<\/p>\n\n\n\n<p>Avenida Mandacaru, 1600, Jardim Laranjeiras (ao lado do Hospital Universit\u00e1rio)<\/p>\n\n\n\n<p>Atendimento ao doador:&nbsp;por ordem de chegada sem agendar. Pode ser realizado&nbsp;agendamento da doa\u00e7\u00e3o&nbsp;<strong><a href=\"https:\/\/www.agendamento.pr.gov.br\/age\/pages\/publico\/agendarservico\/escolhaServico.jsf?dswid=-8273\" target=\"_blank\" rel=\"noreferrer noopener\">via internet<\/a><\/strong>&nbsp;para reservar hor\u00e1rio<\/p>\n\n\n\n<p>Hor\u00e1rio de coleta:<\/p>\n\n\n\n<p>Segunda a sexta das 7h \u00e0s 18h<\/p>\n\n\n\n<p>S\u00e1bado das 7h \u00e0s 12h15<\/p>\n\n\n\n<p><strong>Paranagu\u00e1<\/strong><\/p>\n\n\n\n<p>Unidade de Coleta e Transfus\u00e3o (Uct) de Paranagu\u00e1 \u2013 1\u00aa Regional de Sa\u00fade<\/p>\n\n\n\n<p>Av. Gabriel de Lara, 481, Alto S\u00e3o Sebasti\u00e3o<\/p>\n\n\n\n<p>Atendimento ao doador:&nbsp;por ordem de&nbsp;agendamento da doa\u00e7\u00e3o&nbsp;<strong><a href=\"https:\/\/www.agendamento.pr.gov.br\/age\/pages\/publico\/agendarservico\/escolhaServico.jsf?dswid=4818\" target=\"_blank\" rel=\"noreferrer noopener\">via internet<\/a><\/strong>&nbsp;ou pelo telefone&nbsp;(41) 3420-6662&nbsp;ou pelo WhatsApp (41) 3420-6663<\/p>\n\n\n\n<p>Hor\u00e1rio de coleta: Segunda-feira: das 13h \u00e0s 16h<\/p>\n\n\n\n<p>Ter\u00e7a a&nbsp; quinta-feira: das 8h \u00e0s 11h e das 13h \u00e0s 16h<\/p>\n\n\n\n<p>Sexta-feira: das 8h \u00e0s 12h<\/p>\n\n\n\n<p><strong>Paranava\u00ed<\/strong><\/p>\n\n\n\n<p>Hemon\u00facleo (HN) de Paranava\u00ed \u2013 14\u00aa Regional de Sa\u00fade<\/p>\n\n\n\n<p>Rua Rua Rio Grande do Sul, 2490, Centro<\/p>\n\n\n\n<p>Atendimento ao doador:&nbsp;por ordem de&nbsp;agendamento da doa\u00e7\u00e3o&nbsp;<strong><a href=\"https:\/\/www.agendamento.pr.gov.br\/age\/pages\/publico\/agendarservico\/escolhaServico.jsf?dswid=-4465\" target=\"_blank\" rel=\"noreferrer noopener\">via internet<\/a><\/strong>&nbsp;ou pelos telefones (44) 3421-3588 &#8211; (44) 3421-3592 ou WhatsApp (44) 98817-1128<\/p>\n\n\n\n<p>Hor\u00e1rio de coleta: Segunda, ter\u00e7a, quinta e sexta-feira: das 7h30 \u00e0s 11h e das 13h \u00e0s 14h30<\/p>\n\n\n\n<p>Quarta-feira: das 7h30 \u00e0s 11h<\/p>\n\n\n\n<p><strong>Pato Branco<\/strong><\/p>\n\n\n\n<p>Hemon\u00facleo de Pato Branco \u2013 7\u00aa Regional de Sa\u00fade<\/p>\n\n\n\n<p>Rua Paran\u00e1, 1633, Centro<\/p>\n\n\n\n<p>Atendimento ao doador:&nbsp;por ordem de&nbsp;agendamento da doa\u00e7\u00e3o&nbsp;<strong><a href=\"https:\/\/www.agendamento.pr.gov.br\/age\/pages\/publico\/agendarservico\/escolhaServico.jsf?dswid=-7452\" target=\"_blank\" rel=\"noreferrer noopener\">via internet<\/a><\/strong>&nbsp;ou pelo WhatsApp (46) 99136-3940<\/p>\n\n\n\n<p>Hor\u00e1rio de coleta: Segunda a sexta-feira: das 8h \u00e0s 11h15 e das 13h \u00e0s 16h15<\/p>\n\n\n\n<p><strong>Ponta Grossa<\/strong><\/p>\n\n\n\n<p>Hemon\u00facleo (HN) de Ponta Grossa \u2013 3\u00aa Regional de Sa\u00fade<\/p>\n\n\n\n<p>Rua General Os\u00f3rio, 427, Centro<\/p>\n\n\n\n<p>Atendimento ao doador:&nbsp;por ordem de&nbsp;agendamento&nbsp;<strong><a href=\"https:\/\/www.agendamento.pr.gov.br\/age\/pages\/publico\/agendarservico\/escolhaServico.jsf?dswid=578\" target=\"_blank\" rel=\"noreferrer noopener\">via internet<\/a><\/strong>&nbsp; e tamb\u00e9m sem agendamento com senha entregue conforme a capacidade t\u00e9cnica do servi\u00e7o<\/p>\n\n\n\n<p>Hor\u00e1rio de coleta: Segunda a sexta-feira: das 8h \u00e0s 11h e das 13h \u00e0s 16h<\/p>\n\n\n\n<p><strong>Tel\u00eamaco Borba<\/strong><\/p>\n\n\n\n<p>Unidade de Coleta r Transfus\u00e3o (UCT) de Tel\u00eamaco Borba \u2013 21\u00aa Regional de Sa\u00fade<\/p>\n\n\n\n<p>Av. Avenida Marechal Floriano Peixoto,&nbsp; 250, Alto das Oliveiras<\/p>\n\n\n\n<p>Hor\u00e1rios de coleta:&nbsp;segunda a sexta-feira das 8h \u00e0s 11h e das 13h \u00e0s 16h.<\/p>\n\n\n\n<p>Atendimento ao doador:&nbsp;por ordem de chegada<\/p>\n\n\n\n<p>Hor\u00e1rio de coleta: Segunda a sexta-feira: das 8h \u00e0s 11h e das 13h \u00e0s 16h<\/p>\n\n\n\n<p><strong>Toledo<\/strong><\/p>\n\n\n\n<p>Unidade de Coleta e Transfus\u00e3o (UCT) de Toledo \u2013 20\u00aa Regional de Sa\u00fade<\/p>\n\n\n\n<p>Rua Eug\u00eanio Gustavo Keller, 1612 &#8211; Jardim Coopagro. Esquina com Rua Anne Russ<\/p>\n\n\n\n<p>Atendimento ao doador:&nbsp;por ordem de&nbsp;agendamento da doa\u00e7\u00e3o&nbsp;<strong><a href=\"https:\/\/www.agendamento.pr.gov.br\/age\/pages\/publico\/agendarservico\/escolhaServico.jsf?dswid=-3196\" target=\"_blank\" rel=\"noreferrer noopener\">via internet<\/a><\/strong>&nbsp;ou pelo telefone&nbsp;(45) 3379-1993&nbsp;ou pelo WhatsApp (45) 98821-3171<\/p>\n\n\n\n<p>Hor\u00e1rio de coleta: Segunda-feira: das 7h30 \u00e0s 10h30 e das 13h \u00e0s 14h30<\/p>\n\n\n\n<p>Ter\u00e7a-feira: das 8h \u00e0s 10h30 e das 13h \u00e0s 15h<\/p>\n\n\n\n<p>Quarta-feira: das 7h30 \u00e0s 10h30&nbsp; e das 13h \u00e0s 15h<\/p>\n\n\n\n<p>Quinta e Sexta-feira: das&nbsp; 8h \u00e0s 10h30 e das 13h \u00e0s 15h<\/p>\n\n\n\n<p><strong>Umuarama<\/strong><\/p>\n\n\n\n<p>Hemon\u00facleo (HN) de Umuarama \u2013 12\u00aa Regional de Sa\u00fade<\/p>\n\n\n\n<p>Avenida Manaus, 4444, Centro C\u00edvico<\/p>\n\n\n\n<p>Atendimento ao doador:&nbsp;por ordem de&nbsp;agendamento da doa\u00e7\u00e3o&nbsp;<strong><a href=\"https:\/\/www.agendamento.pr.gov.br\/age\/pages\/publico\/agendarservico\/escolhaServico.jsf?dswid=5385\" target=\"_blank\" rel=\"noreferrer noopener\">via internet<\/a><\/strong>&nbsp;ou pelo telefone (44) 3621-8307<\/p>\n\n\n\n<p>Hor\u00e1rio de coleta: Segunda a sexta-feira: das 8h \u00e0s 11h30 e das 13h \u00e0s 16h<\/p>\n\n\n\n<p><strong>Uni\u00e3o da Vit\u00f3ria<\/strong><\/p>\n\n\n\n<p>Hemon\u00facleo (HN) de Uni\u00e3o da Vit\u00f3ria \u2013 6\u00aa Regional de Sa\u00fade<\/p>\n\n\n\n<p>Rua Castro Alves, 26, Centro<\/p>\n\n\n\n<p>Atendimento ao doador:&nbsp;por ordem de&nbsp;agendamento da doa\u00e7\u00e3o&nbsp;<strong><a href=\"https:\/\/www.agendamento.pr.gov.br\/age\/pages\/publico\/agendarservico\/escolhaServico.jsf?dswid=2572\" target=\"_blank\" rel=\"noreferrer noopener\">via internet<\/a><\/strong>&nbsp;ou de agendamento pelos telefones (42) 3522-1365 ou (42) 3522-1793<\/p>\n\n\n\n<p>Hor\u00e1rio de coleta: Segunda a sexta-feira: das 13h \u00e0s 16h<\/p>\n\n\n\n<p>AEN\/PR<\/p>\n","protected":false},"excerpt":{"rendered":"<p>O movimento nas estradas gerado pelo per\u00edodo de f\u00e9rias e festas de fim de ano reflete nas estradas com o aumento do n\u00famero de acidentes. Al\u00e9m do impacto na vida das pessoas e fam\u00edlias atingidas, eles tamb\u00e9m ampliam a necessidade de sangue nas unidades hospitalares para atender os feridos. Al\u00e9m da maior demanda por sangue, [&hellip;]<\/p>\n","protected":false},"author":2,"featured_media":74869,"comment_status":"open","ping_status":"open","sticky":false,"template":"","format":"standard","meta":{"advanced_seo_description":"","jetpack_seo_html_title":"","jetpack_seo_noindex":false,"_jetpack_memberships_contains_paid_content":false,"footnotes":""},"categories":[40],"tags":[],"class_list":{"0":"post-74868","1":"post","2":"type-post","3":"status-publish","4":"format-standard","5":"has-post-thumbnail","7":"category-destaques"},"jetpack_featured_media_url":"https:\/\/www.paranapraia.com.br\/wp-content\/uploads\/2025\/12\/whatsapp_image_2025-12-09_at_08.07.05.jpg","jetpack_sharing_enabled":true,"_links":{"self":[{"href":"https:\/\/www.paranapraia.com.br\/index.php\/wp-json\/wp\/v2\/posts\/74868"}],"collection":[{"href":"https:\/\/www.paranapraia.com.br\/index.php\/wp-json\/wp\/v2\/posts"}],"about":[{"href":"https:\/\/www.paranapraia.com.br\/index.php\/wp-json\/wp\/v2\/types\/post"}],"author":[{"embeddable":true,"href":"https:\/\/www.paranapraia.com.br\/index.php\/wp-json\/wp\/v2\/users\/2"}],"replies":[{"embeddable":true,"href":"https:\/\/www.paranapraia.com.br\/index.php\/wp-json\/wp\/v2\/comments?post=74868"}],"version-history":[{"count":1,"href":"https:\/\/www.paranapraia.com.br\/index.php\/wp-json\/wp\/v2\/posts\/74868\/revisions"}],"predecessor-version":[{"id":74870,"href":"https:\/\/www.paranapraia.com.br\/index.php\/wp-json\/wp\/v2\/posts\/74868\/revisions\/74870"}],"wp:featuredmedia":[{"embeddable":true,"href":"https:\/\/www.paranapraia.com.br\/index.php\/wp-json\/wp\/v2\/media\/74869"}],"wp:attachment":[{"href":"https:\/\/www.paranapraia.com.br\/index.php\/wp-json\/wp\/v2\/media?parent=74868"}],"wp:term":[{"taxonomy":"category","embeddable":true,"href":"https:\/\/www.paranapraia.com.br\/index.php\/wp-json\/wp\/v2\/categories?post=74868"},{"taxonomy":"post_tag","embeddable":true,"href":"https:\/\/www.paranapraia.com.br\/index.php\/wp-json\/wp\/v2\/tags?post=74868"}],"curies":[{"name":"wp","href":"https:\/\/api.w.org\/{rel}","templated":true}]}}