{"id":74865,"date":"2025-12-09T12:19:06","date_gmt":"2025-12-09T15:19:06","guid":{"rendered":"https:\/\/www.paranapraia.com.br\/?p=74865"},"modified":"2025-12-09T12:19:08","modified_gmt":"2025-12-09T15:19:08","slug":"r-254-milhoes-estado-contrata-duplicacao-de-rodovia-entre-guaratuba-e-santa-catarina","status":"publish","type":"post","link":"https:\/\/www.paranapraia.com.br\/index.php\/2025\/12\/09\/r-254-milhoes-estado-contrata-duplicacao-de-rodovia-entre-guaratuba-e-santa-catarina\/","title":{"rendered":"R$ 254 milh\u00f5es: Estado contrata duplica\u00e7\u00e3o de rodovia entre Guaratuba e Santa Catarina"},"content":{"rendered":"\n<p>O Departamento de Estradas de Rodagem do Paran\u00e1 (DER\/PR), autarquia da Secretaria de Infraestrutura e Log\u00edstica (SEIL), assinou o contrato da obra para duplicar 12,81 quil\u00f4metros da PR-412 de Guaratuba at\u00e9 a divisa com Santa Catarina, na regi\u00e3o do Litoral. O investimento ser\u00e1 de R$ 254,5 milh\u00f5es.<\/p>\n\n\n\n<p>A obra foi licitada no regime contrata\u00e7\u00e3o integrada, que contempla a elabora\u00e7\u00e3o do projeto b\u00e1sico e projeto executivo de engenharia, antes do in\u00edcio dos servi\u00e7os no trecho em si. Com a emiss\u00e3o da Ordem de Servi\u00e7o, come\u00e7am os estudos e levantamentos dos projetos, com prazo de elabora\u00e7\u00e3o de 12 meses. Ap\u00f3s estes serem conclu\u00eddos e aprovados pelo DER\/PR, ser\u00e1 autorizado o in\u00edcio da duplica\u00e7\u00e3o, com prazo de 18 meses corridos.<\/p>\n\n\n\n<p>\u201cA contratada agora tem a responsabilidade de fechar o projeto, providenciar o licenciamento ambiental necess\u00e1rio, considerando que \u00e9 uma \u00e1rea de Mata Atl\u00e2ntica, e realizar a obra, semelhante ao que foi feito na Ponte de Guaratuba,\u201d afirma o secret\u00e1rio de Infraestrutura e Log\u00edstica do Paran\u00e1, Sandro Alex. \u201cComo a obra come\u00e7a pelo projeto, ela n\u00e3o ter\u00e1 impacto na rodovia durante o Ver\u00e3o Maior Paran\u00e1 dessa temporada, j\u00e1 tranquilizo os moradores e visitantes&#8221;.<\/p>\n\n\n\n<p>\u201cVamos ter um prazo um pouco longo para a elabora\u00e7\u00e3o dos projetos, mas necess\u00e1rio devido \u00e0s complexidades desse trecho da PR-412, cuja faixa de dom\u00ednio tem solos moles e o n\u00edvel da \u00e1gua muito pr\u00f3ximo ao terreno natural. O anteprojeto do DER prop\u00f5e v\u00e1rias solu\u00e7\u00f5es poss\u00edveis, que ser\u00e3o estudadas e podem ser expandidas nessa etapa\u201d, explica o diretor-presidente do DER\/PR, Fernando Furiatti.<\/p>\n\n\n\n<p><strong>TRECHO&nbsp;<\/strong>\u2013&nbsp;O trecho contemplado come\u00e7a no km zero da PR-412, na divisa entre os estados, e segue at\u00e9 a interse\u00e7\u00e3o em n\u00edvel de acesso para o Balne\u00e1rio Coroados, que ser\u00e1 substitu\u00edda por um novo viaduto.<\/p>\n\n\n\n<p>A pista existente da rodovia ser\u00e1 alargada para 3,6 metros e os acostamentos para 2,5 metros, com a pista nova tendo as mesmas dimens\u00f5es. Elas ser\u00e3o separadas por um canteiro central de 2,2 metros de largura.<\/p>\n\n\n\n<p>No entroncamento com a PR-808 ser\u00e1 readequada a interse\u00e7\u00e3o em n\u00edvel e constru\u00eddo novo Posto da Pol\u00edcia Rodovi\u00e1ria Estadual. A partir deste ponto tamb\u00e9m ser\u00e1 implantada ciclovia, que segue at\u00e9 o per\u00edmetro urbano de Guaratuba.<\/p>\n\n\n\n<p>A atual ponte sobre o Rio da Praia ser\u00e1 demolida e substitu\u00edda por uma galeria tripla de concreto de 2m x 2m. O trecho tamb\u00e9m ter\u00e1 tr\u00eas novos retornos em n\u00edvel, no km 3,4, km 5,72 e km 10,88, novo sistema de drenagem de \u00e1guas, sinaliza\u00e7\u00e3o horizontal e vertical, e dispositivos de seguran\u00e7a vi\u00e1ria.<\/p>\n\n\n\n<p>AEN\/PR<\/p>\n","protected":false},"excerpt":{"rendered":"<p>O Departamento de Estradas de Rodagem do Paran\u00e1 (DER\/PR), autarquia da Secretaria de Infraestrutura e Log\u00edstica (SEIL), assinou o contrato da obra para duplicar 12,81 quil\u00f4metros da PR-412 de Guaratuba at\u00e9 a divisa com Santa Catarina, na regi\u00e3o do Litoral. O investimento ser\u00e1 de R$ 254,5 milh\u00f5es. A obra foi licitada no regime contrata\u00e7\u00e3o integrada, [&hellip;]<\/p>\n","protected":false},"author":2,"featured_media":74866,"comment_status":"open","ping_status":"open","sticky":false,"template":"","format":"standard","meta":{"advanced_seo_description":"","jetpack_seo_html_title":"","jetpack_seo_noindex":false,"_jetpack_memberships_contains_paid_content":false,"footnotes":""},"categories":[40],"tags":[],"class_list":{"0":"post-74865","1":"post","2":"type-post","3":"status-publish","4":"format-standard","5":"has-post-thumbnail","7":"category-destaques"},"jetpack_featured_media_url":"https:\/\/www.paranapraia.com.br\/wp-content\/uploads\/2025\/12\/pr-412_sc_a_guaratuba_004-scaled.jpg","jetpack_sharing_enabled":true,"_links":{"self":[{"href":"https:\/\/www.paranapraia.com.br\/index.php\/wp-json\/wp\/v2\/posts\/74865"}],"collection":[{"href":"https:\/\/www.paranapraia.com.br\/index.php\/wp-json\/wp\/v2\/posts"}],"about":[{"href":"https:\/\/www.paranapraia.com.br\/index.php\/wp-json\/wp\/v2\/types\/post"}],"author":[{"embeddable":true,"href":"https:\/\/www.paranapraia.com.br\/index.php\/wp-json\/wp\/v2\/users\/2"}],"replies":[{"embeddable":true,"href":"https:\/\/www.paranapraia.com.br\/index.php\/wp-json\/wp\/v2\/comments?post=74865"}],"version-history":[{"count":1,"href":"https:\/\/www.paranapraia.com.br\/index.php\/wp-json\/wp\/v2\/posts\/74865\/revisions"}],"predecessor-version":[{"id":74867,"href":"https:\/\/www.paranapraia.com.br\/index.php\/wp-json\/wp\/v2\/posts\/74865\/revisions\/74867"}],"wp:featuredmedia":[{"embeddable":true,"href":"https:\/\/www.paranapraia.com.br\/index.php\/wp-json\/wp\/v2\/media\/74866"}],"wp:attachment":[{"href":"https:\/\/www.paranapraia.com.br\/index.php\/wp-json\/wp\/v2\/media?parent=74865"}],"wp:term":[{"taxonomy":"category","embeddable":true,"href":"https:\/\/www.paranapraia.com.br\/index.php\/wp-json\/wp\/v2\/categories?post=74865"},{"taxonomy":"post_tag","embeddable":true,"href":"https:\/\/www.paranapraia.com.br\/index.php\/wp-json\/wp\/v2\/tags?post=74865"}],"curies":[{"name":"wp","href":"https:\/\/api.w.org\/{rel}","templated":true}]}}