{"id":7478,"date":"2019-04-20T12:20:52","date_gmt":"2019-04-20T15:20:52","guid":{"rendered":"https:\/\/www.paranapraia.com.br\/?p=7478"},"modified":"2019-04-20T12:20:53","modified_gmt":"2019-04-20T15:20:53","slug":"ciclista-morre-em-acidente-com-carro-em-cascavel","status":"publish","type":"post","link":"https:\/\/www.paranapraia.com.br\/index.php\/2019\/04\/20\/ciclista-morre-em-acidente-com-carro-em-cascavel\/","title":{"rendered":"Ciclista morre em acidente com carro, em Cascavel"},"content":{"rendered":"\n<h4 class=\"wp-block-heading\">V\u00edtima tinha 30 anos; acidente aconteceu no fim da noite de sexta-feira (19).<\/h4>\n\n\n\n<p>Um ciclista morreu em um acidente com um carro em Cascavel, no oeste do Paran\u00e1, na noite de sexta-feira (19). De acordo com o Corpo de Bombeiros, a v\u00edtima tinha 30 anos.<\/p>\n\n\n\n<p>O acidente aconteceu na Rua Altemar Dutra, no bairro Bela Vista, por volta das 23h. At\u00e9 a \u00faltima atualiza\u00e7\u00e3o desta reportagem, n\u00e3o havia mais detalhes sobre como o ciclista e o ve\u00edculo se acidentaram.<\/p>\n\n\n\n<p>O Servi\u00e7o Integrado de Atendimento ao Trauma em Emerg\u00eancia (Siate) foi chamado para prestar socorro ao homem, mas, ele n\u00e3o resistiu aos ferimentos e morreu no local.<\/p>\n\n\n\n<p>O motorista do autom\u00f3vel ficou no local do acidente. Segundo a Pol\u00edcia Militar (PM), ele fez o teste do baf\u00f4metro, que indicou que o homem de 37 anos n\u00e3o estava alcoolizado. Portanto, o condutor n\u00e3o foi preso.<\/p>\n\n\n\n<p>Ele deve ser ouvido nos pr\u00f3ximos dias, e a Pol\u00edcia Civil vai apurar se houve homic\u00eddio culposo, que \u00e9 sem a inten\u00e7\u00e3o de matar, ou n\u00e3o.<\/p>\n\n\n\n<figure class=\"wp-block-image\"><img decoding=\"async\" src=\"https:\/\/s2.glbimg.com\/s8Wo4FPwkvg2np_A-GioT-x_QhE=\/0x0:1024x768\/984x0\/smart\/filters:strip_icc()\/i.s3.glbimg.com\/v1\/AUTH_59edd422c0c84a879bd37670ae4f538a\/internal_photos\/bs\/2019\/L\/c\/SBIu47TYiB9kzutGX5eA\/carro-que-se-envolveu-no-acidente-com-a-bicicleta-na-noite-de-sexta-feira-19-.jpg\" alt=\"Carro que se envolveu no acidente com a bicicleta na noite de sexta-feira (19) \u2014 Foto: PM\/Divulga\u00e7\u00e3o\"\/><\/figure>\n\n\n\n<p>Carro que se envolveu no acidente com a bicicleta na noite de sexta-feira (19) \u2014 Foto: PM\/Divulga\u00e7\u00e3o<\/p>\n\n\n\n<p>G1PR<\/p>\n","protected":false},"excerpt":{"rendered":"<p>V\u00edtima tinha 30 anos; acidente aconteceu no fim da noite de sexta-feira (19). Um ciclista morreu em um acidente com um carro em Cascavel, no oeste do Paran\u00e1, na noite de sexta-feira (19). De acordo com o Corpo de Bombeiros, a v\u00edtima tinha 30 anos. O acidente aconteceu na Rua Altemar Dutra, no bairro Bela [&hellip;]<\/p>\n","protected":false},"author":2,"featured_media":7480,"comment_status":"open","ping_status":"open","sticky":false,"template":"","format":"standard","meta":{"advanced_seo_description":"","jetpack_seo_html_title":"","jetpack_seo_noindex":false,"_jetpack_memberships_contains_paid_content":false,"footnotes":""},"categories":[40],"tags":[],"class_list":{"0":"post-7478","1":"post","2":"type-post","3":"status-publish","4":"format-standard","5":"has-post-thumbnail","7":"category-destaques"},"jetpack_featured_media_url":"https:\/\/www.paranapraia.com.br\/wp-content\/uploads\/2019\/04\/cic.jpg","jetpack_sharing_enabled":true,"_links":{"self":[{"href":"https:\/\/www.paranapraia.com.br\/index.php\/wp-json\/wp\/v2\/posts\/7478"}],"collection":[{"href":"https:\/\/www.paranapraia.com.br\/index.php\/wp-json\/wp\/v2\/posts"}],"about":[{"href":"https:\/\/www.paranapraia.com.br\/index.php\/wp-json\/wp\/v2\/types\/post"}],"author":[{"embeddable":true,"href":"https:\/\/www.paranapraia.com.br\/index.php\/wp-json\/wp\/v2\/users\/2"}],"replies":[{"embeddable":true,"href":"https:\/\/www.paranapraia.com.br\/index.php\/wp-json\/wp\/v2\/comments?post=7478"}],"version-history":[{"count":1,"href":"https:\/\/www.paranapraia.com.br\/index.php\/wp-json\/wp\/v2\/posts\/7478\/revisions"}],"predecessor-version":[{"id":7481,"href":"https:\/\/www.paranapraia.com.br\/index.php\/wp-json\/wp\/v2\/posts\/7478\/revisions\/7481"}],"wp:featuredmedia":[{"embeddable":true,"href":"https:\/\/www.paranapraia.com.br\/index.php\/wp-json\/wp\/v2\/media\/7480"}],"wp:attachment":[{"href":"https:\/\/www.paranapraia.com.br\/index.php\/wp-json\/wp\/v2\/media?parent=7478"}],"wp:term":[{"taxonomy":"category","embeddable":true,"href":"https:\/\/www.paranapraia.com.br\/index.php\/wp-json\/wp\/v2\/categories?post=7478"},{"taxonomy":"post_tag","embeddable":true,"href":"https:\/\/www.paranapraia.com.br\/index.php\/wp-json\/wp\/v2\/tags?post=7478"}],"curies":[{"name":"wp","href":"https:\/\/api.w.org\/{rel}","templated":true}]}}