{"id":74761,"date":"2025-12-05T10:34:05","date_gmt":"2025-12-05T13:34:05","guid":{"rendered":"https:\/\/www.paranapraia.com.br\/?p=74761"},"modified":"2025-12-05T10:34:07","modified_gmt":"2025-12-05T13:34:07","slug":"escola-de-formacao-de-turismo-encerra-o-ano-com-visita-guiada-a-catedral-de-paranagua","status":"publish","type":"post","link":"https:\/\/www.paranapraia.com.br\/index.php\/2025\/12\/05\/escola-de-formacao-de-turismo-encerra-o-ano-com-visita-guiada-a-catedral-de-paranagua\/","title":{"rendered":"Escola de Forma\u00e7\u00e3o de Turismo encerra o ano com visita guiada \u00e0 Catedral de Paranagu\u00e1"},"content":{"rendered":"\n<p>A Catedral de Nossa Senhora do Ros\u00e1rio recebeu o grupo da Escola de Forma\u00e7\u00e3o de Turismo da Secultur para a \u00faltima visita guiada do ano, em um encontro marcado por hist\u00f3ria, cultura e f\u00e9.<\/p>\n\n\n\n<p>A atividade foi mediada por Alessandro Pires Staniscia, advogado, professor e orador do Instituto Hist\u00f3rico e Geogr\u00e1fico de Paranagu\u00e1 (IHGP). A vice-presidente do Instituto, L\u00facia Helena Freitas da Rocha e o p\u00e1roco da Catedral, padre Emerson Zella, tamb\u00e9m acompanharam o grupo.<\/p>\n\n\n\n<p>O percurso teve in\u00edcio no IHGP, onde os participantes revisitaram epis\u00f3dios fundamentais da forma\u00e7\u00e3o de Paranagu\u00e1 e de personagens que marcaram a constru\u00e7\u00e3o da identidade local. De l\u00e1, seguiram por marcos importantes do Centro Hist\u00f3rico, como a passarela do Valadares, relacionando cada ponto \u00e0 influ\u00eancia portuguesa, ao Meridiano de Tordesilhas e aos primeiros registros da cidade.<\/p>\n\n\n\n<p>Staniscia refor\u00e7ou a import\u00e2ncia de qualificar os profissionais do turismo. \u201c\u00c9 essencial que pessoas ligadas ao setor estejam preparadas para transmitir nossa hist\u00f3ria com propriedade. A Secultur est\u00e1 de parab\u00e9ns pela iniciativa\u201d, disse.<\/p>\n\n\n\n<p>Na Catedral, o padre Emerson Zella conversou com os participantes e relembrou o valor simb\u00f3lico e hist\u00f3rico do local. \u201cA hist\u00f3ria da nossa Catedral se une \u00e0 hist\u00f3ria de Paranagu\u00e1. Aqui tudo come\u00e7ou. Caminhamos sobre um ch\u00e3o tombado\u201d, enfatizou o padre.<\/p>\n\n\n\n<p>A a\u00e7\u00e3o encerra o ciclo anual de forma\u00e7\u00f5es e refor\u00e7a o compromisso da Secultur com a valoriza\u00e7\u00e3o do patrim\u00f4nio hist\u00f3rico e o fortalecimento do turismo respons\u00e1vel.<\/p>\n\n\n\n<p>Assessoria<\/p>\n","protected":false},"excerpt":{"rendered":"<p>A Catedral de Nossa Senhora do Ros\u00e1rio recebeu o grupo da Escola de Forma\u00e7\u00e3o de Turismo da Secultur para a \u00faltima visita guiada do ano, em um encontro marcado por hist\u00f3ria, cultura e f\u00e9. A atividade foi mediada por Alessandro Pires Staniscia, advogado, professor e orador do Instituto Hist\u00f3rico e Geogr\u00e1fico de Paranagu\u00e1 (IHGP). A [&hellip;]<\/p>\n","protected":false},"author":2,"featured_media":74762,"comment_status":"open","ping_status":"open","sticky":false,"template":"","format":"standard","meta":{"advanced_seo_description":"","jetpack_seo_html_title":"","jetpack_seo_noindex":false,"_jetpack_memberships_contains_paid_content":false,"footnotes":""},"categories":[40,77],"tags":[321],"class_list":{"0":"post-74761","1":"post","2":"type-post","3":"status-publish","4":"format-standard","5":"has-post-thumbnail","7":"category-destaques","8":"category-paranagua","9":"tag-paranagua"},"jetpack_featured_media_url":"https:\/\/www.paranapraia.com.br\/wp-content\/uploads\/2025\/12\/thumb-4.jpg","jetpack_sharing_enabled":true,"_links":{"self":[{"href":"https:\/\/www.paranapraia.com.br\/index.php\/wp-json\/wp\/v2\/posts\/74761"}],"collection":[{"href":"https:\/\/www.paranapraia.com.br\/index.php\/wp-json\/wp\/v2\/posts"}],"about":[{"href":"https:\/\/www.paranapraia.com.br\/index.php\/wp-json\/wp\/v2\/types\/post"}],"author":[{"embeddable":true,"href":"https:\/\/www.paranapraia.com.br\/index.php\/wp-json\/wp\/v2\/users\/2"}],"replies":[{"embeddable":true,"href":"https:\/\/www.paranapraia.com.br\/index.php\/wp-json\/wp\/v2\/comments?post=74761"}],"version-history":[{"count":1,"href":"https:\/\/www.paranapraia.com.br\/index.php\/wp-json\/wp\/v2\/posts\/74761\/revisions"}],"predecessor-version":[{"id":74763,"href":"https:\/\/www.paranapraia.com.br\/index.php\/wp-json\/wp\/v2\/posts\/74761\/revisions\/74763"}],"wp:featuredmedia":[{"embeddable":true,"href":"https:\/\/www.paranapraia.com.br\/index.php\/wp-json\/wp\/v2\/media\/74762"}],"wp:attachment":[{"href":"https:\/\/www.paranapraia.com.br\/index.php\/wp-json\/wp\/v2\/media?parent=74761"}],"wp:term":[{"taxonomy":"category","embeddable":true,"href":"https:\/\/www.paranapraia.com.br\/index.php\/wp-json\/wp\/v2\/categories?post=74761"},{"taxonomy":"post_tag","embeddable":true,"href":"https:\/\/www.paranapraia.com.br\/index.php\/wp-json\/wp\/v2\/tags?post=74761"}],"curies":[{"name":"wp","href":"https:\/\/api.w.org\/{rel}","templated":true}]}}