{"id":74754,"date":"2025-12-05T09:04:00","date_gmt":"2025-12-05T12:04:00","guid":{"rendered":"https:\/\/www.paranapraia.com.br\/?p=74754"},"modified":"2025-12-05T09:04:03","modified_gmt":"2025-12-05T12:04:03","slug":"cuidando-do-seu-bebe-em-meio-a-festa-um-guia-para-um-final-de-ano-tranquilo","status":"publish","type":"post","link":"https:\/\/www.paranapraia.com.br\/index.php\/2025\/12\/05\/cuidando-do-seu-bebe-em-meio-a-festa-um-guia-para-um-final-de-ano-tranquilo\/","title":{"rendered":"Cuidando do Seu Beb\u00ea em Meio \u00e0 Festa: Um Guia para um Final de Ano Tranquilo"},"content":{"rendered":"\n<p>Por Aressa Henrique<\/p>\n\n\n\n<p>O final do ano se aproxima, trazendo consigo a magia das celebra\u00e7\u00f5es, encontros familiares e a alegria contagiante das festividades. Para as fam\u00edlias com beb\u00eas, essa \u00e9poca vibrante exige um olhar ainda mais atento e cuidadoso. Como garantir que a divers\u00e3o dos adultos n\u00e3o comprometa o bem-estar e a seguran\u00e7a do pequeno?<br>Neste guia, abordamos os principais pontos de aten\u00e7\u00e3o para que os pais, especialmente as m\u00e3es que amamentam, possam desfrutar do R\u00e9veillon e do Natal com serenidade, mantendo o foco na sa\u00fade e no conforto de seus filhos.<br>Amamenta\u00e7\u00e3o e Subst\u00e2ncias: A Regra de Ouro \u00e9 a Abstin\u00eancia<br>A primeira e mais crucial considera\u00e7\u00e3o \u00e9 a ingest\u00e3o de \u00e1lcool e drogas pela m\u00e3e que amamenta. Durante as festas, \u00e9 comum que bebidas alco\u00f3licas sejam oferecidas, mas \u00e9 fundamental entender que o \u00e1lcool consumido pela m\u00e3e passa para o leite materno. O pico da concentra\u00e7\u00e3o de \u00e1lcool no leite geralmente ocorre entre 30 a 60 minutos ap\u00f3s a ingest\u00e3o. N\u00e3o existe um n\u00edvel de consumo seguro que garanta a aus\u00eancia de riscos para o beb\u00ea. O \u00e1lcool pode afetar o sono, a suc\u00e7\u00e3o e, em doses maiores, o desenvolvimento neurol\u00f3gico da crian\u00e7a. A Sociedade Brasileira de Pediatria e a Organiza\u00e7\u00e3o Mundial da Sa\u00fade s\u00e3o categ\u00f3ricas: a m\u00e3e lactante deve evitar o consumo de \u00e1lcool. O mesmo rigor se aplica ao uso de drogas il\u00edcitas. A maioria dessas subst\u00e2ncias \u00e9 excretada no leite e representa um perigo substancial, podendo causar desde irritabilidade e sonol\u00eancia extrema at\u00e9 problemas neurol\u00f3gicos e cardiovasculares graves no lactente. A recomenda\u00e7\u00e3o \u00e9 a abstin\u00eancia total de qualquer subst\u00e2ncia que possa comprometer a sa\u00fade do beb\u00ea.<\/p>\n\n\n\n<p>O Impacto do Barulho Excessivo: Protegendo os Ouvidos<br>As celebra\u00e7\u00f5es de Ano Novo e Natal costumam ser ruidosas. O principal vil\u00e3o \u00e9 o som dos fogos de artif\u00edcio, mas mesmo a m\u00fasica alta das festas pode ser prejudicial.<br>O sistema auditivo do beb\u00ea \u00e9 muito mais sens\u00edvel. Expor o pequeno a ru\u00eddos intensos, especialmente aos estampidos dos fogos, pode causar:<\/p>\n\n\n\n<ul class=\"wp-block-list\">\n<li>Dano Auditivo: O som de um fogo de artif\u00edcio pode ultrapassar 120 decib\u00e9is (dB), n\u00edvel que \u00e9 extremamente prejudicial e pode causar trauma ac\u00fastico.<\/li>\n\n\n\n<li>Estresse e Susto: O barulho s\u00fabito e alto provoca choro, irritabilidade, taquicardia e interrup\u00e7\u00e3o do sono.<br>Portanto, leve o beb\u00ea para um c\u00f4modo interno, longe das janelas e da \u00e1rea de estouro dos fogos. Considere o uso de protetores auriculares infantis (earmuffs) de qualidade para bloquear o ru\u00eddo. Ligue um ventilador ou um aparelho de ru\u00eddo branco para abafar o som externo.<\/li>\n<\/ul>\n\n\n\n<p>Sol, Calor e Insetos: Aten\u00e7\u00e3o ao Ar Livre<br>Muitas festas de final de ano acontecem ao ar livre, expondo o beb\u00ea a riscos ambientais.<br>O calor intenso e a exposi\u00e7\u00e3o solar direta s\u00e3o perigosos para beb\u00eas. A pele deles \u00e9 mais fina e sens\u00edvel, e o sistema de regula\u00e7\u00e3o de temperatura ainda \u00e9 imaturo.<\/p>\n\n\n\n<ul class=\"wp-block-list\">\n<li>Ensolac\u00e3o: Pode causar queimaduras, insola\u00e7\u00e3o e desidrata\u00e7\u00e3o grave.<\/li>\n\n\n\n<li>Hidrata\u00e7\u00e3o: Ofere\u00e7a o peito (leite materno) com mais frequ\u00eancia, mesmo que o beb\u00ea mame por menos tempo em cada sess\u00e3o. Se for o caso, siga a recomenda\u00e7\u00e3o do pediatra sobre \u00e1gua ou f\u00f3rmula.<br>Para evitar esses riscos, mantenha o beb\u00ea estritamente na sombra, especialmente entre 10h e 16h, opte por roupas leves, claras e de algod\u00e3o, com prote\u00e7\u00e3o UV, se poss\u00edvel. Use chap\u00e9u de aba larga. Para beb\u00eas com mais de 6 meses, use protetor solar espec\u00edfico para a idade, conforme a orienta\u00e7\u00e3o pedi\u00e1trica. Abaixo de 6 meses, a prote\u00e7\u00e3o deve ser estritamente f\u00edsica (sombra e roupas).<\/li>\n<\/ul>\n\n\n\n<ol class=\"wp-block-list\">\n<li>Picadas de Insetos<br>Em \u00e1reas de festas ao ar livre, o risco de picadas de mosquitos \u00e9 alto, elevando a preocupa\u00e7\u00e3o com doen\u00e7as como dengue, zika e chikungunya.<br>Para beb\u00eas acima de 6 meses, utilize repelentes infantis com subst\u00e2ncias recomendadas pelo pediatra (como Icaridina ou DEET em concentra\u00e7\u00f5es adequadas). Abaixo de 6 meses, use prote\u00e7\u00e3o f\u00edsica.Use telas mosquiteiras no carrinho e ber\u00e7o, vista o beb\u00ea com roupas que cubram bra\u00e7os e pernas.<\/li>\n<\/ol>\n\n\n\n<p>Multid\u00f5es e Doen\u00e7as Infecciosas<br>As celebra\u00e7\u00f5es de fim de ano frequentemente significam grandes aglomera\u00e7\u00f5es e contato com muitas pessoas, o que aumenta o risco de doen\u00e7as respirat\u00f3rias (como gripe, resfriado, COVID-19 e VSR) e outras infec\u00e7\u00f5es.<br>O sistema imunol\u00f3gico do beb\u00ea ainda est\u00e1 em desenvolvimento, tornando-o mais vulner\u00e1vel.<br>Por isso tente manter o beb\u00ea em um espa\u00e7o mais reservado e ventilado, longe da &#8220;massa&#8221; da festa, pe\u00e7a a todos que forem tocar no beb\u00ea que lavem as m\u00e3os com \u00e1gua e sab\u00e3o ou se poss\u00edvel usem \u00e1lcool em gel.<br>Oriente familiares e amigos a evitar beijar o beb\u00ea no rosto e nas m\u00e3os. Se algu\u00e9m estiver doente (tosse, coriza, febre), pe\u00e7a educadamente para que mantenha dist\u00e2ncia. Mantenha o calend\u00e1rio vacinal do beb\u00ea (e dos adultos pr\u00f3ximos) rigorosamente em dia para oferecer a melhor prote\u00e7\u00e3o poss\u00edvel.<\/p>\n\n\n\n<p>Planejamento \u00e9 a Chave<\/p>\n\n\n\n<p>Para um final de ano tranquilo, o segredo est\u00e1 no planejamento:<br>Mantenha a Rotina: Na medida do poss\u00edvel, tente respeitar os hor\u00e1rios de sono e alimenta\u00e7\u00e3o do beb\u00ea.<br>Mala de Emerg\u00eancia: Leve itens essenciais como fraldas, trocas de roupa, medicamentos de uso cont\u00ednuo, protetor auricular e repelente. Local Seguro: Identifique um local calmo e silencioso na casa da festa onde o beb\u00ea possa dormir e mamar em paz.<br>Ao priorizar o conforto e a seguran\u00e7a do seu filho, voc\u00ea garante que as lembran\u00e7as do final de ano sejam cheias de alegria e sa\u00fade. Feliz e tranquilo 2026!<\/p>\n\n\n\n<p>Sobrel a autora<br>Aressa Henrique \u00e9 consultora especializada em amamenta\u00e7\u00e3o, com 15 anos de experi\u00eancia na \u00e1rea materno-infantil. P\u00f3s-graduada em Aleitamento Materno e com abordagem humanizada, oferece atendimentos personalizados voltados \u00e0 amamenta\u00e7\u00e3o, desmame, laserterapia, taping e furinho humanizado. J\u00e1 acompanhou mais de mil fam\u00edlias em suas jornadas, transformando desafios em experi\u00eancias de amor e confian\u00e7a.<\/p>\n\n\n\n<p><br>\ud83d\udccd Atendimentos presenciais e online<br>\ud83d\udcac WhatsApp: (41) 98428-6385<br>\ud83d\udcf8 Instagram: @aressa.consultorianursing<\/p>\n","protected":false},"excerpt":{"rendered":"<p>Por Aressa Henrique O final do ano se aproxima, trazendo consigo a magia das celebra\u00e7\u00f5es, encontros familiares e a alegria contagiante das festividades. Para as fam\u00edlias com beb\u00eas, essa \u00e9poca vibrante exige um olhar ainda mais atento e cuidadoso. Como garantir que a divers\u00e3o dos adultos n\u00e3o comprometa o bem-estar e a seguran\u00e7a do pequeno?Neste [&hellip;]<\/p>\n","protected":false},"author":2,"featured_media":74755,"comment_status":"open","ping_status":"open","sticky":false,"template":"","format":"standard","meta":{"advanced_seo_description":"","jetpack_seo_html_title":"","jetpack_seo_noindex":false,"_jetpack_memberships_contains_paid_content":false,"footnotes":""},"categories":[1520],"tags":[1495],"class_list":{"0":"post-74754","1":"post","2":"type-post","3":"status-publish","4":"format-standard","5":"has-post-thumbnail","7":"category-maternidade","8":"tag-aressa"},"jetpack_featured_media_url":"https:\/\/www.paranapraia.com.br\/wp-content\/uploads\/2025\/12\/IMG-20251205-WA0014.jpg","jetpack_sharing_enabled":true,"_links":{"self":[{"href":"https:\/\/www.paranapraia.com.br\/index.php\/wp-json\/wp\/v2\/posts\/74754"}],"collection":[{"href":"https:\/\/www.paranapraia.com.br\/index.php\/wp-json\/wp\/v2\/posts"}],"about":[{"href":"https:\/\/www.paranapraia.com.br\/index.php\/wp-json\/wp\/v2\/types\/post"}],"author":[{"embeddable":true,"href":"https:\/\/www.paranapraia.com.br\/index.php\/wp-json\/wp\/v2\/users\/2"}],"replies":[{"embeddable":true,"href":"https:\/\/www.paranapraia.com.br\/index.php\/wp-json\/wp\/v2\/comments?post=74754"}],"version-history":[{"count":1,"href":"https:\/\/www.paranapraia.com.br\/index.php\/wp-json\/wp\/v2\/posts\/74754\/revisions"}],"predecessor-version":[{"id":74756,"href":"https:\/\/www.paranapraia.com.br\/index.php\/wp-json\/wp\/v2\/posts\/74754\/revisions\/74756"}],"wp:featuredmedia":[{"embeddable":true,"href":"https:\/\/www.paranapraia.com.br\/index.php\/wp-json\/wp\/v2\/media\/74755"}],"wp:attachment":[{"href":"https:\/\/www.paranapraia.com.br\/index.php\/wp-json\/wp\/v2\/media?parent=74754"}],"wp:term":[{"taxonomy":"category","embeddable":true,"href":"https:\/\/www.paranapraia.com.br\/index.php\/wp-json\/wp\/v2\/categories?post=74754"},{"taxonomy":"post_tag","embeddable":true,"href":"https:\/\/www.paranapraia.com.br\/index.php\/wp-json\/wp\/v2\/tags?post=74754"}],"curies":[{"name":"wp","href":"https:\/\/api.w.org\/{rel}","templated":true}]}}