{"id":7473,"date":"2019-04-20T12:17:40","date_gmt":"2019-04-20T15:17:40","guid":{"rendered":"https:\/\/www.paranapraia.com.br\/?p=7473"},"modified":"2019-04-20T12:17:40","modified_gmt":"2019-04-20T15:17:40","slug":"homem-e-preso-depois-de-agredir-enfermeiro-do-samu-e-de-danificar-ambulancia-em-foz-do-iguacu","status":"publish","type":"post","link":"https:\/\/www.paranapraia.com.br\/index.php\/2019\/04\/20\/homem-e-preso-depois-de-agredir-enfermeiro-do-samu-e-de-danificar-ambulancia-em-foz-do-iguacu\/","title":{"rendered":"Homem \u00e9 preso depois de agredir enfermeiro do Samu e de danificar ambul\u00e2ncia, em Foz do Igua\u00e7u"},"content":{"rendered":"\n<h4 class=\"wp-block-heading\">Situa\u00e7\u00e3o aconteceu na noite de sexta-feira (19); homem fingiu passar mal e, ent\u00e3o, atacou o enfermeiro e o ve\u00edculo, conforme a Secretaria de Sa\u00fade.<\/h4>\n\n\n\n<p>Um homem foi preso em flagrante depois de agredir um enfermeiro do Servi\u00e7o de Atendimento M\u00f3vel de Urg\u00eancia (Samu) e de danificar uma ambul\u00e2ncia em Foz do Igua\u00e7u, no oeste do Paran\u00e1, na noite de sexta-feira (19).<\/p>\n\n\n\n<p>De acordo com a Secretaria de Sa\u00fade, a equipe do Samu foi atender um homem que estaria convulsionando. Quando o Samu chegou, ele n\u00e3o estava tendo convuls\u00e3o. Enquanto era atendido, apresentou altera\u00e7\u00e3o no comportamento e agrediu um enfermeiro, conforme a pasta.<\/p>\n\n\n\n<p>O paciente, ent\u00e3o, foi imobilizado por outra pessoa da equipe do Samu e, segundo a Secretaria de Sa\u00fade, fingiu mal-estar. Nesse momento, ele foi solto.<\/p>\n\n\n\n<p>Na sequ\u00eancia, pegou uma barra de ferro de aproximadamente dois metros, que estava no ch\u00e3o, e deu v\u00e1rios golpes na ambul\u00e2ncia, ainda de acordo com a pasta. A situa\u00e7\u00e3o aconteceu na Avenida Arauc\u00e1ria, no Jardim Social.<\/p>\n\n\n\n<p>Os vidros e a lataria do ve\u00edculo ficaram danificados. O enfermeiro que, conforme a Secretaria de Sa\u00fade, levou um soco, passa bem.<\/p>\n\n\n\n<p>A Pol\u00edcia Militar (PM) foi chamada, e todos foram levados a uma Delegacia da Pol\u00edcia Civil. Na manh\u00e3 deste s\u00e1bado (20), o homem continuava detido na delegacia.<\/p>\n\n\n\n<p>A Pol\u00edcia Civil informou que ele pode responder por les\u00e3o corporal, dano qualificado, desacato e amea\u00e7a.<\/p>\n\n\n\n<figure class=\"wp-block-image\"><img decoding=\"async\" src=\"https:\/\/s2.glbimg.com\/6pQDcET_eFpD-8A-BXYo_znjDwc=\/0x0:1032x774\/1008x0\/smart\/filters:strip_icc()\/i.s3.glbimg.com\/v1\/AUTH_59edd422c0c84a879bd37670ae4f538a\/internal_photos\/bs\/2019\/H\/7\/4xOEcuR6yJUb8NDlGDHA\/ataque-a-ambulancia-em-foz-do-iguacu-aconteceu-na-noite-de-sexta-feira-19-.jpg\" alt=\"Ataque \u00e0 ambul\u00e2ncia, em Foz do Igua\u00e7u, aconteceu na noite de sexta-feira (19) \u2014 Foto: Secretaria de Sa\u00fade\/Divulga\u00e7\u00e3o\"\/><\/figure>\n\n\n\n<p>Ataque \u00e0 ambul\u00e2ncia, em Foz do Igua\u00e7u, aconteceu na noite de sexta-feira (19) \u2014 Foto: Secretaria de Sa\u00fade\/Divulga\u00e7\u00e3o<\/p>\n\n\n\n<p>G1PR<\/p>\n","protected":false},"excerpt":{"rendered":"<p>Situa\u00e7\u00e3o aconteceu na noite de sexta-feira (19); homem fingiu passar mal e, ent\u00e3o, atacou o enfermeiro e o ve\u00edculo, conforme a Secretaria de Sa\u00fade. Um homem foi preso em flagrante depois de agredir um enfermeiro do Servi\u00e7o de Atendimento M\u00f3vel de Urg\u00eancia (Samu) e de danificar uma ambul\u00e2ncia em Foz do Igua\u00e7u, no oeste do [&hellip;]<\/p>\n","protected":false},"author":2,"featured_media":7475,"comment_status":"open","ping_status":"open","sticky":false,"template":"","format":"standard","meta":{"advanced_seo_description":"","jetpack_seo_html_title":"","jetpack_seo_noindex":false,"_jetpack_memberships_contains_paid_content":false,"footnotes":""},"categories":[33],"tags":[],"class_list":{"0":"post-7473","1":"post","2":"type-post","3":"status-publish","4":"format-standard","5":"has-post-thumbnail","7":"category-policia"},"jetpack_featured_media_url":"https:\/\/www.paranapraia.com.br\/wp-content\/uploads\/2019\/04\/samu.jpg","jetpack_sharing_enabled":true,"_links":{"self":[{"href":"https:\/\/www.paranapraia.com.br\/index.php\/wp-json\/wp\/v2\/posts\/7473"}],"collection":[{"href":"https:\/\/www.paranapraia.com.br\/index.php\/wp-json\/wp\/v2\/posts"}],"about":[{"href":"https:\/\/www.paranapraia.com.br\/index.php\/wp-json\/wp\/v2\/types\/post"}],"author":[{"embeddable":true,"href":"https:\/\/www.paranapraia.com.br\/index.php\/wp-json\/wp\/v2\/users\/2"}],"replies":[{"embeddable":true,"href":"https:\/\/www.paranapraia.com.br\/index.php\/wp-json\/wp\/v2\/comments?post=7473"}],"version-history":[{"count":1,"href":"https:\/\/www.paranapraia.com.br\/index.php\/wp-json\/wp\/v2\/posts\/7473\/revisions"}],"predecessor-version":[{"id":7476,"href":"https:\/\/www.paranapraia.com.br\/index.php\/wp-json\/wp\/v2\/posts\/7473\/revisions\/7476"}],"wp:featuredmedia":[{"embeddable":true,"href":"https:\/\/www.paranapraia.com.br\/index.php\/wp-json\/wp\/v2\/media\/7475"}],"wp:attachment":[{"href":"https:\/\/www.paranapraia.com.br\/index.php\/wp-json\/wp\/v2\/media?parent=7473"}],"wp:term":[{"taxonomy":"category","embeddable":true,"href":"https:\/\/www.paranapraia.com.br\/index.php\/wp-json\/wp\/v2\/categories?post=7473"},{"taxonomy":"post_tag","embeddable":true,"href":"https:\/\/www.paranapraia.com.br\/index.php\/wp-json\/wp\/v2\/tags?post=7473"}],"curies":[{"name":"wp","href":"https:\/\/api.w.org\/{rel}","templated":true}]}}