{"id":74703,"date":"2025-12-04T10:05:44","date_gmt":"2025-12-04T13:05:44","guid":{"rendered":"https:\/\/www.paranapraia.com.br\/?p=74703"},"modified":"2025-12-04T10:05:47","modified_gmt":"2025-12-04T13:05:47","slug":"matinhos-recebe-nova-ambulancia-uti-movel-em-reforco-historico-a-saude","status":"publish","type":"post","link":"https:\/\/www.paranapraia.com.br\/index.php\/2025\/12\/04\/matinhos-recebe-nova-ambulancia-uti-movel-em-reforco-historico-a-saude\/","title":{"rendered":"Matinhos recebe nova ambul\u00e2ncia UTI m\u00f3vel em refor\u00e7o hist\u00f3rico \u00e0 sa\u00fade"},"content":{"rendered":"\n<p>O Prefeito Eduardo Dalmora participou da cerim\u00f4nia em Curitiba para receber a Unidade de Suporte Avan\u00e7ado, um investimento crucial para a seguran\u00e7a de moradores e turistas, especialmente no Litoral.<\/p>\n\n\n\n<p>O munic\u00edpio de Matinhos acaba de dar um salto significativo na qualidade do seu atendimento de urg\u00eancia e emerg\u00eancia. Ontem (03), em Curitiba, o Prefeito Eduardo Dalmora esteve presente na solenidade de entrega de&nbsp;<strong>150 novas ambul\u00e2ncias<\/strong>, equipadas com Unidade de Terapia Intensiva (UTI) M\u00f3vel \u2013 ou ambul\u00e2ncias \u201cAlfa\u201d \u2013 pelo Governo do Estado do Paran\u00e1. Matinhos foi um dos munic\u00edpios contemplados com uma dessas unidades de \u00faltima gera\u00e7\u00e3o.<\/p>\n\n\n\n<p>A cerim\u00f4nia, liderada pelo&nbsp;<strong>Governador Carlos Massa Ratinho Junior<\/strong>&nbsp;e pelo<strong>&nbsp;Secret\u00e1rio de Estado da Sa\u00fade, Beto Preto<\/strong>, foi realizada no Pal\u00e1cio Igua\u00e7u e contou com a presen\u00e7a de prefeitos, deputados estaduais e diversas autoridades. O evento marcou o maior refor\u00e7o em UTIs m\u00f3veis da hist\u00f3ria do Paran\u00e1, com um investimento total de<strong>&nbsp;R$ 82,5 milh\u00f5es.&nbsp;<\/strong><\/p>\n\n\n\n<p><strong>&nbsp;<br><\/strong><strong>Prioridade no Ver\u00e3o Maior Paran\u00e1<\/strong><\/p>\n\n\n\n<p>A aquisi\u00e7\u00e3o da nova ambul\u00e2ncia \u00e9 estrat\u00e9gica para Matinhos, especialmente com a proximidade da alta temporada. O&nbsp;<strong>prefeito Eduardo Dalmora<\/strong>&nbsp;destacou a import\u00e2ncia do equipamento para a seguran\u00e7a no Litoral.<\/p>\n\n\n\n<p><em>&#8220;Essa ambul\u00e2ncia vem para nos ajudar muito, tanto o turista e o veranista, quanto o morador. Com o Ver\u00e3o Maior Paran\u00e1, a Opera\u00e7\u00e3o Ver\u00e3o e todos os eventos que teremos, ter um equipamento avan\u00e7ado como este \u00e9 fundamental. \u00c9 um investimento na sa\u00fade que garantir\u00e1 mais agilidade e capacidade de salvar vidas no tempo mais cr\u00edtico,&#8221;<\/em>&nbsp;afirmou o Prefeito.&nbsp;<\/p>\n\n\n\n<p>As novas unidades s\u00e3o classificadas como Unidades de Suporte Avan\u00e7ado (USA), totalmente equipadas com ventilador mec\u00e2nico (respirador), monitor card\u00edaco, desfibrilador autom\u00e1tico externo (DEA), ox\u00edmetro e bomba infusora. Isso permite que o primeiro atendimento em casos de acidentes, infartos ou outras emerg\u00eancias domiciliares seja realizado com a m\u00e1xima capacidade, antes mesmo do paciente chegar a um hospital.<\/p>\n\n\n\n<p><img decoding=\"async\" src=\"https:\/\/matinhos.atende.net\/cidadao\/load-image\/id\/6BE09793CDFFD8C6150F855F88B3F2DED6CD2081\" alt=\"WhatsApp Image 2025-12-04 at 08_45_11 (1)\">&nbsp;<br><strong>Sa\u00fade Descentralizada e Refor\u00e7ada&nbsp;<\/strong><\/p>\n\n\n\n<p>Com a entrega, o Governo do Estado praticamente triplica a frota de ambul\u00e2ncias UTI M\u00f3vel do Servi\u00e7o de Atendimento M\u00f3vel de Urg\u00eancia<strong>&nbsp;(Samu)<\/strong>&nbsp;no Paran\u00e1, passando de<strong>&nbsp;65 para 215 unidades<\/strong>&nbsp;\u201cAlfa\u201d em circula\u00e7\u00e3o em todo o Estado.<\/p>\n\n\n\n<p>A nova ambul\u00e2ncia de Matinhos ser\u00e1 integrada \u00e0 rede de urg\u00eancia e emerg\u00eancia municipal, fortalecendo a estrat\u00e9gia de descentraliza\u00e7\u00e3o da sa\u00fade e garantindo que o atendimento de alta complexidade chegue mais r\u00e1pido e mais perto da popula\u00e7\u00e3o.<\/p>\n\n\n\n<p>Prefeitura de Matinhos<\/p>\n","protected":false},"excerpt":{"rendered":"<p>O Prefeito Eduardo Dalmora participou da cerim\u00f4nia em Curitiba para receber a Unidade de Suporte Avan\u00e7ado, um investimento crucial para a seguran\u00e7a de moradores e turistas, especialmente no Litoral. O munic\u00edpio de Matinhos acaba de dar um salto significativo na qualidade do seu atendimento de urg\u00eancia e emerg\u00eancia. Ontem (03), em Curitiba, o Prefeito Eduardo [&hellip;]<\/p>\n","protected":false},"author":2,"featured_media":74704,"comment_status":"open","ping_status":"open","sticky":false,"template":"","format":"standard","meta":{"advanced_seo_description":"","jetpack_seo_html_title":"","jetpack_seo_noindex":false,"_jetpack_memberships_contains_paid_content":false,"footnotes":""},"categories":[88],"tags":[],"class_list":{"0":"post-74703","1":"post","2":"type-post","3":"status-publish","4":"format-standard","5":"has-post-thumbnail","7":"category-matinhos"},"jetpack_featured_media_url":"https:\/\/www.paranapraia.com.br\/wp-content\/uploads\/2025\/12\/WhatsApp-Image-2025-12-04-at-08_45_10-1.jpeg","jetpack_sharing_enabled":true,"_links":{"self":[{"href":"https:\/\/www.paranapraia.com.br\/index.php\/wp-json\/wp\/v2\/posts\/74703"}],"collection":[{"href":"https:\/\/www.paranapraia.com.br\/index.php\/wp-json\/wp\/v2\/posts"}],"about":[{"href":"https:\/\/www.paranapraia.com.br\/index.php\/wp-json\/wp\/v2\/types\/post"}],"author":[{"embeddable":true,"href":"https:\/\/www.paranapraia.com.br\/index.php\/wp-json\/wp\/v2\/users\/2"}],"replies":[{"embeddable":true,"href":"https:\/\/www.paranapraia.com.br\/index.php\/wp-json\/wp\/v2\/comments?post=74703"}],"version-history":[{"count":1,"href":"https:\/\/www.paranapraia.com.br\/index.php\/wp-json\/wp\/v2\/posts\/74703\/revisions"}],"predecessor-version":[{"id":74705,"href":"https:\/\/www.paranapraia.com.br\/index.php\/wp-json\/wp\/v2\/posts\/74703\/revisions\/74705"}],"wp:featuredmedia":[{"embeddable":true,"href":"https:\/\/www.paranapraia.com.br\/index.php\/wp-json\/wp\/v2\/media\/74704"}],"wp:attachment":[{"href":"https:\/\/www.paranapraia.com.br\/index.php\/wp-json\/wp\/v2\/media?parent=74703"}],"wp:term":[{"taxonomy":"category","embeddable":true,"href":"https:\/\/www.paranapraia.com.br\/index.php\/wp-json\/wp\/v2\/categories?post=74703"},{"taxonomy":"post_tag","embeddable":true,"href":"https:\/\/www.paranapraia.com.br\/index.php\/wp-json\/wp\/v2\/tags?post=74703"}],"curies":[{"name":"wp","href":"https:\/\/api.w.org\/{rel}","templated":true}]}}