{"id":74678,"date":"2025-12-02T11:35:11","date_gmt":"2025-12-02T14:35:11","guid":{"rendered":"https:\/\/www.paranapraia.com.br\/?p=74678"},"modified":"2025-12-02T11:35:13","modified_gmt":"2025-12-02T14:35:13","slug":"paranagua-recebera-acervo-itinerante-de-museus-estaduais","status":"publish","type":"post","link":"https:\/\/www.paranapraia.com.br\/index.php\/2025\/12\/02\/paranagua-recebera-acervo-itinerante-de-museus-estaduais\/","title":{"rendered":"Paranagu\u00e1 receber\u00e1 acervo itinerante de museus estaduais"},"content":{"rendered":"\n<p>A vice-prefeita de Paranagu\u00e1 Fabiana Parro e o secret\u00e1rio municipal de Cultura e Turismo, Jos\u00e9 Reis de Freitas Neto (Juca), representaram o munic\u00edpio na cerim\u00f4nia cultural realizada no Pal\u00e1cio Igua\u00e7u, nesta segunda-feira, (1\u00ba), quando o governador Carlos Massa Ratinho Junior entregou kits de instrumentos musicais a 90 cidades paranaenses e anunciou um pacote de R$ 100 milh\u00f5es para fortalecer o setor cultural em todo o Estado.<\/p>\n\n\n\n<figure class=\"wp-block-image size-full\"><img loading=\"lazy\" decoding=\"async\" width=\"850\" height=\"530\" src=\"https:\/\/www.paranapraia.com.br\/wp-content\/uploads\/2025\/12\/1000993557.jpg\" alt=\"\" class=\"wp-image-74680\" srcset=\"https:\/\/www.paranapraia.com.br\/wp-content\/uploads\/2025\/12\/1000993557.jpg 850w, https:\/\/www.paranapraia.com.br\/wp-content\/uploads\/2025\/12\/1000993557-300x187.jpg 300w, https:\/\/www.paranapraia.com.br\/wp-content\/uploads\/2025\/12\/1000993557-768x479.jpg 768w, https:\/\/www.paranapraia.com.br\/wp-content\/uploads\/2025\/12\/1000993557-696x434.jpg 696w\" sizes=\"(max-width: 850px) 100vw, 850px\" \/><\/figure>\n\n\n\n<p>Durante o encontro, o Governo do Estado tamb\u00e9m apresentou um projeto in\u00e9dito que descentraliza o acesso \u00e0 arte e ao patrim\u00f4nio hist\u00f3rico: a cria\u00e7\u00e3o de oito sat\u00e9lites dos museus estaduais, previstos para 2026. Entre os munic\u00edpios escolhidos est\u00e1 Paranagu\u00e1, que receber\u00e1 pe\u00e7as do acervo do Museu Casa Alfredo Andersen.<\/p>\n\n\n\n<p>A secret\u00e1ria estadual da Cultura, Luciana Casagrande Pereira, ressaltou que o momento marca um avan\u00e7o hist\u00f3rico para o Paran\u00e1. \u201cO governador anunciou um investimento recorde e in\u00e9dito no Fundo Estadual de Cultura, garantindo repasses aos munic\u00edpios que hoje integram o Sistema Municipal de Cultura, al\u00e9m de ampliar nosso programa de fomento para atender diretamente os agentes culturais. E o Litoral n\u00e3o ficar\u00e1 de fora: Paranagu\u00e1 receber\u00e1 a mostra do Museu Casa Alfredo Andersen, cidade que foi a porta de entrada para esse pai da pintura paranaense\u201d, destacou.<\/p>\n\n\n\n<p>Para a vice-prefeita, a escolha refor\u00e7a o reconhecimento do valor cultural da cidade-m\u00e3e do Paran\u00e1. \u201cMais uma vez Paranagu\u00e1 est\u00e1 sendo agraciada. O olhar do governador e de toda a sua equipe para o nosso munic\u00edpio \u00e9 muito importante. Resgatar a cultura seja na m\u00fasica, no teatro ou nas artes visuais significa valorizar nossa hist\u00f3ria e nomes importantes que fizeram e fazem parte dela\u201d, afirmou Fabiana Parro.<\/p>\n\n\n\n<p>O secret\u00e1rio Juca destacou que a mostra do artista Alfredo Andersen deve ocorrer na Casa Monsenhor Celso, com previs\u00e3o de abertura em maio de 2026. \u201cSer\u00e1 uma exposi\u00e7\u00e3o de seis meses. Andersen viveu em Paranagu\u00e1 por uma d\u00e9cada e se encantou com os casar\u00f5es e a nossa paisagem. Trazer parte desse acervo para a cidade tem grande significado\u201d, explicou.<\/p>\n\n\n\n<p>A cerim\u00f4nia cultural foi acompanhada, tamb\u00e9m, pelo vice-governador Darci Piana; secret\u00e1rios estaduais, deputados e lideran\u00e7as municipais de munic\u00edpios paranaenses.<\/p>\n\n\n\n<p>Assessoria <\/p>\n","protected":false},"excerpt":{"rendered":"<p>A vice-prefeita de Paranagu\u00e1 Fabiana Parro e o secret\u00e1rio municipal de Cultura e Turismo, Jos\u00e9 Reis de Freitas Neto (Juca), representaram o munic\u00edpio na cerim\u00f4nia cultural realizada no Pal\u00e1cio Igua\u00e7u, nesta segunda-feira, (1\u00ba), quando o governador Carlos Massa Ratinho Junior entregou kits de instrumentos musicais a 90 cidades paranaenses e anunciou um pacote de R$ [&hellip;]<\/p>\n","protected":false},"author":2,"featured_media":74679,"comment_status":"open","ping_status":"open","sticky":false,"template":"","format":"standard","meta":{"advanced_seo_description":"","jetpack_seo_html_title":"","jetpack_seo_noindex":false,"_jetpack_memberships_contains_paid_content":false,"footnotes":""},"categories":[40,77],"tags":[321],"class_list":{"0":"post-74678","1":"post","2":"type-post","3":"status-publish","4":"format-standard","5":"has-post-thumbnail","7":"category-destaques","8":"category-paranagua","9":"tag-paranagua"},"jetpack_featured_media_url":"https:\/\/www.paranapraia.com.br\/wp-content\/uploads\/2025\/12\/thumb-52.jpeg","jetpack_sharing_enabled":true,"_links":{"self":[{"href":"https:\/\/www.paranapraia.com.br\/index.php\/wp-json\/wp\/v2\/posts\/74678"}],"collection":[{"href":"https:\/\/www.paranapraia.com.br\/index.php\/wp-json\/wp\/v2\/posts"}],"about":[{"href":"https:\/\/www.paranapraia.com.br\/index.php\/wp-json\/wp\/v2\/types\/post"}],"author":[{"embeddable":true,"href":"https:\/\/www.paranapraia.com.br\/index.php\/wp-json\/wp\/v2\/users\/2"}],"replies":[{"embeddable":true,"href":"https:\/\/www.paranapraia.com.br\/index.php\/wp-json\/wp\/v2\/comments?post=74678"}],"version-history":[{"count":1,"href":"https:\/\/www.paranapraia.com.br\/index.php\/wp-json\/wp\/v2\/posts\/74678\/revisions"}],"predecessor-version":[{"id":74681,"href":"https:\/\/www.paranapraia.com.br\/index.php\/wp-json\/wp\/v2\/posts\/74678\/revisions\/74681"}],"wp:featuredmedia":[{"embeddable":true,"href":"https:\/\/www.paranapraia.com.br\/index.php\/wp-json\/wp\/v2\/media\/74679"}],"wp:attachment":[{"href":"https:\/\/www.paranapraia.com.br\/index.php\/wp-json\/wp\/v2\/media?parent=74678"}],"wp:term":[{"taxonomy":"category","embeddable":true,"href":"https:\/\/www.paranapraia.com.br\/index.php\/wp-json\/wp\/v2\/categories?post=74678"},{"taxonomy":"post_tag","embeddable":true,"href":"https:\/\/www.paranapraia.com.br\/index.php\/wp-json\/wp\/v2\/tags?post=74678"}],"curies":[{"name":"wp","href":"https:\/\/api.w.org\/{rel}","templated":true}]}}