{"id":74675,"date":"2025-12-02T11:32:19","date_gmt":"2025-12-02T14:32:19","guid":{"rendered":"https:\/\/www.paranapraia.com.br\/?p=74675"},"modified":"2025-12-02T11:32:21","modified_gmt":"2025-12-02T14:32:21","slug":"com-apoio-da-prefeitura-jogos-do-ifpr-deverao-movimentar-turismo-e-comercio-durante-cinco-dias-em-paranagua","status":"publish","type":"post","link":"https:\/\/www.paranapraia.com.br\/index.php\/2025\/12\/02\/com-apoio-da-prefeitura-jogos-do-ifpr-deverao-movimentar-turismo-e-comercio-durante-cinco-dias-em-paranagua\/","title":{"rendered":"Com apoio da Prefeitura, Jogos do IFPR dever\u00e3o movimentar turismo e com\u00e9rcio durante cinco dias em Paranagu\u00e1"},"content":{"rendered":"\n<p>Na \u00faltima segunda-feira, dia 1\u00ba, o prefeito Adriano Ramos recebeu, em seu gabinete, Isa\u00edas Costa Filho, mais conhecido como Kiko, diretor de Qualifica\u00e7\u00e3o Profissional e Esportes da Pr\u00f3-Reitoria de Ensino do Instituto Federal do Paran\u00e1 (IFPR). A reuni\u00e3o marcou a entrega simb\u00f3lica da camiseta oficial da 11\u00aa edi\u00e7\u00e3o dos Jogos do Instituto Federal do Paran\u00e1 (JIFPR), que ocorrer\u00e3o em Paranagu\u00e1 de 10 a 14 de dezembro. A abertura est\u00e1 marcada para o dia 10, \u00e0s 19h, na Arena Albertina Salmon, com entrada gratuita.<\/p>\n\n\n\n<p>Durante o encontro, o prefeito destacou a import\u00e2ncia dos Jogos para a cidade. \u201cParanagu\u00e1 tem investido na amplia\u00e7\u00e3o da sua estrutura esportiva e na forma\u00e7\u00e3o dos nossos estudantes. Receber os Jogos do IFPR \u00e9 motivo de orgulho e demonstra que o munic\u00edpio est\u00e1 preparado para sediar eventos de grande porte, aproximando ainda mais a popula\u00e7\u00e3o da educa\u00e7\u00e3o p\u00fablica de qualidade\u201d, afirmou Adriano Ramos.<\/p>\n\n\n\n<p>Ele tamb\u00e9m ressaltou o impacto econ\u00f4mico e social da competi\u00e7\u00e3o. \u201cA chegada de mais de 800 participantes ao longo da semana movimenta a cidade, fortalece o turismo e evidencia a hospitalidade parnanguara. \u00c9 uma oportunidade de mostrar nosso potencial e de consolidar Paranagu\u00e1 como refer\u00eancia em eventos esportivos no estado\u201d, completou o prefeito.<\/p>\n\n\n\n<p><strong>Mais de 800 participantes<\/strong><\/p>\n\n\n\n<p>A edi\u00e7\u00e3o de 2025 ser\u00e1 uma das maiores j\u00e1 realizadas pelo Instituto Federal. Segundo Isa\u00edas, a cidade receber\u00e1 cerca de 730 estudantes e 70 servidores, representando 25 campi do IFPR. \u201cN\u00f3s teremos aqui em Paranagu\u00e1 a presen\u00e7a de participantes de todo o estado. \u00c9 um evento grandioso, que vem sendo poss\u00edvel gra\u00e7as ao apoio muito grande que a Prefeitura tem nos dado para que os jogos aconte\u00e7am na cidade\u201d, afirmou.<\/p>\n\n\n\n<p>As modalidades de voleibol, basquete, futsal, xadrez e t\u00eanis de mesa ocorrer\u00e3o na Arena Albertina Salmon, enquanto o Aeroparque ser\u00e1 sede do voleibol de praia. A Prefeitura \u00e9 apoiadora oficial da competi\u00e7\u00e3o, com a disponibiliza\u00e7\u00e3o de toda a estrutura esportiva e operacional necess\u00e1ria. \u201cA Prefeitura est\u00e1 fornecendo a Arena, o Aeroparque, apoio de som, equipes da Guarda Municipal, seguran\u00e7a, ambul\u00e2ncia, socorristas e tudo que \u00e9 poss\u00edvel dentro da estrutura municipal\u201d, explicou Isa\u00edas.<\/p>\n\n\n\n<p>Ele tamb\u00e9m refor\u00e7ou que o impacto do evento ultrapassa o ambiente esportivo, alcan\u00e7ando o turismo e o com\u00e9rcio local. \u201cTodos os estudantes consomem nos mercados, lojas e restaurantes, e a empresa respons\u00e1vel pela alimenta\u00e7\u00e3o compra os mantimentos aqui na cidade. \u00c9 um evento que movimenta nossa economia de forma muito positiva\u201d, destacou.<\/p>\n\n\n\n<p>Isa\u00edas aproveitou para convidar a popula\u00e7\u00e3o a prestigiar as competi\u00e7\u00f5es. \u201c\u00c9 muito importante a participa\u00e7\u00e3o do p\u00fablico. O Instituto Federal quer estar cada vez mais pr\u00f3ximo da popula\u00e7\u00e3o parnanguara, permitindo que as pessoas conhe\u00e7am a institui\u00e7\u00e3o e participem n\u00e3o s\u00f3 dos jogos, mas de todos os eventos que promovemos na cidade\u201d, completou.<\/p>\n\n\n\n<p>Assessoria<\/p>\n","protected":false},"excerpt":{"rendered":"<p>Na \u00faltima segunda-feira, dia 1\u00ba, o prefeito Adriano Ramos recebeu, em seu gabinete, Isa\u00edas Costa Filho, mais conhecido como Kiko, diretor de Qualifica\u00e7\u00e3o Profissional e Esportes da Pr\u00f3-Reitoria de Ensino do Instituto Federal do Paran\u00e1 (IFPR). A reuni\u00e3o marcou a entrega simb\u00f3lica da camiseta oficial da 11\u00aa edi\u00e7\u00e3o dos Jogos do Instituto Federal do Paran\u00e1 [&hellip;]<\/p>\n","protected":false},"author":2,"featured_media":74676,"comment_status":"open","ping_status":"open","sticky":false,"template":"","format":"standard","meta":{"advanced_seo_description":"","jetpack_seo_html_title":"","jetpack_seo_noindex":false,"_jetpack_memberships_contains_paid_content":false,"footnotes":""},"categories":[40,77],"tags":[321],"class_list":{"0":"post-74675","1":"post","2":"type-post","3":"status-publish","4":"format-standard","5":"has-post-thumbnail","7":"category-destaques","8":"category-paranagua","9":"tag-paranagua"},"jetpack_featured_media_url":"https:\/\/www.paranapraia.com.br\/wp-content\/uploads\/2025\/12\/thumb-50.jpeg","jetpack_sharing_enabled":true,"_links":{"self":[{"href":"https:\/\/www.paranapraia.com.br\/index.php\/wp-json\/wp\/v2\/posts\/74675"}],"collection":[{"href":"https:\/\/www.paranapraia.com.br\/index.php\/wp-json\/wp\/v2\/posts"}],"about":[{"href":"https:\/\/www.paranapraia.com.br\/index.php\/wp-json\/wp\/v2\/types\/post"}],"author":[{"embeddable":true,"href":"https:\/\/www.paranapraia.com.br\/index.php\/wp-json\/wp\/v2\/users\/2"}],"replies":[{"embeddable":true,"href":"https:\/\/www.paranapraia.com.br\/index.php\/wp-json\/wp\/v2\/comments?post=74675"}],"version-history":[{"count":1,"href":"https:\/\/www.paranapraia.com.br\/index.php\/wp-json\/wp\/v2\/posts\/74675\/revisions"}],"predecessor-version":[{"id":74677,"href":"https:\/\/www.paranapraia.com.br\/index.php\/wp-json\/wp\/v2\/posts\/74675\/revisions\/74677"}],"wp:featuredmedia":[{"embeddable":true,"href":"https:\/\/www.paranapraia.com.br\/index.php\/wp-json\/wp\/v2\/media\/74676"}],"wp:attachment":[{"href":"https:\/\/www.paranapraia.com.br\/index.php\/wp-json\/wp\/v2\/media?parent=74675"}],"wp:term":[{"taxonomy":"category","embeddable":true,"href":"https:\/\/www.paranapraia.com.br\/index.php\/wp-json\/wp\/v2\/categories?post=74675"},{"taxonomy":"post_tag","embeddable":true,"href":"https:\/\/www.paranapraia.com.br\/index.php\/wp-json\/wp\/v2\/tags?post=74675"}],"curies":[{"name":"wp","href":"https:\/\/api.w.org\/{rel}","templated":true}]}}