{"id":74596,"date":"2025-11-29T20:37:00","date_gmt":"2025-11-29T23:37:00","guid":{"rendered":"https:\/\/www.paranapraia.com.br\/?p=74596"},"modified":"2025-11-29T20:37:02","modified_gmt":"2025-11-29T23:37:02","slug":"surpresa-revelada-gusttavo-lima-vai-se-apresentar-no-verao-maior-parana","status":"publish","type":"post","link":"https:\/\/www.paranapraia.com.br\/index.php\/2025\/11\/29\/surpresa-revelada-gusttavo-lima-vai-se-apresentar-no-verao-maior-parana\/","title":{"rendered":"Surpresa revelada: Gusttavo Lima vai se apresentar no Ver\u00e3o Maior Paran\u00e1"},"content":{"rendered":"\n<p>O sertanejo Gusttavo Lima \u00e9 a nova atra\u00e7\u00e3o confirmada do Ver\u00e3o Maior Paran\u00e1. A revela\u00e7\u00e3o foi feita durante o show do cantor em Curitiba, na noite deste s\u00e1bado (29). Ele se apresentar\u00e1 no dia 25 de janeiro, em Matinhos, no mesmo fim de semana de Ra\u00e7a Negra e F\u00e1bio J\u00fanior. Ainda resta uma surpresa, que ser\u00e1 revelada nos pr\u00f3ximos dias.<\/p>\n\n\n\n<p>Gusttavo Lima, &#8220;o Embaixador&#8221;, \u00e9 dono de alguns dos principais hits do sertanejo, como&nbsp;&#8220;Gatinha Assanhada&#8221;, &#8220;Balada&#8221;, &#8220;Homem de Fam\u00edlia&#8221;, &#8220;Z\u00e9 da Reca\u00edda&#8221;, &#8220;A Gente Fez Amor&#8221;, &#8220;Fui Fiel&#8221; e &#8220;Apelido Carinhoso&#8221;. Ele tem duas dezenas de \u00e1lbuns gravados e ao vivo, turn\u00eas premiadas e j\u00e1 ganhou ou foi indicado a alguns dos principais pr\u00eamios da m\u00fasica, como&nbsp;Trof\u00e9u Imprensa, Pr\u00eamio Multishow, Melhores do Ano e iBest.<\/p>\n\n\n\n<p>O cantor tem 21,6 milh\u00f5es de inscritos em seu canal no YouTube, 45 milh\u00f5es de seguidores no Instagram e 13,6 milh\u00f5es de ouvintes mensais no Spotify. Natural de Presidente Oleg\u00e1rio (Minas Gerais), o cantor toca viol\u00e3o, viola, guitarra, bateria, baixo e sanfona. Ele come\u00e7ou a carreira em 2010 e 15 anos depois \u00e9 um dos artistas mais reconhecidos do Brasil.<\/p>\n\n\n\n<p>Ele \u00e9 mais uma das grandes atra\u00e7\u00f5es do Ver\u00e3o Maior Paran\u00e1. A programa\u00e7\u00e3o tamb\u00e9m conta com&nbsp;Alok, Ana Castela, Belo, Z\u00e9 Neto e Cristiano, Luan Pereira, Atitude 67, Roupa Nova, Paralamas do Sucesso, Jeito Moleque, Ra\u00e7a Negra, Hugo &amp; Guilherme, Zez\u00e9 di Camargo &amp; Luciano, entre outros. As bandas internacionais s\u00e3o Gipsy Kings by Andre Reyes, da Fran\u00e7a, e Inner Circle, da Jamaica.<\/p>\n\n\n\n<p>Entre as novidades est\u00e3o shows nas quintas-feiras e palcos que devem ser maiores do que no ano passado. Os shows acontecer\u00e3o nas praias de Matinhos e Pontal do Paran\u00e1 e ter\u00e3o transmiss\u00e3o do SBT, Band, TVCI, Banda B e TV Paran\u00e1 Turismo para todo o Brasil.&nbsp;A edi\u00e7\u00e3o 2026 conta com patroc\u00ednios de Portos do Paran\u00e1, Copel, Sanepar, Via\u00e7\u00e3o Graciosa, Amstel, Renault, Sun Prime e Cooperativa Agr\u00e1ria.<\/p>\n\n\n\n<p>AEN\/PR<\/p>\n","protected":false},"excerpt":{"rendered":"<p>O sertanejo Gusttavo Lima \u00e9 a nova atra\u00e7\u00e3o confirmada do Ver\u00e3o Maior Paran\u00e1. A revela\u00e7\u00e3o foi feita durante o show do cantor em Curitiba, na noite deste s\u00e1bado (29). Ele se apresentar\u00e1 no dia 25 de janeiro, em Matinhos, no mesmo fim de semana de Ra\u00e7a Negra e F\u00e1bio J\u00fanior. Ainda resta uma surpresa, que [&hellip;]<\/p>\n","protected":false},"author":2,"featured_media":74597,"comment_status":"open","ping_status":"open","sticky":false,"template":"","format":"standard","meta":{"advanced_seo_description":"","jetpack_seo_html_title":"","jetpack_seo_noindex":false,"_jetpack_memberships_contains_paid_content":false,"footnotes":""},"categories":[40],"tags":[],"class_list":{"0":"post-74596","1":"post","2":"type-post","3":"status-publish","4":"format-standard","5":"has-post-thumbnail","7":"category-destaques"},"jetpack_featured_media_url":"https:\/\/www.paranapraia.com.br\/wp-content\/uploads\/2025\/11\/whatsapp_image_2025-11-29_at_15.30.12.jpg","jetpack_sharing_enabled":true,"_links":{"self":[{"href":"https:\/\/www.paranapraia.com.br\/index.php\/wp-json\/wp\/v2\/posts\/74596"}],"collection":[{"href":"https:\/\/www.paranapraia.com.br\/index.php\/wp-json\/wp\/v2\/posts"}],"about":[{"href":"https:\/\/www.paranapraia.com.br\/index.php\/wp-json\/wp\/v2\/types\/post"}],"author":[{"embeddable":true,"href":"https:\/\/www.paranapraia.com.br\/index.php\/wp-json\/wp\/v2\/users\/2"}],"replies":[{"embeddable":true,"href":"https:\/\/www.paranapraia.com.br\/index.php\/wp-json\/wp\/v2\/comments?post=74596"}],"version-history":[{"count":1,"href":"https:\/\/www.paranapraia.com.br\/index.php\/wp-json\/wp\/v2\/posts\/74596\/revisions"}],"predecessor-version":[{"id":74598,"href":"https:\/\/www.paranapraia.com.br\/index.php\/wp-json\/wp\/v2\/posts\/74596\/revisions\/74598"}],"wp:featuredmedia":[{"embeddable":true,"href":"https:\/\/www.paranapraia.com.br\/index.php\/wp-json\/wp\/v2\/media\/74597"}],"wp:attachment":[{"href":"https:\/\/www.paranapraia.com.br\/index.php\/wp-json\/wp\/v2\/media?parent=74596"}],"wp:term":[{"taxonomy":"category","embeddable":true,"href":"https:\/\/www.paranapraia.com.br\/index.php\/wp-json\/wp\/v2\/categories?post=74596"},{"taxonomy":"post_tag","embeddable":true,"href":"https:\/\/www.paranapraia.com.br\/index.php\/wp-json\/wp\/v2\/tags?post=74596"}],"curies":[{"name":"wp","href":"https:\/\/api.w.org\/{rel}","templated":true}]}}