{"id":74590,"date":"2025-11-29T11:21:39","date_gmt":"2025-11-29T14:21:39","guid":{"rendered":"https:\/\/www.paranapraia.com.br\/?p=74590"},"modified":"2025-11-29T11:21:41","modified_gmt":"2025-11-29T14:21:41","slug":"11a-edicao-dos-jogos-do-ifpr-acontece-de-10-a-14-de-dezembro-em-paranagua","status":"publish","type":"post","link":"https:\/\/www.paranapraia.com.br\/index.php\/2025\/11\/29\/11a-edicao-dos-jogos-do-ifpr-acontece-de-10-a-14-de-dezembro-em-paranagua\/","title":{"rendered":"11\u00aa Edi\u00e7\u00e3o dos Jogos do IFPR acontece de 10 a 14 de dezembro em Paranagu\u00e1"},"content":{"rendered":"\n<p>A 11\u00aa edi\u00e7\u00e3o dos Jogos do Instituto Federal do Paran\u00e1 (JIFPR) ser\u00e1 realizada entre os dias 10 e 14 de dezembro, em Paranagu\u00e1. A abertura ocorrer\u00e1 \u00e0s 19 horas do dia 10 de dezembro na Arena Albertina Salmon. A Prefeitura de Paranagu\u00e1 \u00e9 apoiadora do evento, atrav\u00e9s de toda a estrutura esportiva destinada para a realiza\u00e7\u00e3o dos jogos, al\u00e9m do apoio das Secretarias de Seguran\u00e7a, Educa\u00e7\u00e3o e Sa\u00fade.<\/p>\n\n\n\n<p>De acordo com o secret\u00e1rio municipal de Esportes, Silvio Lucas, a realiza\u00e7\u00e3o do evento consolida Paranagu\u00e1 como um dos destinos mais importantes para competi\u00e7\u00f5es no Estado.<\/p>\n\n\n\n<p>\u201cN\u00f3s temos em Paranagu\u00e1 um dos tr\u00eas melhores campos do Brasil, n\u00f3s temos uma Arena Esportiva, onde em espa\u00e7o ela \u00e9 comparada a grandes gin\u00e1sios\u201d, destaca o secret\u00e1rio. \u201cOs jogos v\u00e3o movimentar nosso com\u00e9rcio e a rede hoteleira porque n\u00f3s teremos em m\u00e9dia 800 atletas. Fora os dirigentes e tudo mais. E a gente fica muito feliz com isso porque a cidade ganha muito tamb\u00e9m\u201d, declara Silvio Lucas.<\/p>\n\n\n\n<p>Os Jogos do Instituto Federal do Paran\u00e1 (JIFPR) tem como objetivo principal o fomento \u00e0 pol\u00edtica acad\u00eamica esportiva na institui\u00e7\u00e3o, pautado nos pilares de respeito a diversidade e inclus\u00e3o social, buscando concatenar atrav\u00e9s da sua promo\u00e7\u00e3o, as diferentes manifesta\u00e7\u00f5es esportivas no mesmo tempo e espa\u00e7o entre Esporte educacional, participa\u00e7\u00e3o, lazer e rendimento no Instituto Federal do Paran\u00e1. \u00c9 o maior evento do Instituto Federal do Paran\u00e1 (IFPR).<\/p>\n\n\n\n<p><strong>Modalidades<\/strong><\/p>\n\n\n\n<p>As modalidades de voleibol, basquete, futsal, xadrez e t\u00eanis de mesa ser\u00e3o realizadas na Arena Albertina Salmon, enquanto o voleibol de praia ser\u00e1 no Aeroparque.<\/p>\n\n\n\n<p>Os JIFPR preveem a participa\u00e7\u00e3o de cerca de 750 estudantes dos g\u00eaneros masculino e feminino e cerca de 70 servidores do IFPR.<\/p>\n\n\n\n<p>O reitor do IFPR PR, Adriano Willian da Silva Viana Pereira, convida a popula\u00e7\u00e3o para prestigiar o evento. \u201cQuero convidar todos a prestigiarem os nossos jogos internos do IFPR. N\u00f3s teremos mais de 800 pessoas, entre atletas, que s\u00e3o estudantes, servidores, que estar\u00e3o acompanhando\u201d, ressalta.<\/p>\n\n\n\n<p><strong>Apoio da Prefeitura de Paranagu\u00e1<\/strong><\/p>\n\n\n\n<p>\u201cEu quero agradecer o prefeito Adriano Ramos e toda a sua equipe pela disponibiliza\u00e7\u00e3o dos locais onde acontecer\u00e3o os jogos, dos gin\u00e1sios de esporte e todo o apoio que tem dado para que esse importante evento institucional aconte\u00e7a&#8221;, declara o reitor.<\/p>\n\n\n\n<p>Para al\u00e9m de uma competi\u00e7\u00e3o esportiva, os Jogos do Instituto Federal do Paran\u00e1 (JIFPR) refletem uma a\u00e7\u00e3o educativa baseada em princ\u00edpios democr\u00e1ticos, sociais e culturais: democracia, conhecimento, educa\u00e7\u00e3o, respeito \u00e0 cidadania e humaniza\u00e7\u00e3o.<\/p>\n\n\n\n<p>Assessoria <\/p>\n","protected":false},"excerpt":{"rendered":"<p>A 11\u00aa edi\u00e7\u00e3o dos Jogos do Instituto Federal do Paran\u00e1 (JIFPR) ser\u00e1 realizada entre os dias 10 e 14 de dezembro, em Paranagu\u00e1. A abertura ocorrer\u00e1 \u00e0s 19 horas do dia 10 de dezembro na Arena Albertina Salmon. A Prefeitura de Paranagu\u00e1 \u00e9 apoiadora do evento, atrav\u00e9s de toda a estrutura esportiva destinada para a [&hellip;]<\/p>\n","protected":false},"author":2,"featured_media":74591,"comment_status":"open","ping_status":"open","sticky":false,"template":"","format":"standard","meta":{"advanced_seo_description":"","jetpack_seo_html_title":"","jetpack_seo_noindex":false,"_jetpack_memberships_contains_paid_content":false,"footnotes":""},"categories":[40,77],"tags":[321],"class_list":{"0":"post-74590","1":"post","2":"type-post","3":"status-publish","4":"format-standard","5":"has-post-thumbnail","7":"category-destaques","8":"category-paranagua","9":"tag-paranagua"},"jetpack_featured_media_url":"https:\/\/www.paranapraia.com.br\/wp-content\/uploads\/2025\/11\/thumb-48.jpeg","jetpack_sharing_enabled":true,"_links":{"self":[{"href":"https:\/\/www.paranapraia.com.br\/index.php\/wp-json\/wp\/v2\/posts\/74590"}],"collection":[{"href":"https:\/\/www.paranapraia.com.br\/index.php\/wp-json\/wp\/v2\/posts"}],"about":[{"href":"https:\/\/www.paranapraia.com.br\/index.php\/wp-json\/wp\/v2\/types\/post"}],"author":[{"embeddable":true,"href":"https:\/\/www.paranapraia.com.br\/index.php\/wp-json\/wp\/v2\/users\/2"}],"replies":[{"embeddable":true,"href":"https:\/\/www.paranapraia.com.br\/index.php\/wp-json\/wp\/v2\/comments?post=74590"}],"version-history":[{"count":1,"href":"https:\/\/www.paranapraia.com.br\/index.php\/wp-json\/wp\/v2\/posts\/74590\/revisions"}],"predecessor-version":[{"id":74592,"href":"https:\/\/www.paranapraia.com.br\/index.php\/wp-json\/wp\/v2\/posts\/74590\/revisions\/74592"}],"wp:featuredmedia":[{"embeddable":true,"href":"https:\/\/www.paranapraia.com.br\/index.php\/wp-json\/wp\/v2\/media\/74591"}],"wp:attachment":[{"href":"https:\/\/www.paranapraia.com.br\/index.php\/wp-json\/wp\/v2\/media?parent=74590"}],"wp:term":[{"taxonomy":"category","embeddable":true,"href":"https:\/\/www.paranapraia.com.br\/index.php\/wp-json\/wp\/v2\/categories?post=74590"},{"taxonomy":"post_tag","embeddable":true,"href":"https:\/\/www.paranapraia.com.br\/index.php\/wp-json\/wp\/v2\/tags?post=74590"}],"curies":[{"name":"wp","href":"https:\/\/api.w.org\/{rel}","templated":true}]}}