{"id":74587,"date":"2025-11-28T17:54:00","date_gmt":"2025-11-28T20:54:00","guid":{"rendered":"https:\/\/www.paranapraia.com.br\/?p=74587"},"modified":"2025-11-28T17:54:02","modified_gmt":"2025-11-28T20:54:02","slug":"secretaria-de-planejamento-e-gestao-promove-reuniao-tecnica-sobre-a-revitalizacao-da-orla-de-paranagua","status":"publish","type":"post","link":"https:\/\/www.paranapraia.com.br\/index.php\/2025\/11\/28\/secretaria-de-planejamento-e-gestao-promove-reuniao-tecnica-sobre-a-revitalizacao-da-orla-de-paranagua\/","title":{"rendered":"Secretaria de Planejamento e Gest\u00e3o promove reuni\u00e3o t\u00e9cnica sobre a revitaliza\u00e7\u00e3o da orla de Paranagu\u00e1"},"content":{"rendered":"\n<p>A Prefeitura de Paranagu\u00e1 realiza uma reuni\u00e3o t\u00e9cnica para apresentar o projeto de revitaliza\u00e7\u00e3o da orla de Paranagu\u00e1, no dia 3 de dezembro, \u00e0s 19h, na Associa\u00e7\u00e3o Comercial, Industrial e Agr\u00edcola de Paranagu\u00e1 (Aciap). A iniciativa da Secretaria Municipal de Planejamento e Gest\u00e3o acontece com apoio do Governo do Estado, Paran\u00e1 Projetos, escrit\u00f3rio do arquiteto Ricardo Amaral, atrav\u00e9s da Unilivre (Universidade Livre do Meio Ambiente).<\/p>\n\n\n\n<p>A iniciativa integra o amplo trabalho de requalifica\u00e7\u00e3o do Centro Hist\u00f3rico e conta com a parceria do Governo do Estado, respons\u00e1vel pelo projeto, enquanto \u00e0 Prefeitura de Paranagu\u00e1 cabe a obten\u00e7\u00e3o da licen\u00e7a ambiental pr\u00e9via junto ao IAT e a condu\u00e7\u00e3o de estudos complementares.<\/p>\n\n\n\n<p>De acordo com a secret\u00e1ria de Planejamento e Gest\u00e3o, V\u00e2nia Foes, o projeto abrange uma extensa \u00e1rea, que transformar\u00e1 todo o Centro Hist\u00f3rico de Paranagu\u00e1.<\/p>\n\n\n\n<p>\u201cO Governo do Estado nos concedeu um projeto e estamos buscando o licenciamento da obra junto aos \u00f3rg\u00e3os competentes. \u00c9 uma obra extensa, que inicia na ponte da Ilha dos Valadares, Mercado do Peixe, haver\u00e1 a revitaliza\u00e7\u00e3o com um estacionamento p\u00fablico, urbaniza\u00e7\u00e3o ampla de toda a Rua General Carneiro at\u00e9 a Benjamin Constant e a revitaliza\u00e7\u00e3o do Centro Gastron\u00f4mico, que envolve paisagismo, urbanismo, ilumina\u00e7\u00e3o p\u00fablica\u201d, explica a secret\u00e1ria V\u00e2nia Foes.<\/p>\n\n\n\n<p><strong>Resgate do Centro Hist\u00f3rico e da autoestima do parnanguara<\/strong><\/p>\n\n\n\n<p>A secret\u00e1ria faz quest\u00e3o de ressaltar a import\u00e2ncia do projeto para o dia a dia do parnanguara e para o desenvolvimento tur\u00edstico.<\/p>\n\n\n\n<p>\u201cO nosso objetivo \u00e9 resgatar a import\u00e2ncia de Paranagu\u00e1 como M\u00e3e do Estado, a import\u00e2ncia daquele local e resgatar a cultura e a autoestima do parnanguara, que precisa entender que o nosso Centro hist\u00f3rico tem uma riqueza e beleza \u00edmpar\u201d, diz V\u00e2nia.<\/p>\n\n\n\n<p>\u201cE a partir da\u00ed, oferecendo seguran\u00e7a, limpeza, oportunidade de desenvolvimento de uma gastronomia diferenciada, n\u00f3s queremos que esse espa\u00e7o seja usado pelo parnanguara e logicamente, a atra\u00e7\u00e3o do Turismo vem pelo pr\u00f3prio desenvolvimento econ\u00f4mico. Isso acaba por dar mais incentivo aos comerciantes e as pessoas que moram nas redondezas\u201d, diz a secret\u00e1ria.<\/p>\n\n\n\n<p>\u201cO nosso intuito e da Gest\u00e3o Municipal \u00e9 que o Centro Hist\u00f3rico seja resgatado, renas\u00e7a e seja requalificado\u201d, enfatiza V\u00e2nia.<\/p>\n\n\n\n<p><strong>Etapas<\/strong><\/p>\n\n\n\n<p>Sobre o desenvolvimento dos projetos, a secret\u00e1ria diz que no in\u00edcio do ano deve ser lan\u00e7ado pelo Governo do Estado o edital da concorr\u00eancia da licita\u00e7\u00e3o para que a obra possa iniciar. Por isso, a import\u00e2ncia de a popula\u00e7\u00e3o discutir o projeto.<\/p>\n\n\n\n<p>\u201cA reuni\u00e3o ser\u00e1 uma oportunidade \u00fanica de discutir o projeto. Para que o projeto executivo seja mais bem elaborado e atenda os anseios da popula\u00e7\u00e3o, n\u00f3s precisamos da reuni\u00e3o t\u00e9cnica para que o projeto seja apresentado para quem ainda n\u00e3o o conhece, e as pessoas levarem sua demanda, a sua perspectiva, o seu entendimento daquele espa\u00e7o urbano. N\u00f3s temos um s\u00edtio hist\u00f3rico ali. N\u00f3s temos muitos moradores na regi\u00e3o e eles precisam dizer o como sentem esse espa\u00e7o\u201d, enfatiza a secret\u00e1ria.<\/p>\n\n\n\n<p><strong>Expectativa dos comerciantes da regi\u00e3o<\/strong><\/p>\n\n\n\n<p>O comerciante Lu\u00eds Eduardo Kmiecik J\u00fanior, destaca que as expectativas para as obras s\u00e3o positivas. \u201cPelo projeto que a gente viu, esperamos que seja igual e que atraia bastante turista. A nossa cidade tem muito potencial para isso\u201d, declara o comerciante.<\/p>\n\n\n\n<p>\u201c\u00c9 importante que a opini\u00e3o dos moradores e comerciantes seja respeitada. Vai melhorar bastante porque com os locais reformados, as pessoas v\u00e3o come\u00e7ar a vir visitar\u201d, completa.<\/p>\n\n\n\n<p>O gerente de um restaurante na Rua da Praia, Jorge da Cruz J\u00fanior diz que Paranagu\u00e1 possui uma beleza \u00edmpar e que pode impulsionar toda a sua transforma\u00e7\u00e3o. \u201cO que mais esperamos \u00e9 atrair o turista e ter uma infraestrutura melhor. N\u00f3s temos uma orla linda que precisa ser lapidada para se tornar refer\u00eancia no Turismo\u201d, enfatiza.<\/p>\n\n\n\n<p>Vera Lopes, comerciante do Mercado Municipal, diz que espera o melhor desenvolvimento para a regi\u00e3o. \u201cEssa reforma vai ser uma maravilha \u00c9 uma alegria. Vai melhorar para n\u00f3s e vai ser muito bom para quem vem aqui. Porque os turistas v\u00e3o ter algo novo para ver\u201d, enfatiza.<\/p>\n\n\n\n<p>Assessoria <\/p>\n","protected":false},"excerpt":{"rendered":"<p>A Prefeitura de Paranagu\u00e1 realiza uma reuni\u00e3o t\u00e9cnica para apresentar o projeto de revitaliza\u00e7\u00e3o da orla de Paranagu\u00e1, no dia 3 de dezembro, \u00e0s 19h, na Associa\u00e7\u00e3o Comercial, Industrial e Agr\u00edcola de Paranagu\u00e1 (Aciap). A iniciativa da Secretaria Municipal de Planejamento e Gest\u00e3o acontece com apoio do Governo do Estado, Paran\u00e1 Projetos, escrit\u00f3rio do arquiteto [&hellip;]<\/p>\n","protected":false},"author":2,"featured_media":74588,"comment_status":"open","ping_status":"open","sticky":false,"template":"","format":"standard","meta":{"advanced_seo_description":"","jetpack_seo_html_title":"","jetpack_seo_noindex":false,"_jetpack_memberships_contains_paid_content":false,"footnotes":""},"categories":[40,77],"tags":[321],"class_list":{"0":"post-74587","1":"post","2":"type-post","3":"status-publish","4":"format-standard","5":"has-post-thumbnail","7":"category-destaques","8":"category-paranagua","9":"tag-paranagua"},"jetpack_featured_media_url":"https:\/\/www.paranapraia.com.br\/wp-content\/uploads\/2025\/11\/thumb-47.jpeg","jetpack_sharing_enabled":true,"_links":{"self":[{"href":"https:\/\/www.paranapraia.com.br\/index.php\/wp-json\/wp\/v2\/posts\/74587"}],"collection":[{"href":"https:\/\/www.paranapraia.com.br\/index.php\/wp-json\/wp\/v2\/posts"}],"about":[{"href":"https:\/\/www.paranapraia.com.br\/index.php\/wp-json\/wp\/v2\/types\/post"}],"author":[{"embeddable":true,"href":"https:\/\/www.paranapraia.com.br\/index.php\/wp-json\/wp\/v2\/users\/2"}],"replies":[{"embeddable":true,"href":"https:\/\/www.paranapraia.com.br\/index.php\/wp-json\/wp\/v2\/comments?post=74587"}],"version-history":[{"count":1,"href":"https:\/\/www.paranapraia.com.br\/index.php\/wp-json\/wp\/v2\/posts\/74587\/revisions"}],"predecessor-version":[{"id":74589,"href":"https:\/\/www.paranapraia.com.br\/index.php\/wp-json\/wp\/v2\/posts\/74587\/revisions\/74589"}],"wp:featuredmedia":[{"embeddable":true,"href":"https:\/\/www.paranapraia.com.br\/index.php\/wp-json\/wp\/v2\/media\/74588"}],"wp:attachment":[{"href":"https:\/\/www.paranapraia.com.br\/index.php\/wp-json\/wp\/v2\/media?parent=74587"}],"wp:term":[{"taxonomy":"category","embeddable":true,"href":"https:\/\/www.paranapraia.com.br\/index.php\/wp-json\/wp\/v2\/categories?post=74587"},{"taxonomy":"post_tag","embeddable":true,"href":"https:\/\/www.paranapraia.com.br\/index.php\/wp-json\/wp\/v2\/tags?post=74587"}],"curies":[{"name":"wp","href":"https:\/\/api.w.org\/{rel}","templated":true}]}}