{"id":74581,"date":"2025-11-28T17:48:27","date_gmt":"2025-11-28T20:48:27","guid":{"rendered":"https:\/\/www.paranapraia.com.br\/?p=74581"},"modified":"2025-11-28T17:48:29","modified_gmt":"2025-11-28T20:48:29","slug":"profissionais-da-saude-de-paranagua-participam-de-capacitacao-do-programa-lgbti-parana-mais-diversidade","status":"publish","type":"post","link":"https:\/\/www.paranapraia.com.br\/index.php\/2025\/11\/28\/profissionais-da-saude-de-paranagua-participam-de-capacitacao-do-programa-lgbti-parana-mais-diversidade\/","title":{"rendered":"Profissionais da Sa\u00fade de Paranagu\u00e1 participam de capacita\u00e7\u00e3o do programa LGBTI+ Paran\u00e1 Mais Diversidade"},"content":{"rendered":"\n<p>Funcion\u00e1rios da Secretaria Municipal de Sa\u00fade de Paranagu\u00e1 participaram, nessa quinta-feira (27), de uma capacita\u00e7\u00e3o promovida pelo programa LGBTI+ Paran\u00e1 Mais Diversidade. A forma\u00e7\u00e3o foi conduzida pelos palestrantes Lucas Siqueira e Jean Muksen, representantes do Grupo Dignidade, institui\u00e7\u00e3o refer\u00eancia nacional na defesa dos direitos da popula\u00e7\u00e3o LGBTI+.<\/p>\n\n\n\n<p>Durante o encontro, foram abordados temas essenciais para o aperfei\u00e7oamento do atendimento \u00e0 popula\u00e7\u00e3o LGBTI+, como conceitos sobre identidades de g\u00eanero e orienta\u00e7\u00f5es sexuais, estat\u00edsticas de viol\u00eancia, legisla\u00e7\u00e3o vigente, direitos da comunidade e pr\u00e1ticas de acolhimento humanizado no servi\u00e7o p\u00fablico de sa\u00fade.<\/p>\n\n\n\n<p>A iniciativa \u00e9 resultado da parceria entre a Secretaria Municipal de Sa\u00fade e o Grupo Dignidade, fundado em 14 de mar\u00e7o de 1992 com o objetivo de fortalecer o movimento LGBTI+ no Paran\u00e1. Ao longo de mais de tr\u00eas d\u00e9cadas de atua\u00e7\u00e3o, a entidade consolidou-se como refer\u00eancia nacional na promo\u00e7\u00e3o dos direitos humanos. O projeto tamb\u00e9m conta com o apoio da Itaipu Binacional, que, pela primeira vez em seus 50 anos de exist\u00eancia, financia uma a\u00e7\u00e3o voltada especificamente \u00e0 pauta LGBTI+.<\/p>\n\n\n\n<p>Durante a capacita\u00e7\u00e3o, a funcion\u00e1ria D\u00e9bora Cristina da Silva Prati destacou a import\u00e2ncia dos conte\u00fados trabalhados. \u201cMuitas vezes, por falta de conhecimento, podemos agir de forma inadequada. Os aprendizados foram extremamente importantes. A din\u00e2mica dos palestrantes nos fez refletir profundamente sobre o tema\u201d, afirmou.<\/p>\n\n\n\n<p>O palestrante Lucas Siqueira tamb\u00e9m agradeceu a receptividade da equipe da sa\u00fade municipal. \u201cFoi uma tarde muito agrad\u00e1vel. Os participantes demonstraram grande interesse e compreenderam que o atendimento \u00e0 comunidade LGBTI+ faz parte da nossa realidade cotidiana. Ficamos felizes em ver que a Secretaria de Sa\u00fade est\u00e1 de portas abertas para construir um atendimento mais humanizado e respeitoso \u00e0 diversidade\u201d, ressaltou.<\/p>\n\n\n\n<p>A capacita\u00e7\u00e3o integra as a\u00e7\u00f5es de fortalecimento das pol\u00edticas p\u00fablicas inclusivas no munic\u00edpio, reafirmando o compromisso de Paranagu\u00e1 com um servi\u00e7o de sa\u00fade baseado na equidade, no respeito \u00e0s diferen\u00e7as e na garantia de direitos para todos.<\/p>\n\n\n\n<p>Assessoria<\/p>\n","protected":false},"excerpt":{"rendered":"<p>Funcion\u00e1rios da Secretaria Municipal de Sa\u00fade de Paranagu\u00e1 participaram, nessa quinta-feira (27), de uma capacita\u00e7\u00e3o promovida pelo programa LGBTI+ Paran\u00e1 Mais Diversidade. A forma\u00e7\u00e3o foi conduzida pelos palestrantes Lucas Siqueira e Jean Muksen, representantes do Grupo Dignidade, institui\u00e7\u00e3o refer\u00eancia nacional na defesa dos direitos da popula\u00e7\u00e3o LGBTI+. Durante o encontro, foram abordados temas essenciais para [&hellip;]<\/p>\n","protected":false},"author":2,"featured_media":74582,"comment_status":"open","ping_status":"open","sticky":false,"template":"","format":"standard","meta":{"advanced_seo_description":"","jetpack_seo_html_title":"","jetpack_seo_noindex":false,"_jetpack_memberships_contains_paid_content":false,"footnotes":""},"categories":[1],"tags":[321],"class_list":{"0":"post-74581","1":"post","2":"type-post","3":"status-publish","4":"format-standard","5":"has-post-thumbnail","7":"category-sem-categoria","8":"tag-paranagua"},"jetpack_featured_media_url":"https:\/\/www.paranapraia.com.br\/wp-content\/uploads\/2025\/11\/thumb-45.jpeg","jetpack_sharing_enabled":true,"_links":{"self":[{"href":"https:\/\/www.paranapraia.com.br\/index.php\/wp-json\/wp\/v2\/posts\/74581"}],"collection":[{"href":"https:\/\/www.paranapraia.com.br\/index.php\/wp-json\/wp\/v2\/posts"}],"about":[{"href":"https:\/\/www.paranapraia.com.br\/index.php\/wp-json\/wp\/v2\/types\/post"}],"author":[{"embeddable":true,"href":"https:\/\/www.paranapraia.com.br\/index.php\/wp-json\/wp\/v2\/users\/2"}],"replies":[{"embeddable":true,"href":"https:\/\/www.paranapraia.com.br\/index.php\/wp-json\/wp\/v2\/comments?post=74581"}],"version-history":[{"count":1,"href":"https:\/\/www.paranapraia.com.br\/index.php\/wp-json\/wp\/v2\/posts\/74581\/revisions"}],"predecessor-version":[{"id":74583,"href":"https:\/\/www.paranapraia.com.br\/index.php\/wp-json\/wp\/v2\/posts\/74581\/revisions\/74583"}],"wp:featuredmedia":[{"embeddable":true,"href":"https:\/\/www.paranapraia.com.br\/index.php\/wp-json\/wp\/v2\/media\/74582"}],"wp:attachment":[{"href":"https:\/\/www.paranapraia.com.br\/index.php\/wp-json\/wp\/v2\/media?parent=74581"}],"wp:term":[{"taxonomy":"category","embeddable":true,"href":"https:\/\/www.paranapraia.com.br\/index.php\/wp-json\/wp\/v2\/categories?post=74581"},{"taxonomy":"post_tag","embeddable":true,"href":"https:\/\/www.paranapraia.com.br\/index.php\/wp-json\/wp\/v2\/tags?post=74581"}],"curies":[{"name":"wp","href":"https:\/\/api.w.org\/{rel}","templated":true}]}}