{"id":74578,"date":"2025-11-28T17:17:07","date_gmt":"2025-11-28T20:17:07","guid":{"rendered":"https:\/\/www.paranapraia.com.br\/?p=74578"},"modified":"2025-11-28T17:17:09","modified_gmt":"2025-11-28T20:17:09","slug":"22o-festival-do-caranguejo-movimenta-gastronomia-e-turismo-em-pontal-do-parana","status":"publish","type":"post","link":"https:\/\/www.paranapraia.com.br\/index.php\/2025\/11\/28\/22o-festival-do-caranguejo-movimenta-gastronomia-e-turismo-em-pontal-do-parana\/","title":{"rendered":"22\u00ba Festival do Caranguejo movimenta gastronomia e turismo em Pontal do Paran\u00e1"},"content":{"rendered":"\n<p>O evento ser\u00e1 realizado de 5 a 28 de dezembro e re\u00fane restaurantes, bares e bistr\u00f4s do munic\u00edpio com pratos tradicionais e receitas especiais \u00e0 base de caranguejo.<\/p>\n\n\n\n<p>A Prefeitura de Pontal do Paran\u00e1, por meio da Secretaria Municipal de Turismo e Desenvolvimento Econ\u00f4mico, convida o p\u00fablico a participar do 22\u00ba Festival do Caranguejo, que ocorrer\u00e1 de 5 a 28 de dezembro de 2025.<br>O p\u00fablico poder\u00e1 experimentar a tradicional d\u00fazia de caranguejos e receitas criativas \u00e0 base de carne de caranguejo.<\/p>\n\n\n\n<p>O festival reunir\u00e1 25 estabelecimentos e marca o in\u00edcio da temporada de ver\u00e3o 2025\/2026.<\/p>\n\n\n\n<p>\ud83e\udd80 A abertura oficial est\u00e1 prevista para 6 de dezembro, na Pra\u00e7a de Shangri-L\u00e1, conhecida como Pra\u00e7a do Caranguejo, s\u00edmbolo do evento.<\/p>\n\n\n\n<p>Durante o per\u00edodo, visitantes e moradores poder\u00e3o apreciar pratos tradicionais e vers\u00f5es elaboradas.<\/p>\n\n\n\n<p>Para a secret\u00e1ria municipal de Turismo e Desenvolvimento Econ\u00f4mico, Luciana Goldschmidt Costa, o festival expressa a cultura local e amplia as oportunidades para o turismo e a economia do munic\u00edpio. Ela afirma que o evento foi planejado conjuntamente com diferentes setores para receber moradores e visitantes com tradi\u00e7\u00e3o e sabores caracter\u00edsticos da regi\u00e3o.<\/p>\n\n\n\n<p>Entre os participantes de edi\u00e7\u00f5es anteriores est\u00e1 o Restaurante da Danuzia, na Ilha do Maciel. A propriet\u00e1ria, Danuzia do Pilar Ramos Cordeiro, relata o impacto positivo do festival no movimento do estabelecimento.<br>\u201cPra n\u00f3s aqui do restaurante foi \u00f3timo participar do festival. Tivemos mais movimento, principalmente depois da divulga\u00e7\u00e3o na ilha, e o p\u00fablico procurou bastante o caranguejo tradicional, que \u00e9 o nosso prato principal. A expectativa \u00e9 que este ano o evento seja ainda melhor\u201d, afirmou.<\/p>\n\n\n\n<p>O empres\u00e1rio Pedro Conejo, dono do Restaurante Pontal Grill, tamb\u00e9m comenta bons resultados.<br>\u201cPara n\u00f3s, empres\u00e1rios, o festival \u00e9 \u00f3timo. Eu, por exemplo, n\u00e3o vejo a hora de chegar dezembro para come\u00e7ar a vender caranguejo. Essa semana tive um cliente de Maring\u00e1 que queria provar o prato, e j\u00e1 deixei agendada a visita dele para dezembro. \u00c9 a \u00e9poca que mais vendo\u201d, contou.<\/p>\n\n\n\n<p>O Festival do Caranguejo \u00e9 uma realiza\u00e7\u00e3o da Prefeitura de Pontal do Paran\u00e1, por meio da Secretaria Municipal de Turismo e Desenvolvimento Econ\u00f4mico, com apoio do Conselho Municipal de Turismo.<br>Considerado um dos eventos mais tradicionais do litoral paranaense, segue como refer\u00eancia da identidade cai\u00e7ara e importante vetor para o turismo e a economia local.<\/p>\n\n\n\n<p>\ud83d\udcf8 Fotos: PMPPR\/ Moab<\/p>\n","protected":false},"excerpt":{"rendered":"<p>O evento ser\u00e1 realizado de 5 a 28 de dezembro e re\u00fane restaurantes, bares e bistr\u00f4s do munic\u00edpio com pratos tradicionais e receitas especiais \u00e0 base de caranguejo. A Prefeitura de Pontal do Paran\u00e1, por meio da Secretaria Municipal de Turismo e Desenvolvimento Econ\u00f4mico, convida o p\u00fablico a participar do 22\u00ba Festival do Caranguejo, que [&hellip;]<\/p>\n","protected":false},"author":2,"featured_media":74579,"comment_status":"open","ping_status":"open","sticky":false,"template":"","format":"standard","meta":{"advanced_seo_description":"","jetpack_seo_html_title":"","jetpack_seo_noindex":false,"_jetpack_memberships_contains_paid_content":false,"footnotes":""},"categories":[40,65],"tags":[711,318],"class_list":{"0":"post-74578","1":"post","2":"type-post","3":"status-publish","4":"format-standard","5":"has-post-thumbnail","7":"category-destaques","8":"category-pontal-do-parana","9":"tag-caranguejo","10":"tag-pontal-do-parana"},"jetpack_featured_media_url":"https:\/\/www.paranapraia.com.br\/wp-content\/uploads\/2025\/11\/FB_IMG_1764360867960.jpg","jetpack_sharing_enabled":true,"_links":{"self":[{"href":"https:\/\/www.paranapraia.com.br\/index.php\/wp-json\/wp\/v2\/posts\/74578"}],"collection":[{"href":"https:\/\/www.paranapraia.com.br\/index.php\/wp-json\/wp\/v2\/posts"}],"about":[{"href":"https:\/\/www.paranapraia.com.br\/index.php\/wp-json\/wp\/v2\/types\/post"}],"author":[{"embeddable":true,"href":"https:\/\/www.paranapraia.com.br\/index.php\/wp-json\/wp\/v2\/users\/2"}],"replies":[{"embeddable":true,"href":"https:\/\/www.paranapraia.com.br\/index.php\/wp-json\/wp\/v2\/comments?post=74578"}],"version-history":[{"count":1,"href":"https:\/\/www.paranapraia.com.br\/index.php\/wp-json\/wp\/v2\/posts\/74578\/revisions"}],"predecessor-version":[{"id":74580,"href":"https:\/\/www.paranapraia.com.br\/index.php\/wp-json\/wp\/v2\/posts\/74578\/revisions\/74580"}],"wp:featuredmedia":[{"embeddable":true,"href":"https:\/\/www.paranapraia.com.br\/index.php\/wp-json\/wp\/v2\/media\/74579"}],"wp:attachment":[{"href":"https:\/\/www.paranapraia.com.br\/index.php\/wp-json\/wp\/v2\/media?parent=74578"}],"wp:term":[{"taxonomy":"category","embeddable":true,"href":"https:\/\/www.paranapraia.com.br\/index.php\/wp-json\/wp\/v2\/categories?post=74578"},{"taxonomy":"post_tag","embeddable":true,"href":"https:\/\/www.paranapraia.com.br\/index.php\/wp-json\/wp\/v2\/tags?post=74578"}],"curies":[{"name":"wp","href":"https:\/\/api.w.org\/{rel}","templated":true}]}}