{"id":74566,"date":"2025-11-28T15:12:54","date_gmt":"2025-11-28T18:12:54","guid":{"rendered":"https:\/\/www.paranapraia.com.br\/?p=74566"},"modified":"2025-11-28T15:12:56","modified_gmt":"2025-11-28T18:12:56","slug":"prefeitura-de-pontal-do-parana-amplia-estrutura-da-vigilancia-em-saude-com-novos-equipamentos-e-tecnologia","status":"publish","type":"post","link":"https:\/\/www.paranapraia.com.br\/index.php\/2025\/11\/28\/prefeitura-de-pontal-do-parana-amplia-estrutura-da-vigilancia-em-saude-com-novos-equipamentos-e-tecnologia\/","title":{"rendered":"Prefeitura de Pontal do Paran\u00e1 amplia estrutura da Vigil\u00e2ncia em Sa\u00fade com novos equipamentos e tecnologia"},"content":{"rendered":"\n<p>A Prefeitura de Pontal do Paran\u00e1 ampliou a estrutura da Vigil\u00e2ncia em Sa\u00fade com a aquisi\u00e7\u00e3o de itens de 35 tipos, incluindo tablets, microsc\u00f3pios, uniformes e equipamentos t\u00e9cnicos que v\u00e3o aprimorar as a\u00e7\u00f5es de monitoramento, preven\u00e7\u00e3o e controle no munic\u00edpio.<\/p>\n\n\n\n<p>A entrega contou com a presen\u00e7a do prefeito de Pontal do Paran\u00e1 Rud\u00e3o Gimenes, da vice-prefeita Patricia Millo Marcomini, dos vereadores Oseias Leal e Nei da Pesca, da Secret\u00e1ria Municipal da Sa\u00fade Michele Straub e da enfermeira Aline Caroline Prado Sela, respons\u00e1vel t\u00e9cnica pelo setor.<\/p>\n\n\n\n<p>A amplia\u00e7\u00e3o do conjunto de ferramentas utilizadas pelas equipes de Vigil\u00e2ncia em Sa\u00fade e Vigil\u00e2ncia Ambiental representa um avan\u00e7o nas condi\u00e7\u00f5es de trabalho e na efici\u00eancia das atividades realizadas diariamente.<br>Entre os itens recebidos est\u00e3o uniformes, conservadoras de vacina, tablets, microsc\u00f3pios, estesi\u00f4metro, conjunto de cubetas e diversos materiais que comp\u00f5em o kit operacional dos agentes.<\/p>\n\n\n\n<p>Esses recursos se somam aos equipamentos j\u00e1 utilizados no trabalho de campo, como trena digital, trena comum, martelinho para quebra de criadouros, pipetas, pega-larvas e materiais educativos empregados em a\u00e7\u00f5es nas escolas, comunidades e unidades b\u00e1sicas de sa\u00fade.<br>Com os novos tablets, os registros realizados durante as visitas tornam-se mais \u00e1geis e organizados, contribuindo para uma rotina de monitoramento mais precisa.<\/p>\n\n\n\n<p>Entre as atividades contempladas pelas aquisi\u00e7\u00f5es est\u00e1 o uso das ovitrampas, armadilhas instaladas mensalmente em cem domic\u00edlios para identificar \u00e1reas com maior presen\u00e7a do Aedes aegypti. As paletas coletadas passam por an\u00e1lise detalhada, orientando estrat\u00e9gias de controle.<br>O conjunto de materiais tamb\u00e9m apoia o LIRA, realizado anualmente, quando as equipes percorrem todo o munic\u00edpio em mutir\u00e3o para coleta de larvas.<\/p>\n\n\n\n<p>A Secret\u00e1ria Municipal da Sa\u00fade, Michele Straub, comentou sobre o impacto dos novos materiais para o trabalho di\u00e1rio das equipes:<br>\u201cEsses materiais d\u00e3o mais condi\u00e7\u00f5es para que nossos profissionais atuem de forma eficiente e segura, permitindo que todo o processo de monitoramento e preven\u00e7\u00e3o seja conduzido com ainda mais qualidade\u201d, afirmou.<\/p>\n\n\n\n<p>O prefeito Rud\u00e3o Gimenes tamb\u00e9m falou sobre os benef\u00edcios trazidos pela amplia\u00e7\u00e3o da estrutura da Vigil\u00e2ncia em Sa\u00fade:<br>\u201cNosso objetivo \u00e9 garantir que as equipes tenham as ferramentas certas para atuar em cada regi\u00e3o da cidade, com mais agilidade e organiza\u00e7\u00e3o. Isso se reflete diretamente no cuidado com a popula\u00e7\u00e3o e na capacidade de resposta diante dos desafios do dia a dia\u201d, destacou.<\/p>\n\n\n\n<p>\ud83e\udd9f Al\u00e9m dos equipamentos t\u00e9cnicos, foram adquiridos novos uniformes para os agentes de endemias, camisetas, chap\u00e9us e bolsas, estas j\u00e1 compradas e aguardando entrega. As melhorias trazem mais organiza\u00e7\u00e3o e melhores condi\u00e7\u00f5es de atua\u00e7\u00e3o durante inspe\u00e7\u00f5es e atividades educativas.<\/p>\n\n\n\n<p>As aquisi\u00e7\u00f5es foram realizadas com recursos provenientes de Resolu\u00e7\u00f5es da Secretaria de Estado da Sa\u00fade (SESA) e tamb\u00e9m com investimento municipal.<\/p>\n\n\n\n<p>Com os novos equipamentos e insumos, a Vigil\u00e2ncia em Sa\u00fade de Pontal do Paran\u00e1 amplia sua capacidade de resposta, aprimorando as a\u00e7\u00f5es de monitoramento e preven\u00e7\u00e3o em todo o munic\u00edpio.<\/p>\n\n\n\n<p>\ud83d\udcf8 Fotos: PMPPR\/ Clovis Santos<\/p>\n","protected":false},"excerpt":{"rendered":"<p>A Prefeitura de Pontal do Paran\u00e1 ampliou a estrutura da Vigil\u00e2ncia em Sa\u00fade com a aquisi\u00e7\u00e3o de itens de 35 tipos, incluindo tablets, microsc\u00f3pios, uniformes e equipamentos t\u00e9cnicos que v\u00e3o aprimorar as a\u00e7\u00f5es de monitoramento, preven\u00e7\u00e3o e controle no munic\u00edpio. A entrega contou com a presen\u00e7a do prefeito de Pontal do Paran\u00e1 Rud\u00e3o Gimenes, da [&hellip;]<\/p>\n","protected":false},"author":2,"featured_media":74567,"comment_status":"open","ping_status":"open","sticky":false,"template":"","format":"standard","meta":{"advanced_seo_description":"","jetpack_seo_html_title":"","jetpack_seo_noindex":false,"_jetpack_memberships_contains_paid_content":false,"footnotes":""},"categories":[40,65],"tags":[318],"class_list":{"0":"post-74566","1":"post","2":"type-post","3":"status-publish","4":"format-standard","5":"has-post-thumbnail","7":"category-destaques","8":"category-pontal-do-parana","9":"tag-pontal-do-parana"},"jetpack_featured_media_url":"https:\/\/www.paranapraia.com.br\/wp-content\/uploads\/2025\/11\/FB_IMG_1764353538112.jpg","jetpack_sharing_enabled":true,"_links":{"self":[{"href":"https:\/\/www.paranapraia.com.br\/index.php\/wp-json\/wp\/v2\/posts\/74566"}],"collection":[{"href":"https:\/\/www.paranapraia.com.br\/index.php\/wp-json\/wp\/v2\/posts"}],"about":[{"href":"https:\/\/www.paranapraia.com.br\/index.php\/wp-json\/wp\/v2\/types\/post"}],"author":[{"embeddable":true,"href":"https:\/\/www.paranapraia.com.br\/index.php\/wp-json\/wp\/v2\/users\/2"}],"replies":[{"embeddable":true,"href":"https:\/\/www.paranapraia.com.br\/index.php\/wp-json\/wp\/v2\/comments?post=74566"}],"version-history":[{"count":1,"href":"https:\/\/www.paranapraia.com.br\/index.php\/wp-json\/wp\/v2\/posts\/74566\/revisions"}],"predecessor-version":[{"id":74568,"href":"https:\/\/www.paranapraia.com.br\/index.php\/wp-json\/wp\/v2\/posts\/74566\/revisions\/74568"}],"wp:featuredmedia":[{"embeddable":true,"href":"https:\/\/www.paranapraia.com.br\/index.php\/wp-json\/wp\/v2\/media\/74567"}],"wp:attachment":[{"href":"https:\/\/www.paranapraia.com.br\/index.php\/wp-json\/wp\/v2\/media?parent=74566"}],"wp:term":[{"taxonomy":"category","embeddable":true,"href":"https:\/\/www.paranapraia.com.br\/index.php\/wp-json\/wp\/v2\/categories?post=74566"},{"taxonomy":"post_tag","embeddable":true,"href":"https:\/\/www.paranapraia.com.br\/index.php\/wp-json\/wp\/v2\/tags?post=74566"}],"curies":[{"name":"wp","href":"https:\/\/api.w.org\/{rel}","templated":true}]}}