{"id":74563,"date":"2025-11-28T15:10:51","date_gmt":"2025-11-28T18:10:51","guid":{"rendered":"https:\/\/www.paranapraia.com.br\/?p=74563"},"modified":"2025-11-28T15:10:53","modified_gmt":"2025-11-28T18:10:53","slug":"prefeitura-realiza-nivelamento-e-aplicacao-de-fresa-em-ruas-da-ilha-dos-valadares-2","status":"publish","type":"post","link":"https:\/\/www.paranapraia.com.br\/index.php\/2025\/11\/28\/prefeitura-realiza-nivelamento-e-aplicacao-de-fresa-em-ruas-da-ilha-dos-valadares-2\/","title":{"rendered":"Prefeitura realiza nivelamento e aplica\u00e7\u00e3o de fresa em ruas da Ilha dos Valadares"},"content":{"rendered":"\n<p>A Prefeitura de Paranagu\u00e1 realizou, ao longo desta quarta-feira (26), servi\u00e7os de nivelamento e aplica\u00e7\u00e3o de fresa em diversas ruas do bairro 7 de Setembro, na Ilha dos Valadares. A iniciativa contemplou as ruas Bertoldo Mathias, do Parque, Alice Fernandes, Ant\u00f4nio Jorge Tramujas, Valdevino Silva Barreto e Moacir Mendes.<\/p>\n\n\n\n<p>A a\u00e7\u00e3o foi coordenada pela Secretaria Municipal de Obras P\u00fablicas em parceria com a Secretaria Regional da Ilha dos Valadares (Serval) com o objetivo de garantir um fluxo de ve\u00edculos mais seguros, especialmente na Rua Bertoldo Mathias, uma das principais vias utilizadas pelo \u00f4nibus que tem ponto final no local e que enfrentava dificuldades para trafegar, assim como caminh\u00f5es e ve\u00edculos menores.<\/p>\n\n\n\n<p>O secret\u00e1rio de Obras P\u00fablicas, Ozeias Rebello Costa, destacou que os trabalhos atendem \u00e0 determina\u00e7\u00e3o do prefeito. \u201cEstamos cumprindo a orienta\u00e7\u00e3o do prefeito Adriano Ramos e colaborando com o secret\u00e1rio M\u00e1rcio Vegas para atender tamb\u00e9m a Ilha dos Valadares. A Secretaria de Obras est\u00e1 com sua estrutura mobilizada e seguiremos trabalhando para melhorar esta e outras regi\u00f5es. Lembrando ainda que a Rua Bertoldo Mathias ser\u00e1 beneficiada com asfalto novo a partir do pr\u00f3ximo ano, dentro do programa Asfalto Novo, em parceria com o Governo do Estado do Paran\u00e1\u201d, afirmou.<\/p>\n\n\n\n<p>O superintendente da Serval, Maurilio Cruz, ressalta que essa medida ir\u00e1 melhorar o deslocamento de todos. &#8220;Os usu\u00e1rios dessa via solicitaram melhorias e foi uma a\u00e7\u00e3o conjunta dos secret\u00e1rios M\u00e1rcio Vega (interino da Serval) e Ozeias (obras), respeitando o cronograma de obras na cidade&#8221;.<\/p>\n\n\n\n<p>A Prefeitura informou que outras ruas tamb\u00e9m ser\u00e3o contempladas com o mesmo tipo de material, entre elas a Rua Beira Mar, pr\u00f3xima ao antigo Campo do Ming\u00e3o, na regi\u00e3o do Vila Bela.<\/p>\n\n\n\n<p>Assessoria<\/p>\n","protected":false},"excerpt":{"rendered":"<p>A Prefeitura de Paranagu\u00e1 realizou, ao longo desta quarta-feira (26), servi\u00e7os de nivelamento e aplica\u00e7\u00e3o de fresa em diversas ruas do bairro 7 de Setembro, na Ilha dos Valadares. A iniciativa contemplou as ruas Bertoldo Mathias, do Parque, Alice Fernandes, Ant\u00f4nio Jorge Tramujas, Valdevino Silva Barreto e Moacir Mendes. A a\u00e7\u00e3o foi coordenada pela Secretaria [&hellip;]<\/p>\n","protected":false},"author":2,"featured_media":74564,"comment_status":"open","ping_status":"open","sticky":false,"template":"","format":"standard","meta":{"advanced_seo_description":"","jetpack_seo_html_title":"","jetpack_seo_noindex":false,"_jetpack_memberships_contains_paid_content":false,"footnotes":""},"categories":[40,77],"tags":[321],"class_list":{"0":"post-74563","1":"post","2":"type-post","3":"status-publish","4":"format-standard","5":"has-post-thumbnail","7":"category-destaques","8":"category-paranagua","9":"tag-paranagua"},"jetpack_featured_media_url":"https:\/\/www.paranapraia.com.br\/wp-content\/uploads\/2025\/11\/thumb-44.jpeg","jetpack_sharing_enabled":true,"_links":{"self":[{"href":"https:\/\/www.paranapraia.com.br\/index.php\/wp-json\/wp\/v2\/posts\/74563"}],"collection":[{"href":"https:\/\/www.paranapraia.com.br\/index.php\/wp-json\/wp\/v2\/posts"}],"about":[{"href":"https:\/\/www.paranapraia.com.br\/index.php\/wp-json\/wp\/v2\/types\/post"}],"author":[{"embeddable":true,"href":"https:\/\/www.paranapraia.com.br\/index.php\/wp-json\/wp\/v2\/users\/2"}],"replies":[{"embeddable":true,"href":"https:\/\/www.paranapraia.com.br\/index.php\/wp-json\/wp\/v2\/comments?post=74563"}],"version-history":[{"count":1,"href":"https:\/\/www.paranapraia.com.br\/index.php\/wp-json\/wp\/v2\/posts\/74563\/revisions"}],"predecessor-version":[{"id":74565,"href":"https:\/\/www.paranapraia.com.br\/index.php\/wp-json\/wp\/v2\/posts\/74563\/revisions\/74565"}],"wp:featuredmedia":[{"embeddable":true,"href":"https:\/\/www.paranapraia.com.br\/index.php\/wp-json\/wp\/v2\/media\/74564"}],"wp:attachment":[{"href":"https:\/\/www.paranapraia.com.br\/index.php\/wp-json\/wp\/v2\/media?parent=74563"}],"wp:term":[{"taxonomy":"category","embeddable":true,"href":"https:\/\/www.paranapraia.com.br\/index.php\/wp-json\/wp\/v2\/categories?post=74563"},{"taxonomy":"post_tag","embeddable":true,"href":"https:\/\/www.paranapraia.com.br\/index.php\/wp-json\/wp\/v2\/tags?post=74563"}],"curies":[{"name":"wp","href":"https:\/\/api.w.org\/{rel}","templated":true}]}}