{"id":74560,"date":"2025-11-28T11:14:29","date_gmt":"2025-11-28T14:14:29","guid":{"rendered":"https:\/\/www.paranapraia.com.br\/?p=74560"},"modified":"2025-11-28T11:14:32","modified_gmt":"2025-11-28T14:14:32","slug":"captura-do-caranguejo-uca-comeca-no-dia-1o-iat-reforca-regras-e-fiscalizacao","status":"publish","type":"post","link":"https:\/\/www.paranapraia.com.br\/index.php\/2025\/11\/28\/captura-do-caranguejo-uca-comeca-no-dia-1o-iat-reforca-regras-e-fiscalizacao\/","title":{"rendered":"Captura do caranguejo-u\u00e7\u00e1 come\u00e7a no dia 1\u00ba; IAT refor\u00e7a regras e fiscaliza\u00e7\u00e3o"},"content":{"rendered":"\n<p>A temporada de captura do caranguejo-u\u00e7\u00e1 (<em>Ucides cordatus<\/em>) por pescadores e comerciantes come\u00e7a nesta segunda-feira (1\u00ba) com o fim do per\u00edodo de defeso da esp\u00e9cie. A permiss\u00e3o \u00e9 regulamentada pelo Instituto \u00c1gua e Terra (IAT) com base na&nbsp;<a href=\"https:\/\/celepar7.pr.gov.br\/sia\/atosnormativos\/form_cons_ato1.asp?Codigo=919\" target=\"_blank\" rel=\"noreferrer noopener\">Portaria do IAP n\u00ba 180\/2002<\/a>&nbsp;e tem dura\u00e7\u00e3o de pouco mais de tr\u00eas meses, seguindo at\u00e9 14 de mar\u00e7o. De 15 de mar\u00e7o a 30 de novembro a apreens\u00e3o volta a ficar proibida. Essa \u00e9 uma forma de garantir a continuidade da esp\u00e9cie com a reprodu\u00e7\u00e3o natural.<\/p>\n\n\n\n<p>Apesar da autoriza\u00e7\u00e3o, a legisla\u00e7\u00e3o ambiental prev\u00ea regramentos para a captura dos crust\u00e1ceos. A Portaria autoriza apenas a captura de machos do caranguejo-u\u00e7\u00e1 com mais de 7 cent\u00edmetros de carapa\u00e7a. O tamanho representa um cent\u00edmetro a mais do que estabelece a legisla\u00e7\u00e3o federal, definida pelo Instituto Brasileiro de Meio Ambiente e dos Recursos Naturais Renov\u00e1veis (Ibama).<\/p>\n\n\n\n<p>Al\u00e9m disso, a busca pelos animais \u00e9 permitida apenas de forma artesanal, feita com as m\u00e3os, com proibi\u00e7\u00e3o ao uso de qualquer tipo de ferramenta cortante \u2013 como enxadas, fac\u00f5es, foices, cavadeira e cortadeira, entre outros \u2013, de produtos qu\u00edmicos ou armadilhas como o la\u00e7o e redes, ou demais meios que possam machucar e matar os animais ou causar danos ao ambiente.<\/p>\n\n\n\n<p>Quem capturar, transportar, comercializar, beneficiar ou industrializar os crust\u00e1ceos em desacordo com as restri\u00e7\u00f5es determinadas pela Portaria ser\u00e1 enquadrado na Lei de Crimes Ambientais (Lei n\u00ba 9.605\/1998 e Decreto Federal n\u00ba6.514\/2008). As penalidades s\u00e3o multas de R$ 1,2 mil a R$ 50 mil, com acr\u00e9scimo de R$ 20 por quilo do animal apreendido. O valor varia de acordo com a quantidade de material proibido em uso pelo infrator.<\/p>\n\n\n\n<p>O crust\u00e1ceo, que \u00e9 encontrado em toda a costa brasileira, tem um papel essencial para os ecossistemas, especialmente nos manguezais, alimentando-se de folhas que depois s\u00e3o transformadas em nutrientes para outros organismos da cadeia alimentar. Al\u00e9m disso, ao cavar tocas, a esp\u00e9cie distribui nutrientes no solo, ajudando a preservar os ambientes.<\/p>\n\n\n\n<p><strong>ECONOMIA&nbsp;<\/strong>\u2013 De acordo com o coordenador do Setor de Fauna do escrit\u00f3rio regional do IAT no Litoral, Rafael Galv\u00e3o da Silva, o per\u00edodo de defeso contribui decisivamente para a reprodu\u00e7\u00e3o do caranguejo, permitindo assim a explora\u00e7\u00e3o fora dessas datas, movimentando a economia e o turismo da regi\u00e3o.<\/p>\n\n\n\n<p>\u201cVale lembrar que o caranguejo manguezal tem uma import\u00e2ncia muito grande para o Litoral paranaense, sendo ele um elo econ\u00f4mico, cultural e ambiental do Estado. Diversas comunidades dependem desse animal economicamente durante esse per\u00edodo do ano, por isso a temporada de captura artesanal da esp\u00e9cie\u201d, afirmou.<\/p>\n\n\n\n<p>A pesca de caranguejo foi respons\u00e1vel por movimentar aproximadamente R$ 9,8 milh\u00f5es no Paran\u00e1 em 2024, de acordo com o levantamento mais recente do Departamento de Economia Rural (Deral) da Secretaria de Estado da Agricultura e Abastecimento (Seab). Guaraque\u00e7aba liderou a produ\u00e7\u00e3o, com participa\u00e7\u00e3o de 37,6%, seguida por Guaratuba (18,6%), Paranagu\u00e1 (16,6%), Antonina (15,5%) e Pontal do Paran\u00e1 (11%) e Matinhos (0,5%).<\/p>\n\n\n\n<p>AEN\/PR<\/p>\n","protected":false},"excerpt":{"rendered":"<p>A temporada de captura do caranguejo-u\u00e7\u00e1 (Ucides cordatus) por pescadores e comerciantes come\u00e7a nesta segunda-feira (1\u00ba) com o fim do per\u00edodo de defeso da esp\u00e9cie. A permiss\u00e3o \u00e9 regulamentada pelo Instituto \u00c1gua e Terra (IAT) com base na&nbsp;Portaria do IAP n\u00ba 180\/2002&nbsp;e tem dura\u00e7\u00e3o de pouco mais de tr\u00eas meses, seguindo at\u00e9 14 de mar\u00e7o. [&hellip;]<\/p>\n","protected":false},"author":2,"featured_media":74561,"comment_status":"open","ping_status":"open","sticky":false,"template":"","format":"standard","meta":{"advanced_seo_description":"","jetpack_seo_html_title":"","jetpack_seo_noindex":false,"_jetpack_memberships_contains_paid_content":false,"footnotes":""},"categories":[40],"tags":[],"class_list":{"0":"post-74560","1":"post","2":"type-post","3":"status-publish","4":"format-standard","5":"has-post-thumbnail","7":"category-destaques"},"jetpack_featured_media_url":"https:\/\/www.paranapraia.com.br\/wp-content\/uploads\/2025\/11\/whatsapp_image_2021-12-01_at_10.19.17_2.jpg","jetpack_sharing_enabled":true,"_links":{"self":[{"href":"https:\/\/www.paranapraia.com.br\/index.php\/wp-json\/wp\/v2\/posts\/74560"}],"collection":[{"href":"https:\/\/www.paranapraia.com.br\/index.php\/wp-json\/wp\/v2\/posts"}],"about":[{"href":"https:\/\/www.paranapraia.com.br\/index.php\/wp-json\/wp\/v2\/types\/post"}],"author":[{"embeddable":true,"href":"https:\/\/www.paranapraia.com.br\/index.php\/wp-json\/wp\/v2\/users\/2"}],"replies":[{"embeddable":true,"href":"https:\/\/www.paranapraia.com.br\/index.php\/wp-json\/wp\/v2\/comments?post=74560"}],"version-history":[{"count":1,"href":"https:\/\/www.paranapraia.com.br\/index.php\/wp-json\/wp\/v2\/posts\/74560\/revisions"}],"predecessor-version":[{"id":74562,"href":"https:\/\/www.paranapraia.com.br\/index.php\/wp-json\/wp\/v2\/posts\/74560\/revisions\/74562"}],"wp:featuredmedia":[{"embeddable":true,"href":"https:\/\/www.paranapraia.com.br\/index.php\/wp-json\/wp\/v2\/media\/74561"}],"wp:attachment":[{"href":"https:\/\/www.paranapraia.com.br\/index.php\/wp-json\/wp\/v2\/media?parent=74560"}],"wp:term":[{"taxonomy":"category","embeddable":true,"href":"https:\/\/www.paranapraia.com.br\/index.php\/wp-json\/wp\/v2\/categories?post=74560"},{"taxonomy":"post_tag","embeddable":true,"href":"https:\/\/www.paranapraia.com.br\/index.php\/wp-json\/wp\/v2\/tags?post=74560"}],"curies":[{"name":"wp","href":"https:\/\/api.w.org\/{rel}","templated":true}]}}