{"id":74545,"date":"2025-11-28T10:59:39","date_gmt":"2025-11-28T13:59:39","guid":{"rendered":"https:\/\/www.paranapraia.com.br\/?p=74545"},"modified":"2025-11-28T10:59:42","modified_gmt":"2025-11-28T13:59:42","slug":"prefeitura-de-paranagua-fortalece-parceria-com-o-proerd-para-ampliar-acoes-de-prevencao-em-2026","status":"publish","type":"post","link":"https:\/\/www.paranapraia.com.br\/index.php\/2025\/11\/28\/prefeitura-de-paranagua-fortalece-parceria-com-o-proerd-para-ampliar-acoes-de-prevencao-em-2026\/","title":{"rendered":"Prefeitura de Paranagu\u00e1 fortalece parceria com o Proerd para ampliar a\u00e7\u00f5es de preven\u00e7\u00e3o em 2026"},"content":{"rendered":"\n<p>A equipe do Programa Educacional de Resist\u00eancia \u00e0s Drogas e \u00e0 Viol\u00eancia (Proerd) esteve na prefeitura nesta quinta-feira, dia 27, para alinhar a constru\u00e7\u00e3o do projeto que ser\u00e1 desenvolvido nas escolas municipais em 2026.<\/p>\n\n\n\n<p>Durante o encontro, os representantes da Pol\u00edcia Militar refor\u00e7aram a import\u00e2ncia da parceria com o munic\u00edpio para ampliar o alcance das a\u00e7\u00f5es de preven\u00e7\u00e3o entre crian\u00e7as e adolescentes. O prefeito Adriano Ramos destacou que a iniciativa tem impacto direto na forma\u00e7\u00e3o dos estudantes. \u201cNossa inten\u00e7\u00e3o, quando apoiamos e abrimos as portas das escolas da rede municipal para que a Pol\u00edcia Militar realize o projeto, \u00e9 proteger nossas crian\u00e7as. Nesta etapa em que elas est\u00e3o, tomar a decis\u00e3o certa pode ter um impacto muito grande no resto da vida delas\u201d, afirmou.<\/p>\n\n\n\n<p>A vice-prefeita Fabiana Parro ressaltou o papel da comunidade escolar no sucesso do programa. \u201c\u00c9 muito importante a participa\u00e7\u00e3o de toda a administra\u00e7\u00e3o e, principalmente, dos nossos professores, dos Instrutores do Proerd e de toda a comunidade escolar. Juntos, podemos formar crian\u00e7as mais conscientes e preparadas para fazerem escolhas seguras\u201d, refor\u00e7ou.<\/p>\n\n\n\n<p>O segundo-sargento Elias do Nascimento explicou que o Proerd tamb\u00e9m fortalece a rela\u00e7\u00e3o entre a Pol\u00edcia Militar e a popula\u00e7\u00e3o. \u201cO Proerd \u00e9 de suma import\u00e2ncia na forma\u00e7\u00e3o de nossas crian\u00e7as. D\u00e1 um outro olhar da Pol\u00edcia Militar em rela\u00e7\u00e3o \u00e0 comunidade. Quando o policial chega \u00e0 escola e se torna amigo deles, as crian\u00e7as se abrem e encontram uma refer\u00eancia positiva para o futuro.\u201d<\/p>\n\n\n\n<p>A cabo Suelen Lima, instrutora do programa, concorda. \u201cO projeto afasta as crian\u00e7as das drogas, da viol\u00eancia, e cria um v\u00ednculo de confian\u00e7a com o policial. Eles passam a ter mais credibilidade, mais conhecimento e mais seguran\u00e7a at\u00e9 para fazer uma den\u00fancia ou pedir ajuda\u201d, destacou.<\/p>\n\n\n\n<p>Tamb\u00e9m participaram da reuni\u00e3o o chefe de gabinete, Andr\u00e9 Ferruci, a cabo Bianca Nascimento e a soldado Suelen Dias.<\/p>\n\n\n\n<p>Prefeitura de Paranagu\u00e1 <\/p>\n","protected":false},"excerpt":{"rendered":"<p>A equipe do Programa Educacional de Resist\u00eancia \u00e0s Drogas e \u00e0 Viol\u00eancia (Proerd) esteve na prefeitura nesta quinta-feira, dia 27, para alinhar a constru\u00e7\u00e3o do projeto que ser\u00e1 desenvolvido nas escolas municipais em 2026. Durante o encontro, os representantes da Pol\u00edcia Militar refor\u00e7aram a import\u00e2ncia da parceria com o munic\u00edpio para ampliar o alcance das [&hellip;]<\/p>\n","protected":false},"author":2,"featured_media":74546,"comment_status":"open","ping_status":"open","sticky":false,"template":"","format":"standard","meta":{"advanced_seo_description":"","jetpack_seo_html_title":"","jetpack_seo_noindex":false,"_jetpack_memberships_contains_paid_content":false,"footnotes":""},"categories":[77],"tags":[],"class_list":{"0":"post-74545","1":"post","2":"type-post","3":"status-publish","4":"format-standard","5":"has-post-thumbnail","7":"category-paranagua"},"jetpack_featured_media_url":"https:\/\/www.paranapraia.com.br\/wp-content\/uploads\/2025\/11\/20981.jpg","jetpack_sharing_enabled":true,"_links":{"self":[{"href":"https:\/\/www.paranapraia.com.br\/index.php\/wp-json\/wp\/v2\/posts\/74545"}],"collection":[{"href":"https:\/\/www.paranapraia.com.br\/index.php\/wp-json\/wp\/v2\/posts"}],"about":[{"href":"https:\/\/www.paranapraia.com.br\/index.php\/wp-json\/wp\/v2\/types\/post"}],"author":[{"embeddable":true,"href":"https:\/\/www.paranapraia.com.br\/index.php\/wp-json\/wp\/v2\/users\/2"}],"replies":[{"embeddable":true,"href":"https:\/\/www.paranapraia.com.br\/index.php\/wp-json\/wp\/v2\/comments?post=74545"}],"version-history":[{"count":1,"href":"https:\/\/www.paranapraia.com.br\/index.php\/wp-json\/wp\/v2\/posts\/74545\/revisions"}],"predecessor-version":[{"id":74547,"href":"https:\/\/www.paranapraia.com.br\/index.php\/wp-json\/wp\/v2\/posts\/74545\/revisions\/74547"}],"wp:featuredmedia":[{"embeddable":true,"href":"https:\/\/www.paranapraia.com.br\/index.php\/wp-json\/wp\/v2\/media\/74546"}],"wp:attachment":[{"href":"https:\/\/www.paranapraia.com.br\/index.php\/wp-json\/wp\/v2\/media?parent=74545"}],"wp:term":[{"taxonomy":"category","embeddable":true,"href":"https:\/\/www.paranapraia.com.br\/index.php\/wp-json\/wp\/v2\/categories?post=74545"},{"taxonomy":"post_tag","embeddable":true,"href":"https:\/\/www.paranapraia.com.br\/index.php\/wp-json\/wp\/v2\/tags?post=74545"}],"curies":[{"name":"wp","href":"https:\/\/api.w.org\/{rel}","templated":true}]}}