{"id":74542,"date":"2025-11-28T10:56:30","date_gmt":"2025-11-28T13:56:30","guid":{"rendered":"https:\/\/www.paranapraia.com.br\/?p=74542"},"modified":"2025-11-28T10:56:32","modified_gmt":"2025-11-28T13:56:32","slug":"sebrae-apresenta-acoes-e-resultados-do-turismo-em-2025-em-encontro-com-empreendedores-em-pontal-do-parana","status":"publish","type":"post","link":"https:\/\/www.paranapraia.com.br\/index.php\/2025\/11\/28\/sebrae-apresenta-acoes-e-resultados-do-turismo-em-2025-em-encontro-com-empreendedores-em-pontal-do-parana\/","title":{"rendered":"Sebrae apresenta a\u00e7\u00f5es e resultados do Turismo em 2025 em encontro com empreendedores em Pontal do Paran\u00e1"},"content":{"rendered":"\n<p>Encontro re\u00fane empreendedores e institui\u00e7\u00f5es para divulgar dados do ano e fortalecer iniciativas do setor no munic\u00edpio.<\/p>\n\n\n\n<p>Pontal do Paran\u00e1 promove, no dia 3 de dezembro, um encontro voltado ao turismo e \u00e0 gastronomia para apresentar resultados de 2025 e reunir participantes envolvidos nos projetos realizados ao longo do ano.<\/p>\n\n\n\n<p>O encontro ocorre no dia 3 de dezembro, reunindo empreendedores do turismo e da gastronomia para apresentar resultados de 2025 e discutir iniciativas desenvolvidas no per\u00edodo. A programa\u00e7\u00e3o ser\u00e1 organizada da seguinte forma:<\/p>\n\n\n\n<p>\ud83d\udcc5 Data: 3 de dezembro de 2025<br>\ud83d\udd55 Hor\u00e1rio: 18h \u00e0s 20h<br>\ud83d\udccd Local: Pousada Para\u00edso do Sul<\/p>\n\n\n\n<ul class=\"wp-block-list\">\n<li>18h Boas-vindas e coffee break<\/li>\n\n\n\n<li>18h30 Palestra<\/li>\n\n\n\n<li>19h30 Apresenta\u00e7\u00e3o dos resultados de 2025<\/li>\n\n\n\n<li>20h Encerramento<\/li>\n<\/ul>\n\n\n\n<p>A palestra ter\u00e1 o tema Hospitalidade no Turismo: Encantar, Receber e Pertencer, com orienta\u00e7\u00f5es pr\u00e1ticas sobre atendimento, acolhimento e relacionamento com visitantes. A apresenta\u00e7\u00e3o dos resultados reunir\u00e1 dados e a\u00e7\u00f5es desenvolvidas em 2025, com destaque para o trabalho com os dez melhores colocados do Festival de Gastronomia de Pontal do Paran\u00e1, que integraram o Programa Turbine, voltado \u00e0 organiza\u00e7\u00e3o interna, padroniza\u00e7\u00e3o e consultorias especializadas.<br>Tamb\u00e9m ser\u00e3o apresentados os avan\u00e7os nas iniciativas de Indica\u00e7\u00e3o Geogr\u00e1fica, que reconhecem produtos e pr\u00e1ticas vinculadas ao territ\u00f3rio. Em Pontal do Paran\u00e1, Couro de Peixe e Cambira est\u00e3o em estudo; no caso da Cambira, h\u00e1 busca por reconhecimento como Indica\u00e7\u00e3o Gastron\u00f4mica, ampliando a visibilidade e as oportunidades para produtores locais.<br>A a\u00e7\u00e3o \u00e9 realizada pelo Sebrae em parceria com a Prefeitura de Pontal do Paran\u00e1 e re\u00fane setores interessados em acompanhar os dados do ano e fortalecer iniciativas conjuntas no munic\u00edpio.<\/p>\n\n\n\n<p>\u201cPara n\u00f3s, do Sebrae, \u00e9 uma alegria seguir ao lado da Prefeitura de Pontal do Paran\u00e1. Do Festival de Gastronomia Cai\u00e7ara \u00e0 capacita\u00e7\u00e3o dos dez restaurantes no Programa Turbine, essa parceria j\u00e1 mostra resultados importantes para o munic\u00edpio.<br>Trabalhamos respeitando a identidade cai\u00e7ara e fortalecendo o que j\u00e1 existe de valor na culin\u00e1ria local, criando melhores condi\u00e7\u00f5es de gest\u00e3o e ampliando oportunidades para os empreendedores. O Sebrae continua ao lado de Pontal do Paran\u00e1, apoiando iniciativas que gerem desenvolvimento, turismo e renda\u201d, afirmou Fernanda Pelizzari, Consultora deTurismo &#8211; Regional Leste<\/p>\n\n\n\n<p>A participa\u00e7\u00e3o \u00e9 gratuita e aberta ao p\u00fablico.<br>Inscri\u00e7\u00f5es podem ser feitas pelo link:<br>https:\/\/forms.gle\/ZSEQRP8SBLgQocZt8<\/p>\n\n\n\n<p>Foto: PMPPR<\/p>\n","protected":false},"excerpt":{"rendered":"<p>Encontro re\u00fane empreendedores e institui\u00e7\u00f5es para divulgar dados do ano e fortalecer iniciativas do setor no munic\u00edpio. Pontal do Paran\u00e1 promove, no dia 3 de dezembro, um encontro voltado ao turismo e \u00e0 gastronomia para apresentar resultados de 2025 e reunir participantes envolvidos nos projetos realizados ao longo do ano. O encontro ocorre no dia [&hellip;]<\/p>\n","protected":false},"author":2,"featured_media":74543,"comment_status":"open","ping_status":"open","sticky":false,"template":"","format":"standard","meta":{"advanced_seo_description":"","jetpack_seo_html_title":"","jetpack_seo_noindex":false,"_jetpack_memberships_contains_paid_content":false,"footnotes":""},"categories":[65],"tags":[],"class_list":{"0":"post-74542","1":"post","2":"type-post","3":"status-publish","4":"format-standard","5":"has-post-thumbnail","7":"category-pontal-do-parana"},"jetpack_featured_media_url":"https:\/\/www.paranapraia.com.br\/wp-content\/uploads\/2025\/11\/FB_IMG_1764338093736.jpg","jetpack_sharing_enabled":true,"_links":{"self":[{"href":"https:\/\/www.paranapraia.com.br\/index.php\/wp-json\/wp\/v2\/posts\/74542"}],"collection":[{"href":"https:\/\/www.paranapraia.com.br\/index.php\/wp-json\/wp\/v2\/posts"}],"about":[{"href":"https:\/\/www.paranapraia.com.br\/index.php\/wp-json\/wp\/v2\/types\/post"}],"author":[{"embeddable":true,"href":"https:\/\/www.paranapraia.com.br\/index.php\/wp-json\/wp\/v2\/users\/2"}],"replies":[{"embeddable":true,"href":"https:\/\/www.paranapraia.com.br\/index.php\/wp-json\/wp\/v2\/comments?post=74542"}],"version-history":[{"count":1,"href":"https:\/\/www.paranapraia.com.br\/index.php\/wp-json\/wp\/v2\/posts\/74542\/revisions"}],"predecessor-version":[{"id":74544,"href":"https:\/\/www.paranapraia.com.br\/index.php\/wp-json\/wp\/v2\/posts\/74542\/revisions\/74544"}],"wp:featuredmedia":[{"embeddable":true,"href":"https:\/\/www.paranapraia.com.br\/index.php\/wp-json\/wp\/v2\/media\/74543"}],"wp:attachment":[{"href":"https:\/\/www.paranapraia.com.br\/index.php\/wp-json\/wp\/v2\/media?parent=74542"}],"wp:term":[{"taxonomy":"category","embeddable":true,"href":"https:\/\/www.paranapraia.com.br\/index.php\/wp-json\/wp\/v2\/categories?post=74542"},{"taxonomy":"post_tag","embeddable":true,"href":"https:\/\/www.paranapraia.com.br\/index.php\/wp-json\/wp\/v2\/tags?post=74542"}],"curies":[{"name":"wp","href":"https:\/\/api.w.org\/{rel}","templated":true}]}}