{"id":74533,"date":"2025-11-27T12:48:17","date_gmt":"2025-11-27T15:48:17","guid":{"rendered":"https:\/\/www.paranapraia.com.br\/?p=74533"},"modified":"2025-11-27T12:48:20","modified_gmt":"2025-11-27T15:48:20","slug":"escrevivencias-da-eja-reforca-compromisso-da-prefeitura-de-paranagua-com-educacao-transformadora","status":"publish","type":"post","link":"https:\/\/www.paranapraia.com.br\/index.php\/2025\/11\/27\/escrevivencias-da-eja-reforca-compromisso-da-prefeitura-de-paranagua-com-educacao-transformadora\/","title":{"rendered":"Escreviv\u00eancias da EJA refor\u00e7a compromisso da Prefeitura de Paranagu\u00e1 com educa\u00e7\u00e3o transformadora"},"content":{"rendered":"\n<p>A Prefeitura de Paranagu\u00e1 realizou, na noite desta quarta-feira, dia 26, a Mostra \u201cEscreviv\u00eancias Paranagu\u00e1\u201d, um encontro marcado por emo\u00e7\u00f5es, relatos de supera\u00e7\u00e3o e o reconhecimento da for\u00e7a transformadora da Educa\u00e7\u00e3o de Jovens e Adultos (EJA). Inspirado no conceito de \u201cescreviv\u00eancia\u201d, criado pela escritora Concei\u00e7\u00e3o Evaristo, o projeto reuniu estudantes, professores e autoridades no Gin\u00e1sio Joaquim Tramujas para celebrar trajet\u00f3rias que ganharam novo sentido por meio do estudo e da escrita.<\/p>\n\n\n\n<p>A iniciativa busca registrar mem\u00f3rias, valorizar saberes populares e fortalecer o pertencimento \u00e0 identidade cultural parnanguara um compromisso que a administra\u00e7\u00e3o municipal mant\u00e9m como prioridade para ampliar oportunidades e promover inclus\u00e3o.<\/p>\n\n\n\n<p>A diretora da Escola Edite Lobo dos Santos, Edimar Pereira Neves, abriu o evento agradecendo o empenho da equipe pedag\u00f3gica e o envolvimento dos alunos. \u201cAgrade\u00e7o \u00e0 Secretaria de Educa\u00e7\u00e3o, na pessoa da professora Fab\u00edola Arcega, e aos meus dedicados professores. Obrigada por abra\u00e7arem esse trabalho com tanta responsabilidade. Aos nossos alunos, todo o nosso aplauso\u201d, destacou.<\/p>\n\n\n\n<p>Representando o prefeito Adriano Ramos, a secret\u00e1ria de Inclus\u00e3o, Isabelle Dias, refor\u00e7ou a import\u00e2ncia da iniciativa. \u201cTenho a miss\u00e3o honrosa de representar o prefeito neste evento. Sinto-me emocionada ao ouvir a professora Edimar e sua equipe diante de tanta dedica\u00e7\u00e3o. A educa\u00e7\u00e3o tem o poder de transformar vidas. Parab\u00e9ns a todos!\u201d, afirmou.<\/p>\n\n\n\n<p>O vereador Eduardo Oliveira ressaltou o impacto pessoal e social do EJA.<\/p>\n\n\n\n<p>\u201c\u00c9 gratificante participar desses eventos. Isso me completa como cidad\u00e3o. Onde voc\u00eas estiverem, estarei junto, porque acredito na educa\u00e7\u00e3o como um divisor de \u00e1guas na vida das pessoas\u201d, disse. O vereador Welington Frandji tamb\u00e9m destacou o significado do projeto. \u201cTodos n\u00f3s temos uma caminhada. Este \u00e9 um momento \u00fanico, que ficar\u00e1 guardado no cora\u00e7\u00e3o de cada um. A melhor refer\u00eancia da vida est\u00e1 na educa\u00e7\u00e3o, que aproxima e transforma\u201d, comentou.<\/p>\n\n\n\n<p>O professor doutor Ant\u00f4nio Nunes refor\u00e7ou o protagonismo dos alunos e educadores na constru\u00e7\u00e3o do projeto. \u201cToda a equipe est\u00e1 de parab\u00e9ns. Este evento s\u00f3 foi poss\u00edvel pelo trabalho e dedica\u00e7\u00e3o de todos\u201d, pontuou.<\/p>\n\n\n\n<p>A noite ainda contou com apresenta\u00e7\u00e3o da Banda Sem Limites, de Pontal do Paran\u00e1, projeto cultural da Escola Especial Ilha do Saber, que emocionou o p\u00fablico e refor\u00e7ou o car\u00e1ter inclusivo e acolhedor da Mostra.<\/p>\n\n\n\n<p>Com iniciativas como o Escreviv\u00eancias Paranagu\u00e1, a Prefeitura reafirma seu compromisso com uma educa\u00e7\u00e3o que respeita hist\u00f3rias, amplia horizontes e transforma vidas, colocando pessoas e suas experi\u00eancias no centro das pol\u00edticas p\u00fablicas.<\/p>\n\n\n\n<p>Prefeirura de Paranagu\u00e1 <\/p>\n","protected":false},"excerpt":{"rendered":"<p>A Prefeitura de Paranagu\u00e1 realizou, na noite desta quarta-feira, dia 26, a Mostra \u201cEscreviv\u00eancias Paranagu\u00e1\u201d, um encontro marcado por emo\u00e7\u00f5es, relatos de supera\u00e7\u00e3o e o reconhecimento da for\u00e7a transformadora da Educa\u00e7\u00e3o de Jovens e Adultos (EJA). Inspirado no conceito de \u201cescreviv\u00eancia\u201d, criado pela escritora Concei\u00e7\u00e3o Evaristo, o projeto reuniu estudantes, professores e autoridades no Gin\u00e1sio [&hellip;]<\/p>\n","protected":false},"author":2,"featured_media":74534,"comment_status":"open","ping_status":"open","sticky":false,"template":"","format":"standard","meta":{"advanced_seo_description":"","jetpack_seo_html_title":"","jetpack_seo_noindex":false,"_jetpack_memberships_contains_paid_content":false,"footnotes":""},"categories":[77],"tags":[],"class_list":{"0":"post-74533","1":"post","2":"type-post","3":"status-publish","4":"format-standard","5":"has-post-thumbnail","7":"category-paranagua"},"jetpack_featured_media_url":"https:\/\/www.paranapraia.com.br\/wp-content\/uploads\/2025\/11\/20965.jpg","jetpack_sharing_enabled":true,"_links":{"self":[{"href":"https:\/\/www.paranapraia.com.br\/index.php\/wp-json\/wp\/v2\/posts\/74533"}],"collection":[{"href":"https:\/\/www.paranapraia.com.br\/index.php\/wp-json\/wp\/v2\/posts"}],"about":[{"href":"https:\/\/www.paranapraia.com.br\/index.php\/wp-json\/wp\/v2\/types\/post"}],"author":[{"embeddable":true,"href":"https:\/\/www.paranapraia.com.br\/index.php\/wp-json\/wp\/v2\/users\/2"}],"replies":[{"embeddable":true,"href":"https:\/\/www.paranapraia.com.br\/index.php\/wp-json\/wp\/v2\/comments?post=74533"}],"version-history":[{"count":1,"href":"https:\/\/www.paranapraia.com.br\/index.php\/wp-json\/wp\/v2\/posts\/74533\/revisions"}],"predecessor-version":[{"id":74535,"href":"https:\/\/www.paranapraia.com.br\/index.php\/wp-json\/wp\/v2\/posts\/74533\/revisions\/74535"}],"wp:featuredmedia":[{"embeddable":true,"href":"https:\/\/www.paranapraia.com.br\/index.php\/wp-json\/wp\/v2\/media\/74534"}],"wp:attachment":[{"href":"https:\/\/www.paranapraia.com.br\/index.php\/wp-json\/wp\/v2\/media?parent=74533"}],"wp:term":[{"taxonomy":"category","embeddable":true,"href":"https:\/\/www.paranapraia.com.br\/index.php\/wp-json\/wp\/v2\/categories?post=74533"},{"taxonomy":"post_tag","embeddable":true,"href":"https:\/\/www.paranapraia.com.br\/index.php\/wp-json\/wp\/v2\/tags?post=74533"}],"curies":[{"name":"wp","href":"https:\/\/api.w.org\/{rel}","templated":true}]}}