{"id":74530,"date":"2025-11-27T12:45:22","date_gmt":"2025-11-27T15:45:22","guid":{"rendered":"https:\/\/www.paranapraia.com.br\/?p=74530"},"modified":"2025-11-27T12:45:24","modified_gmt":"2025-11-27T15:45:24","slug":"natal-solidario-da-portos-do-parana-preve-arrecadar-22-mil-brinquedos","status":"publish","type":"post","link":"https:\/\/www.paranapraia.com.br\/index.php\/2025\/11\/27\/natal-solidario-da-portos-do-parana-preve-arrecadar-22-mil-brinquedos\/","title":{"rendered":"Natal Solid\u00e1rio da Portos do Paran\u00e1 prev\u00ea arrecadar 2,2 mil brinquedos"},"content":{"rendered":"\n<p>O esp\u00edrito natalino tomou conta do Pal\u00e1cio Taguar\u00e9, sede administrativa da Portos do Paran\u00e1, no Litoral, nesta quarta-feira (26), marcando o in\u00edcio da 2\u00aa Edi\u00e7\u00e3o do Natal Solid\u00e1rio da Portos do Paran\u00e1. Mais que uma campanha, a iniciativa se tornou um convite \u00e0 empatia: a miss\u00e3o deste ano \u00e9 reunir 2,2 mil brinquedos \u2014 novos ou usados, desde que limpos e conservados \u2014 para presentear crian\u00e7as que vivem em condi\u00e7\u00f5es de vulnerabilidade social em Paranagu\u00e1.<\/p>\n\n\n\n<p>\u201cNo ano passado reunimos 1,2 mil brinquedos destinados ao Projeto Very Good e a outras organiza\u00e7\u00f5es, levando alegria para muitas fam\u00edlias. Neste ano, queremos ampliar ainda mais esse impacto\u201d, disse o diretor-presidente, Luiz Fernando Garcia. &#8220;Quem quiser, pode trazer os presentes embrulhados, desde que fa\u00e7a alguma indica\u00e7\u00e3o no pacote se o brinquedo \u00e9 para menino ou menina&#8221;.<\/p>\n\n\n\n<p>Quem ajudou a dar o tom da celebra\u00e7\u00e3o foi o Papai Noel, que emocionou crian\u00e7as, servidores e visitantes logo na abertura. Vivido pelo portu\u00e1rio Samir Amur Mattar Assad, o bom velhinho refor\u00e7ou que cada doa\u00e7\u00e3o carrega um gesto de amor. \u201cA magia do Natal acontece quando algu\u00e9m decide transformar o dia de outra pessoa. Em anos anteriores cada brinquedo recebido pela empresa se tornou um momento marcante para centenas de pequenos\u201d, afirmou.<\/p>\n\n\n\n<p>E a magia continuar\u00e1. Nos dias 9, 10 e 11 de dezembro, das 18h \u00e0s 20h30, o Papai Noel estar\u00e1 novamente no Pal\u00e1cio Taguar\u00e9. A visita \u00e9 aberta ao p\u00fablico, e as fam\u00edlias poder\u00e3o entregar suas doa\u00e7\u00f5es pessoalmente, tirar fotos e viver momentos especiais em um espa\u00e7o preparado com carinho para receber toda a comunidade.<\/p>\n\n\n\n<p>Nesta edi\u00e7\u00e3o, os primeiros beneficiados ser\u00e3o as crian\u00e7as atendidas pelo Grupo Very Good e pelo Centro Cultural 5C. Outras entidades ainda est\u00e3o sendo avaliadas para tamb\u00e9m receberem os presentes.<\/p>\n\n\n\n<p>\u201cQueremos alcan\u00e7ar o maior n\u00famero poss\u00edvel de fam\u00edlias este ano e deixar o Natal de muitas crian\u00e7as mais feliz\u201d, afirmou M\u00f4nica Denardi, coordenadora de Assist\u00eancia M\u00e9dica e Social da Diretoria Administrativa e Financeira da Portos do Paran\u00e1, e uma das respons\u00e1veis pela campanha. As contribui\u00e7\u00f5es podem ser feitas at\u00e9 18 de dezembro.<\/p>\n\n\n\n<p><strong>Servi\u00e7o:<\/strong><\/p>\n\n\n\n<p><strong>Como participar do Natal Solid\u00e1rio da Portos do Paran\u00e1<\/strong><\/p>\n\n\n\n<p>Arrecada\u00e7\u00e3o de brinquedos<\/p>\n\n\n\n<p>Data: at\u00e9 18 de dezembro<\/p>\n\n\n\n<p>Hor\u00e1rio: 8h30 \u00e0s 18h<\/p>\n\n\n\n<p>Locais: Pal\u00e1cio Taguar\u00e9 e Pal\u00e1cio Dom Pedro<\/p>\n\n\n\n<p>Encontro com o Papai Noel<\/p>\n\n\n\n<p>Datas: 9, 10 e 11 de dezembro<\/p>\n\n\n\n<p>Hor\u00e1rio: 18h \u00e0s 20h30<\/p>\n\n\n\n<p>Acesso gratuito<\/p>\n\n\n\n<p>Locais de entrega: Pal\u00e1cio Taguar\u00e9 e Pal\u00e1cio Dom Pedro<\/p>\n\n\n\n<p>AEN\/PR<\/p>\n","protected":false},"excerpt":{"rendered":"<p>O esp\u00edrito natalino tomou conta do Pal\u00e1cio Taguar\u00e9, sede administrativa da Portos do Paran\u00e1, no Litoral, nesta quarta-feira (26), marcando o in\u00edcio da 2\u00aa Edi\u00e7\u00e3o do Natal Solid\u00e1rio da Portos do Paran\u00e1. Mais que uma campanha, a iniciativa se tornou um convite \u00e0 empatia: a miss\u00e3o deste ano \u00e9 reunir 2,2 mil brinquedos \u2014 novos [&hellip;]<\/p>\n","protected":false},"author":2,"featured_media":74531,"comment_status":"open","ping_status":"open","sticky":false,"template":"","format":"standard","meta":{"advanced_seo_description":"","jetpack_seo_html_title":"","jetpack_seo_noindex":false,"_jetpack_memberships_contains_paid_content":false,"footnotes":""},"categories":[74],"tags":[],"class_list":{"0":"post-74530","1":"post","2":"type-post","3":"status-publish","4":"format-standard","5":"has-post-thumbnail","7":"category-setor-portuario"},"jetpack_featured_media_url":"https:\/\/www.paranapraia.com.br\/wp-content\/uploads\/2025\/11\/img_7068_1-scaled.jpg","jetpack_sharing_enabled":true,"_links":{"self":[{"href":"https:\/\/www.paranapraia.com.br\/index.php\/wp-json\/wp\/v2\/posts\/74530"}],"collection":[{"href":"https:\/\/www.paranapraia.com.br\/index.php\/wp-json\/wp\/v2\/posts"}],"about":[{"href":"https:\/\/www.paranapraia.com.br\/index.php\/wp-json\/wp\/v2\/types\/post"}],"author":[{"embeddable":true,"href":"https:\/\/www.paranapraia.com.br\/index.php\/wp-json\/wp\/v2\/users\/2"}],"replies":[{"embeddable":true,"href":"https:\/\/www.paranapraia.com.br\/index.php\/wp-json\/wp\/v2\/comments?post=74530"}],"version-history":[{"count":1,"href":"https:\/\/www.paranapraia.com.br\/index.php\/wp-json\/wp\/v2\/posts\/74530\/revisions"}],"predecessor-version":[{"id":74532,"href":"https:\/\/www.paranapraia.com.br\/index.php\/wp-json\/wp\/v2\/posts\/74530\/revisions\/74532"}],"wp:featuredmedia":[{"embeddable":true,"href":"https:\/\/www.paranapraia.com.br\/index.php\/wp-json\/wp\/v2\/media\/74531"}],"wp:attachment":[{"href":"https:\/\/www.paranapraia.com.br\/index.php\/wp-json\/wp\/v2\/media?parent=74530"}],"wp:term":[{"taxonomy":"category","embeddable":true,"href":"https:\/\/www.paranapraia.com.br\/index.php\/wp-json\/wp\/v2\/categories?post=74530"},{"taxonomy":"post_tag","embeddable":true,"href":"https:\/\/www.paranapraia.com.br\/index.php\/wp-json\/wp\/v2\/tags?post=74530"}],"curies":[{"name":"wp","href":"https:\/\/api.w.org\/{rel}","templated":true}]}}