{"id":74524,"date":"2025-11-27T12:38:40","date_gmt":"2025-11-27T15:38:40","guid":{"rendered":"https:\/\/www.paranapraia.com.br\/?p=74524"},"modified":"2025-11-27T12:38:42","modified_gmt":"2025-11-27T15:38:42","slug":"verao-maior-tera-10-postos-fixos-espalhados-pelo-litoral-e-noroeste-conheca-a-estrutura","status":"publish","type":"post","link":"https:\/\/www.paranapraia.com.br\/index.php\/2025\/11\/27\/verao-maior-tera-10-postos-fixos-espalhados-pelo-litoral-e-noroeste-conheca-a-estrutura\/","title":{"rendered":"Ver\u00e3o Maior ter\u00e1 10 postos fixos espalhados pelo Litoral e Noroeste: conhe\u00e7a a estrutura"},"content":{"rendered":"\n<p>O Governo do Estado inicia em dezembro mais uma edi\u00e7\u00e3o do Ver\u00e3o Maior Paran\u00e1, levando ao Litoral e ao Noroeste uma ampla estrutura de esporte, lazer, recrea\u00e7\u00e3o, e servi\u00e7os para a popula\u00e7\u00e3o.<\/p>\n\n\n\n<p>Os postos fixos, instalados em pontos estrat\u00e9gicos das praias e balne\u00e1rios, s\u00e3o o centro operacional do projeto e v\u00e3o concentrar diariamente atividades gratuitas para moradores e turistas no per\u00edodo entre 28 de dezembro de 2025 e 1\u00ba de fevereiro de 2026.<\/p>\n\n\n\n<p>No Litoral, os postos fixos do Ver\u00e3o Maior Paran\u00e1 estar\u00e3o em Guaratuba, Matinhos (Caiob\u00e1 e Riviera), Praia de Leste, Shangril\u00e1, Ipanema e na novidade desta edi\u00e7\u00e3o: Paranagu\u00e1\/Ilha do Mel.&nbsp;<\/p>\n\n\n\n<p>As a\u00e7\u00f5es tamb\u00e9m retornam \u00e0 regi\u00e3o Noroeste, nos munic\u00edpios de Porto Rico, Marilena e S\u00e3o Pedro do Paran\u00e1. A presen\u00e7a nessas localidades fortalece o turismo esportivo e estimula pr\u00e1ticas de lazer em \u00e1reas que tradicionalmente recebem grande fluxo de visitantes durante o ver\u00e3o.<\/p>\n\n\n\n<p><strong>EQUIPES&nbsp;<\/strong>\u2013<strong>&nbsp;<\/strong>Al\u00e9m da estrutura fixa, a opera\u00e7\u00e3o contar\u00e1 com quatro equipes itinerantes, duas equipes de avalia\u00e7\u00e3o, uma equipe de Promo\u00e7\u00e3o e outra de Eventos, que percorrem as praias para ampliar o alcance das atividades oferecidas ao p\u00fablico. Dessa forma, ser\u00e1 poss\u00edvel atender munic\u00edpios como Morretes e Antonina, al\u00e9m de outros balne\u00e1rios da regi\u00e3o.<\/p>\n\n\n\n<p>Para atender a popula\u00e7\u00e3o com qualidade e seguran\u00e7a, o Ver\u00e3o Maior contar\u00e1 com 300 profissionais. As equipes foram formadas ap\u00f3s a capacita\u00e7\u00e3o realizada em Pontal do Paran\u00e1, distribuindo 112 acad\u00eamicos de Educa\u00e7\u00e3o F\u00edsica, 12 acad\u00eamicos de Comunica\u00e7\u00e3o, 30 acad\u00eamicos de Turismo, 25 professores de Educa\u00e7\u00e3o F\u00edsica e 10 profissionais de Turismo.<\/p>\n\n\n\n<p><strong>FUNCIONAMENTO&nbsp;<\/strong>\u2013&nbsp;Os postos fixos s\u00e3o estruturados para funcionar como centros de lazer, conviv\u00eancia e promo\u00e7\u00e3o da sa\u00fade, oferecendo atividades de ter\u00e7a a domingo, sempre das 8h \u00e0s 12h e das 15h \u00e0s 19h.&nbsp;<\/p>\n\n\n\n<p>Cada unidade conta com: stand de atendimento ao p\u00fablico, palco com som para aulas, duas quadras de v\u00f4lei de praia, uma quadra de futebol de areia, duas quadras de beach t\u00eanis, duas mesas de teqball, quadra destinada ao handebol de praia e ao futebol infantil, \u00e1rea livre para recrea\u00e7\u00e3o, mini t\u00eanis e equipamentos de esportes radicais, como muro de escalada e tirolesa.<\/p>\n\n\n\n<p>A programa\u00e7\u00e3o di\u00e1ria \u00e9 orientada por professores e monitores e contempla atividades para todas as idades. Entre as op\u00e7\u00f5es oferecidas est\u00e3o aulas de gin\u00e1stica e funcional, recrea\u00e7\u00e3o infantil e familiar, pr\u00e1ticas esportivas, torneios, gincanas e empr\u00e9stimo de materiais esportivos, incluindo bolas, petecas, frisbee, frescobol e bete-ombro (bets).<\/p>\n\n\n\n<p><strong>Programa\u00e7\u00e3o de atividades nos postos<\/strong><\/p>\n\n\n\n<p><strong>Muro de Escalada e Tirolesa (itinerante)<\/strong><\/p>\n\n\n\n<p>Matinhos \u2013 28\/12 a 04\/01<\/p>\n\n\n\n<p>Shangril\u00e1 \u2013 06 a 11\/01<\/p>\n\n\n\n<p>Ipanema \u2013 13 a 18\/01<\/p>\n\n\n\n<p>Praia de Leste \u2013 20 a 25\/01<\/p>\n\n\n\n<p>Guaratuba \u2013 27\/01 a 01\/02<\/p>\n\n\n\n<p><strong>Escolinhas Esportivas e Lazer<\/strong><\/p>\n\n\n\n<p>Beach Tennis \u2013 todos os postos, diariamente das 17h \u00e0s 18h<\/p>\n\n\n\n<p>Taekwondo \u2013 aulas pontuais em cada praia, das 16h \u00e0s 17h<\/p>\n\n\n\n<p>Caiob\u00e1 \u2013 07\/01<\/p>\n\n\n\n<p>Guaratuba \u2013 08\/01<\/p>\n\n\n\n<p>Praia de Leste \u2013 14\/01<\/p>\n\n\n\n<p>Matinhos \u2013 15\/01<\/p>\n\n\n\n<p>Shangril\u00e1 \u2013 21\/01<\/p>\n\n\n\n<p>Ipanema \u2013 22\/01<\/p>\n\n\n\n<p><strong>Aulas de Palco (di\u00e1rias &#8211; todos os postos)<\/strong><\/p>\n\n\n\n<p>Yoga Adaptada \u2013 08h30<\/p>\n\n\n\n<p>Funcional \u2013 09h<\/p>\n\n\n\n<p>Ritmos Latinos e Diversos \u2013 10h30<\/p>\n\n\n\n<p>Gin\u00e1stica Convencional \u2013 11h<\/p>\n\n\n\n<p>Aul\u00e3o Maluco \u2013 17h30<\/p>\n\n\n\n<p>Gin\u00e1stica Convencional \u2013 18h<\/p>\n\n\n\n<p><strong>Equipes Itinerantes<\/strong><\/p>\n\n\n\n<p><strong>Guaratuba<\/strong><\/p>\n\n\n\n<p>28\/12 a 04\/01 \u2013 Praia das Pedras ou Praia do Prosd\u00f3cimo<\/p>\n\n\n\n<p>06 a 11\/01 \u2013 Barra do Sa\u00ed<\/p>\n\n\n\n<p>13 a 18\/01 \u2013 Caiob\u00e1<\/p>\n\n\n\n<p>20 a 25\/01 \u2013 Brejatuba<\/p>\n\n\n\n<p>27\/01 a 01\/02 \u2013 Praia Central (entre quiosques 5 e 6)<\/p>\n\n\n\n<p><strong>Antonina \/ Morretes<\/strong><\/p>\n\n\n\n<p>28\/12 a 04\/01 \u2013 Base em Matinhos<\/p>\n\n\n\n<p>06 a 11\/01 \u2013 Antonina<\/p>\n\n\n\n<p>13 a 18\/01 \u2013 Antonina<\/p>\n\n\n\n<p>20 a 25\/01 \u2013 Morretes<\/p>\n\n\n\n<p>27\/01 a 01\/02 \u2013 Morretes<\/p>\n\n\n\n<p><strong>Pontal do Paran\u00e1<\/strong><\/p>\n\n\n\n<p>28\/12 a 04\/01 \u2013 Pontal do Sul<\/p>\n\n\n\n<p>06 a 11\/01 \u2013 Pontal do Sul<\/p>\n\n\n\n<p>13 a 18\/01 \u2013 Santa Terezinha<\/p>\n\n\n\n<p>20 a 25\/01 \u2013 Santa Terezinha<\/p>\n\n\n\n<p>27\/01 a 01\/02 \u2013 Mon\u00e7\u00f5es<\/p>\n\n\n\n<p>AEN\/PR<\/p>\n","protected":false},"excerpt":{"rendered":"<p>O Governo do Estado inicia em dezembro mais uma edi\u00e7\u00e3o do Ver\u00e3o Maior Paran\u00e1, levando ao Litoral e ao Noroeste uma ampla estrutura de esporte, lazer, recrea\u00e7\u00e3o, e servi\u00e7os para a popula\u00e7\u00e3o. Os postos fixos, instalados em pontos estrat\u00e9gicos das praias e balne\u00e1rios, s\u00e3o o centro operacional do projeto e v\u00e3o concentrar diariamente atividades gratuitas [&hellip;]<\/p>\n","protected":false},"author":2,"featured_media":74525,"comment_status":"open","ping_status":"open","sticky":false,"template":"","format":"standard","meta":{"advanced_seo_description":"","jetpack_seo_html_title":"","jetpack_seo_noindex":false,"_jetpack_memberships_contains_paid_content":false,"footnotes":""},"categories":[40],"tags":[],"class_list":{"0":"post-74524","1":"post","2":"type-post","3":"status-publish","4":"format-standard","5":"has-post-thumbnail","7":"category-destaques"},"jetpack_featured_media_url":"https:\/\/www.paranapraia.com.br\/wp-content\/uploads\/2025\/11\/img_0288-scaled.jpg","jetpack_sharing_enabled":true,"_links":{"self":[{"href":"https:\/\/www.paranapraia.com.br\/index.php\/wp-json\/wp\/v2\/posts\/74524"}],"collection":[{"href":"https:\/\/www.paranapraia.com.br\/index.php\/wp-json\/wp\/v2\/posts"}],"about":[{"href":"https:\/\/www.paranapraia.com.br\/index.php\/wp-json\/wp\/v2\/types\/post"}],"author":[{"embeddable":true,"href":"https:\/\/www.paranapraia.com.br\/index.php\/wp-json\/wp\/v2\/users\/2"}],"replies":[{"embeddable":true,"href":"https:\/\/www.paranapraia.com.br\/index.php\/wp-json\/wp\/v2\/comments?post=74524"}],"version-history":[{"count":1,"href":"https:\/\/www.paranapraia.com.br\/index.php\/wp-json\/wp\/v2\/posts\/74524\/revisions"}],"predecessor-version":[{"id":74526,"href":"https:\/\/www.paranapraia.com.br\/index.php\/wp-json\/wp\/v2\/posts\/74524\/revisions\/74526"}],"wp:featuredmedia":[{"embeddable":true,"href":"https:\/\/www.paranapraia.com.br\/index.php\/wp-json\/wp\/v2\/media\/74525"}],"wp:attachment":[{"href":"https:\/\/www.paranapraia.com.br\/index.php\/wp-json\/wp\/v2\/media?parent=74524"}],"wp:term":[{"taxonomy":"category","embeddable":true,"href":"https:\/\/www.paranapraia.com.br\/index.php\/wp-json\/wp\/v2\/categories?post=74524"},{"taxonomy":"post_tag","embeddable":true,"href":"https:\/\/www.paranapraia.com.br\/index.php\/wp-json\/wp\/v2\/tags?post=74524"}],"curies":[{"name":"wp","href":"https:\/\/api.w.org\/{rel}","templated":true}]}}