{"id":74521,"date":"2025-11-27T12:35:05","date_gmt":"2025-11-27T15:35:05","guid":{"rendered":"https:\/\/www.paranapraia.com.br\/?p=74521"},"modified":"2025-11-27T12:35:08","modified_gmt":"2025-11-27T15:35:08","slug":"com-apoio-do-estado-oito-alunos-de-paranagua-vivenciam-intercambio-em-portugal","status":"publish","type":"post","link":"https:\/\/www.paranapraia.com.br\/index.php\/2025\/11\/27\/com-apoio-do-estado-oito-alunos-de-paranagua-vivenciam-intercambio-em-portugal\/","title":{"rendered":"Com apoio do Estado, oito alunos de Paranagu\u00e1 vivenciam interc\u00e2mbio em Portugal"},"content":{"rendered":"\n<p>Promover o desenvolvimento da cultura nacional e enriquecer a forma\u00e7\u00e3o de estudantes por meio do contato com diferentes linguagens art\u00edstico-culturais \u00e9 a proposta do programa \u201cEra Uma Vez\u2026 Brasil\u201d, iniciativa nacional de car\u00e1ter formativo realizada pela Origem Produ\u00e7\u00f5es e viabilizada por meio de patroc\u00ednios privados e pela Lei de Incentivo \u00e0 Cultura (Lei Rouanet).&nbsp;<\/p>\n\n\n\n<p>Neste ano, a estreia do programa no Paran\u00e1 foi viabilizada pela Secretaria da Estado da Educa\u00e7\u00e3o (Seed-PR) e contou com a participa\u00e7\u00e3o de 7 escolas e 100 alunos de todo o Estado.<\/p>\n\n\n\n<p>Entre os destaques, oito estudantes (Luiz Pedro Alves Dias, Ludmyla Chagas Francisco de Lima, Arthur de Oliveira Nascimento, Nicolas Arz\u00e3o Lopes, Julia de Oliveira Barcelos, Leydson Yuri Feitoza de Souza e Eduarda Herozo dos Santos) e uma professora (Amanda Gondro Celestino) do Col\u00e9gio Instituto Estadual de Educa\u00e7\u00e3o Dr. Caetano Munhoz Rocha, de Paranagu\u00e1, no Litoral, foram selecionados para uma imers\u00e3o cultural de dez dias em Portugal. A etapa foi reservada aos participantes que alcan\u00e7aram melhor desempenho na jornada formativa.<\/p>\n\n\n\n<p>\u201cExperi\u00eancias formativas que extrapolam a sala de aula e colocam nossos estudantes em contato com diferentes perspectivas culturais, hist\u00f3ricas e sociais t\u00eam um valor imenso. Ver jovens do Paran\u00e1 protagonizando um interc\u00e2mbio como este \u00e9 muito gratificante\u201d, disse Roni Miranda, secret\u00e1rio estadual da Educa\u00e7\u00e3o.&nbsp;<\/p>\n\n\n\n<p>A sele\u00e7\u00e3o dos participantes ocorreu em m\u00faltiplas etapas pedag\u00f3gicas e art\u00edsticas. Na primeira fase, que aconteceu no m\u00eas de mar\u00e7o,&nbsp;professores de Hist\u00f3ria trabalharam conte\u00fados sobre a forma\u00e7\u00e3o do Brasil com turmas do oitavo ano do ensino fundamental. A proposta era a produ\u00e7\u00e3o de HQs (hist\u00f3rias em quadrinhos) sobre o tema&nbsp;\u201cQuem conta a nossa hist\u00f3ria?\u201d.&nbsp;Participaram desta fase 73 alunos paranaenses e, entre estes, 50&nbsp; foram classificados para a etapa seguinte, a de imers\u00e3o.<\/p>\n\n\n\n<p>Na segunda etapa, realizada no m\u00eas de julho, os estudantes classificados participaram de oficinas audiovisuais no Instituto Estadual de Educa\u00e7\u00e3o Dr. Caetano Munhoz da Rocha, em Paranagu\u00e1. Ao final das atividades, eles foram desafiados a produzir curtas-metragens inspirados nas narrativas hist\u00f3ricas estudadas, integrando temas como identidade nacional, ancestralidade e diversidade cultural. Os oito estudantes selecionados para o interc\u00e2mbio foram finalistas desse processo, que, ao longo do ano, totalizou 28 curtas-metragens produzidas e um livro com 100 HQs.<\/p>\n\n\n\n<p>A terceira etapa do projeto marcou o encontro dos paranaenses com estudantes da Bahia, Pernambuco e S\u00e3o Paulo. Juntos, eles formaram um grupo de 125 jovens, provenientes de 16 cidades, que embarcaram em duas turmas nos dias 5 e 15 de novembro. Para muitos, a viagem representou n\u00e3o apenas a pr\u00f3xima fase da iniciativa, mas tamb\u00e9m a primeira experi\u00eancia internacional de suas vidas.<\/p>\n\n\n\n<p>\u201cPassamos dez dias em Portugal, e todos os dias conhec\u00edamos um lugar diferente, acompanhados por guias locais. Foi uma experi\u00eancia incr\u00edvel para mim e para os alunos\u201d, destaca a professora Amanda.<\/p>\n\n\n\n<figure class=\"wp-block-image\"><img decoding=\"async\" src=\"https:\/\/www.parana.pr.gov.br\/sites\/default\/arquivos_restritos\/files\/imagem\/2025-11\/whatsapp_image_2025-11-26_at_13.07.06_1.jpg\" alt=\"Estudantes de Paranagu\u00e1 vivenciam interc\u00e2mbio cultural em Portugal pelo projeto \u201cEra Uma Vez\u2026 Brasil\u201d\"\/><figcaption class=\"wp-element-caption\">Foto: Arquivo Pessoal<\/figcaption><\/figure>\n\n\n\n<p><br>Durante a estadia em Lisboa, os estudantes participaram de uma programa\u00e7\u00e3o especial voltada \u00e0 compreens\u00e3o das conex\u00f5es hist\u00f3ricas entre heran\u00e7as africanas, ind\u00edgenas e europeias na forma\u00e7\u00e3o da identidade brasileira. A etapa encerrou o ciclo formativo que discutiu o tema \u201cQuem conta a nossa hist\u00f3ria? A participa\u00e7\u00e3o ind\u00edgena e afro-brasileira na forma\u00e7\u00e3o do Brasil.\u201d<\/p>\n\n\n\n<p>As atividades inclu\u00edram ainda visitas a escolas portuguesas, nas quais os jovens apresentaram suas HQs e curtas-metragens. Em di\u00e1logo com estudantes e professores de escolas p\u00fablicas locais, debateram diferentes maneiras de abordar o processo de coloniza\u00e7\u00e3o, metodologias de ensino e desigualdades sociais entre Brasil e Portugal. Os encontros buscaram ampliar vis\u00f5es hist\u00f3ricas e trazer \u00e0 tona perspectivas brasileiras que nem sempre s\u00e3o contempladas na narrativa tradicional do pa\u00eds europeu.<\/p>\n\n\n\n<p>\u201cVisitamos museus, pal\u00e1cios e diferentes bairros, e at\u00e9 tivemos a oportunidade de apresentar nossos conhecimentos diante de estudantes portugueses, discutindo aspectos do per\u00edodo colonial\u201d, afirmou Nicolas Arz\u00e3o Lopes, um dos intercambistas. \u201cA experi\u00eancia foi muito enriquecedora: tanto pelo aprendizado cultural quanto pelo conv\u00edvio social, que nos ensinou sobre respeito, sobre antigos reis de Portugal e sobre muitos outros elementos que fizeram dessa viagem um marco na minha forma\u00e7\u00e3o\u201d.<\/p>\n\n\n\n<p>Outras tem\u00e1ticas importantes trabalhadas na visita foram a escravid\u00e3o, o com\u00e9rcio atl\u00e2ntico e a expans\u00e3o mar\u00edtima, fortalecendo a reflex\u00e3o cr\u00edtica sobre o passado comum entre Brasil e Portugal. \u201cForam dez dias inesquec\u00edveis em outro continente, em uma imers\u00e3o que ampliou minha vis\u00e3o sobre a pr\u00f3pria hist\u00f3ria do Brasil\u201d, destacou Nicolas.<\/p>\n\n\n\n<p>A \u00faltima etapa do projeto, chamada \u201cComunidade\u201d, ser\u00e1 em Paranagu\u00e1, no dia 6 de dezembro. Nela, os participantes compartilhar\u00e3o suas viv\u00eancias e produ\u00e7\u00f5es com colegas, professores e a comunidade escolar, incentivando o desenvolvimento de novas iniciativas culturais e educacionais no munic\u00edpio.<\/p>\n\n\n\n<p>AEN\/PR<\/p>\n","protected":false},"excerpt":{"rendered":"<p>Promover o desenvolvimento da cultura nacional e enriquecer a forma\u00e7\u00e3o de estudantes por meio do contato com diferentes linguagens art\u00edstico-culturais \u00e9 a proposta do programa \u201cEra Uma Vez\u2026 Brasil\u201d, iniciativa nacional de car\u00e1ter formativo realizada pela Origem Produ\u00e7\u00f5es e viabilizada por meio de patroc\u00ednios privados e pela Lei de Incentivo \u00e0 Cultura (Lei Rouanet).&nbsp; Neste [&hellip;]<\/p>\n","protected":false},"author":2,"featured_media":74522,"comment_status":"open","ping_status":"open","sticky":false,"template":"","format":"standard","meta":{"advanced_seo_description":"","jetpack_seo_html_title":"","jetpack_seo_noindex":false,"_jetpack_memberships_contains_paid_content":false,"footnotes":""},"categories":[77],"tags":[],"class_list":{"0":"post-74521","1":"post","2":"type-post","3":"status-publish","4":"format-standard","5":"has-post-thumbnail","7":"category-paranagua"},"jetpack_featured_media_url":"https:\/\/www.paranapraia.com.br\/wp-content\/uploads\/2025\/11\/whatsapp_image_2025-11-26_at_13.07.16.jpg","jetpack_sharing_enabled":true,"_links":{"self":[{"href":"https:\/\/www.paranapraia.com.br\/index.php\/wp-json\/wp\/v2\/posts\/74521"}],"collection":[{"href":"https:\/\/www.paranapraia.com.br\/index.php\/wp-json\/wp\/v2\/posts"}],"about":[{"href":"https:\/\/www.paranapraia.com.br\/index.php\/wp-json\/wp\/v2\/types\/post"}],"author":[{"embeddable":true,"href":"https:\/\/www.paranapraia.com.br\/index.php\/wp-json\/wp\/v2\/users\/2"}],"replies":[{"embeddable":true,"href":"https:\/\/www.paranapraia.com.br\/index.php\/wp-json\/wp\/v2\/comments?post=74521"}],"version-history":[{"count":1,"href":"https:\/\/www.paranapraia.com.br\/index.php\/wp-json\/wp\/v2\/posts\/74521\/revisions"}],"predecessor-version":[{"id":74523,"href":"https:\/\/www.paranapraia.com.br\/index.php\/wp-json\/wp\/v2\/posts\/74521\/revisions\/74523"}],"wp:featuredmedia":[{"embeddable":true,"href":"https:\/\/www.paranapraia.com.br\/index.php\/wp-json\/wp\/v2\/media\/74522"}],"wp:attachment":[{"href":"https:\/\/www.paranapraia.com.br\/index.php\/wp-json\/wp\/v2\/media?parent=74521"}],"wp:term":[{"taxonomy":"category","embeddable":true,"href":"https:\/\/www.paranapraia.com.br\/index.php\/wp-json\/wp\/v2\/categories?post=74521"},{"taxonomy":"post_tag","embeddable":true,"href":"https:\/\/www.paranapraia.com.br\/index.php\/wp-json\/wp\/v2\/tags?post=74521"}],"curies":[{"name":"wp","href":"https:\/\/api.w.org\/{rel}","templated":true}]}}