{"id":74518,"date":"2025-11-27T12:31:56","date_gmt":"2025-11-27T15:31:56","guid":{"rendered":"https:\/\/www.paranapraia.com.br\/?p=74518"},"modified":"2025-11-27T12:31:58","modified_gmt":"2025-11-27T15:31:58","slug":"copel-orienta-sobre-cuidados-na-instalacao-de-decoracoes-natalinas","status":"publish","type":"post","link":"https:\/\/www.paranapraia.com.br\/index.php\/2025\/11\/27\/copel-orienta-sobre-cuidados-na-instalacao-de-decoracoes-natalinas\/","title":{"rendered":"Copel orienta sobre cuidados na instala\u00e7\u00e3o de decora\u00e7\u00f5es natalinas"},"content":{"rendered":"\n<p>As festas de fim de ano se aproximam e as decora\u00e7\u00f5es t\u00edpicas de Natal j\u00e1 ganham espa\u00e7o nas ruas, fachadas de com\u00e9rcio e resid\u00eancias das cidades. A Copel alerta que a instala\u00e7\u00e3o da ilumina\u00e7\u00e3o natalina requer cuidados especiais para garantir a seguran\u00e7a, tanto em espa\u00e7os internos como externos.<\/p>\n\n\n\n<p>O gerente executivo de Seguran\u00e7a do Trabalho na Copel, Helio Fernandes de Carvalho Macedo Filho, orienta que na instala\u00e7\u00e3o de enfeites de Natal \u00e9 importante evitar situa\u00e7\u00f5es de risco que podem causar curtos-circuitos e outras ocorr\u00eancias vinculadas ao uso ou \u00e0 proximidade da energia el\u00e9trica.<\/p>\n\n\n\n<p>Ele destaca que o cuidado come\u00e7a na escolha dos enfeites. \u00c9 necess\u00e1rio verificar a certifica\u00e7\u00e3o de padr\u00f5es de qualidade e seguran\u00e7a dos produtos, bem como a compatibilidade com as liga\u00e7\u00f5es el\u00e9tricas. \u201c\u00c9 importante que as pessoas tenham aten\u00e7\u00e3o desde o momento da aquisi\u00e7\u00e3o de lumin\u00e1rias e enfeites natalinos, observando os dados que est\u00e3o no r\u00f3tulo do produto, porque isso pode impactar na seguran\u00e7a depois da instala\u00e7\u00e3o. S\u00e3o recomendados produtos certificados, testados e de origem reconhecida\u201d, diz.<\/p>\n\n\n\n<p>\u201cO planejamento da decora\u00e7\u00e3o \u00e9 necess\u00e1rio, porque h\u00e1 v\u00e1rios fatores de risco envolvidos. \u00c9 preciso verificar nas embalagens se as lumin\u00e1rias s\u00e3o projetadas para uso interno ou externo, porque uma instala\u00e7\u00e3o exposta ao tempo pode ressecar pelos efeitos do sol e da chuva e gerar curtos\u201d, alerta Helio Fernandes.<\/p>\n\n\n\n<p>Segundo ele, sobrecargas em tomadas e o superaquecimento de l\u00e2mpadas por uso prolongado tamb\u00e9m podem causar acidentes em espa\u00e7os fechados, bem como s\u00e3o perigosas instala\u00e7\u00f5es em altura em ambientes externos pr\u00f3ximos da rede el\u00e9trica.<\/p>\n\n\n\n<p>Outra ressalva do especialista em seguran\u00e7a da companhia \u00e9 para quem vai utilizar os enfeites guardados de anos anteriores. Nesses casos deve ser feita uma inspe\u00e7\u00e3o minuciosa das condi\u00e7\u00f5es do cabeamento de lumin\u00e1rias observando os encaixes adequados de l\u00e2mpadas e a exist\u00eancia de emendas e fios quebrados, ressecados ou desencapados. Se encontrados problemas, a instala\u00e7\u00e3o n\u00e3o deve ser utilizada nem ligada \u00e0 rede el\u00e9trica.<\/p>\n\n\n\n<p>\u201cAo ligar as lumin\u00e1rias, quando n\u00e3o houver a possibilidade da utiliza\u00e7\u00e3o de uma tomada por equipamento, a op\u00e7\u00e3o mais segura \u00e9 a da utiliza\u00e7\u00e3o de filtros de linha com fus\u00edveis de prote\u00e7\u00e3o. N\u00e3o se deve utilizar benjamins ou \u201cT\u00eas\u201d que podem causar sobrecargas. Crian\u00e7as devem ser orientadas a n\u00e3o tocar nas l\u00e2mpadas ou conex\u00f5es el\u00e9tricas&#8221;, refor\u00e7a.<\/p>\n\n\n\n<p>Em \u00e1reas externas \u00e9 essencial tomar o cuidado de ficar longe da rede de energia \u2013 tanto na hora de instalar os adornos quanto na disposi\u00e7\u00e3o da decora\u00e7\u00e3o. Caso se fa\u00e7a uso de enfeites em locais elevados, como beirais da casa, telhados, port\u00f5es ou \u00e1rvores, \u00e9 importante observar a dist\u00e2ncia segura dos fios. Durante a instala\u00e7\u00e3o redobre a aten\u00e7\u00e3o com o uso de escadas ou varas para erguer a decora\u00e7\u00e3o, evitando risco de contato acidental com a rede el\u00e9trica.<\/p>\n\n\n\n<p><strong>LOGRADOUROS P\u00daBLICOS<\/strong>&nbsp;\u2013 Para instala\u00e7\u00f5es de ornamentos em logradouros p\u00fablicos que envolvam postes de energia, de parte de prefeituras ou empresas, a Copel deve ser contactada previamente pelos respons\u00e1veis. Os projetos natalinos nessas condi\u00e7\u00f5es exigem responsabilidade t\u00e9cnica, com emiss\u00e3o de ART (Anota\u00e7\u00e3o de Responsabilidade T\u00e9cnica), uma vez que devem seguir normas de seguran\u00e7a que envolvem dimens\u00f5es espec\u00edficas e o uso de material compat\u00edvel que n\u00e3o conduza energia.<\/p>\n\n\n\n<p>Em caso de acidentes que envolvam a rede el\u00e9trica, a linha direta com a Copel \u00e9 o 0800 51 00 116, que pode ser acionada de qualquer telefone.<\/p>\n\n\n\n<p>AEN\/PR<\/p>\n","protected":false},"excerpt":{"rendered":"<p>As festas de fim de ano se aproximam e as decora\u00e7\u00f5es t\u00edpicas de Natal j\u00e1 ganham espa\u00e7o nas ruas, fachadas de com\u00e9rcio e resid\u00eancias das cidades. A Copel alerta que a instala\u00e7\u00e3o da ilumina\u00e7\u00e3o natalina requer cuidados especiais para garantir a seguran\u00e7a, tanto em espa\u00e7os internos como externos. O gerente executivo de Seguran\u00e7a do Trabalho [&hellip;]<\/p>\n","protected":false},"author":2,"featured_media":74519,"comment_status":"open","ping_status":"open","sticky":false,"template":"","format":"standard","meta":{"advanced_seo_description":"","jetpack_seo_html_title":"","jetpack_seo_noindex":false,"_jetpack_memberships_contains_paid_content":false,"footnotes":""},"categories":[40],"tags":[],"class_list":{"0":"post-74518","1":"post","2":"type-post","3":"status-publish","4":"format-standard","5":"has-post-thumbnail","7":"category-destaques"},"jetpack_featured_media_url":"https:\/\/www.paranapraia.com.br\/wp-content\/uploads\/2025\/11\/iluminacao_natalina_-_regiao_norte_curitiba-10-scaled.jpg","jetpack_sharing_enabled":true,"_links":{"self":[{"href":"https:\/\/www.paranapraia.com.br\/index.php\/wp-json\/wp\/v2\/posts\/74518"}],"collection":[{"href":"https:\/\/www.paranapraia.com.br\/index.php\/wp-json\/wp\/v2\/posts"}],"about":[{"href":"https:\/\/www.paranapraia.com.br\/index.php\/wp-json\/wp\/v2\/types\/post"}],"author":[{"embeddable":true,"href":"https:\/\/www.paranapraia.com.br\/index.php\/wp-json\/wp\/v2\/users\/2"}],"replies":[{"embeddable":true,"href":"https:\/\/www.paranapraia.com.br\/index.php\/wp-json\/wp\/v2\/comments?post=74518"}],"version-history":[{"count":1,"href":"https:\/\/www.paranapraia.com.br\/index.php\/wp-json\/wp\/v2\/posts\/74518\/revisions"}],"predecessor-version":[{"id":74520,"href":"https:\/\/www.paranapraia.com.br\/index.php\/wp-json\/wp\/v2\/posts\/74518\/revisions\/74520"}],"wp:featuredmedia":[{"embeddable":true,"href":"https:\/\/www.paranapraia.com.br\/index.php\/wp-json\/wp\/v2\/media\/74519"}],"wp:attachment":[{"href":"https:\/\/www.paranapraia.com.br\/index.php\/wp-json\/wp\/v2\/media?parent=74518"}],"wp:term":[{"taxonomy":"category","embeddable":true,"href":"https:\/\/www.paranapraia.com.br\/index.php\/wp-json\/wp\/v2\/categories?post=74518"},{"taxonomy":"post_tag","embeddable":true,"href":"https:\/\/www.paranapraia.com.br\/index.php\/wp-json\/wp\/v2\/tags?post=74518"}],"curies":[{"name":"wp","href":"https:\/\/api.w.org\/{rel}","templated":true}]}}