{"id":74512,"date":"2025-11-27T12:24:50","date_gmt":"2025-11-27T15:24:50","guid":{"rendered":"https:\/\/www.paranapraia.com.br\/?p=74512"},"modified":"2025-11-27T12:24:51","modified_gmt":"2025-11-27T15:24:51","slug":"implante-contraceptivo-de-ate-r-4-mil-chega-gratuitamente-ao-sus-no-parana","status":"publish","type":"post","link":"https:\/\/www.paranapraia.com.br\/index.php\/2025\/11\/27\/implante-contraceptivo-de-ate-r-4-mil-chega-gratuitamente-ao-sus-no-parana\/","title":{"rendered":"Implante contraceptivo de at\u00e9 R$ 4 mil chega gratuitamente ao SUS no Paran\u00e1"},"content":{"rendered":"\n<p>A sa\u00fade p\u00fablica do Paran\u00e1 d\u00e1 um salto em planejamento reprodutivo com a incorpora\u00e7\u00e3o do implante subd\u00e9rmico contraceptivo de etonogestrel no Sistema \u00danico de Sa\u00fade (SUS). O m\u00e9todo, conhecido comercialmente como Implanon NXT, pode custar entre R$ 2 mil e R$ 4 mil no setor privado e agora passa a ser oferecido gratuitamente na rede p\u00fablica, o que amplia significativamente o acesso a uma tecnologia de ponta para adolescentes e mulheres.<\/p>\n\n\n\n<p>Para garantir a seguran\u00e7a e o cuidado com a nova tecnologia, a Secretaria de Estado da Sa\u00fade (Sesa), em parceria com o Minist\u00e9rio da Sa\u00fade (MS), realizou uma oficina ter\u00e7a-feira (25) de qualifica\u00e7\u00e3o de profissionais dos 38 munic\u00edpios&nbsp;refer\u00eancias das 22 Regionais de Sa\u00fade.<\/p>\n\n\n\n<p>O implante subd\u00e9rmico de etonogestrel \u00e9 um contraceptivo revers\u00edvel de longa dura\u00e7\u00e3o (LARC), com efic\u00e1cia de at\u00e9 tr\u00eas anos e retorno r\u00e1pido da fertilidade ap\u00f3s a remo\u00e7\u00e3o. Considerado altamente eficaz, o m\u00e9todo reduz falhas comuns relacionadas ao uso cont\u00ednuo de anticoncepcionais di\u00e1rios ou mensais. A incorpora\u00e7\u00e3o ao SUS foi estabelecida pelas Portarias MS n\u00ba 47 e 48, de 8 de julho de 2025, com previs\u00e3o de distribui\u00e7\u00e3o nacional de 500 mil unidades ainda em 2025 e expans\u00e3o para 1,8 milh\u00e3o at\u00e9 2026.<\/p>\n\n\n\n<p>Incorporar&nbsp;m\u00e9todos contraceptivos de alta efic\u00e1cia como o implante \u00e9 uma estrat\u00e9gia fundamental para o enfrentamento da gesta\u00e7\u00e3o n\u00e3o intencional. Dados da Pesquisa Nascer no Brasil II (2021\/2023) indicam que entre 33% e 40% das gestantes avaliadas n\u00e3o planejaram a gravidez. Em 2022, os partos de parturientes at\u00e9 19 anos representaram 12,3% de todos os nascimentos no Brasil.<\/p>\n\n\n\n<p>O secret\u00e1rio estadual da Sa\u00fade, Beto Preto, destacou que a iniciativa representa um avan\u00e7o significativo na oferta de m\u00e9todos contraceptivos e no fortalecimento dos direitos sexuais e reprodutivos. \u201cAmpliar o acesso ao implante \u00e9 dar mais autonomia e seguran\u00e7a \u00e0s mulheres paranaenses. Estamos garantindo uma rede preparada, com profissionais qualificados e um m\u00e9todo moderno, eficaz e seguro. Investir em planejamento reprodutivo \u00e9 investir em sa\u00fade, dignidade e futuro\u201d, afirmou.<\/p>\n\n\n\n<p>O dispositivo ser\u00e1 disponibilizado para adolescentes e mulheres em idade f\u00e9rtil, conforme crit\u00e9rios de elegibilidade definidos pelo Minist\u00e9rio da Sa\u00fade. Ele se soma ao conjunto de m\u00e9todos j\u00e1 ofertados pelo SUS, como DIU de cobre, p\u00edlulas, injet\u00e1veis, preservativos, laqueadura e vasectomia.<\/p>\n\n\n\n<p><strong>OFICINA E TREINAMENTO&nbsp;<\/strong>\u2013&nbsp;A oficina de qualifica\u00e7\u00e3o reuniu cerca de 150 profissionais entre m\u00e9dicos, enfermeiros e gestores das 22 Regionais de Sa\u00fade, al\u00e9m de representantes do Conselho Regional de Enfermagem do Paran\u00e1 (Coren\/PR) e do Conselho das Secretarias Municipais de Sa\u00fade (Cosems\/PR).<\/p>\n\n\n\n<p>Durante a oficina, foram distribu\u00eddos kits contendo cartilhas, aplicadores e placebos, assim como um treinamento em bra\u00e7os anat\u00f4micos com materiais de simula\u00e7\u00e3o para a pr\u00e1tica das t\u00e9cnicas de inser\u00e7\u00e3o e retirada. Os gestores municipais tamb\u00e9m participaram de discuss\u00f5es sobre organiza\u00e7\u00e3o da oferta, fluxos assistenciais e planejamento territorial.<\/p>\n\n\n\n<p>A&nbsp;diretora de Aten\u00e7\u00e3o e Vigil\u00e2ncia em Sa\u00fade da Sesa, Maria Goretti David Lopes, refor\u00e7ou o impacto da iniciativa na Aten\u00e7\u00e3o Prim\u00e1ria \u00e0 Sa\u00fade na redu\u00e7\u00e3o das desigualdades regionais. \u201cA qualifica\u00e7\u00e3o dos profissionais e a organiza\u00e7\u00e3o dos servi\u00e7os s\u00e3o fundamentais para que esse novo m\u00e9todo chegue a quem mais precisa. A inser\u00e7\u00e3o do implante amplia o cuidado, reduz desigualdades e fortalece os direitos sexuais e reprodutivos de mulheres e adolescentes\u201d, afirmou.<\/p>\n\n\n\n<p>A enfermeira e&nbsp;consultora t\u00e9cnica da Coordena\u00e7\u00e3o Geral de Aten\u00e7\u00e3o \u00e0 Sa\u00fade das Mulheres (CGESMU) do Minist\u00e9rio da Sa\u00fade, Camila Farias, destacou que a amplia\u00e7\u00e3o de ofertas \u00e9 uma estrat\u00e9gia do Minist\u00e9rio da Sa\u00fade para dar mais liberdade e autonomia \u00e0s mulheres. Segundo ela, o implante \u00e9 o m\u00e9todo revers\u00edvel de longa dura\u00e7\u00e3o mais seguro e eficaz dispon\u00edvel atualmente e o objetivo \u00e9 oferecer essa seguran\u00e7a para toda a popula\u00e7\u00e3o brasileira, para que possa se prevenir contra as gesta\u00e7\u00f5es n\u00e3o planejadas.<\/p>\n\n\n\n<p>&#8220;Estamos aqui para refor\u00e7ar a import\u00e2ncia da habilidade t\u00e9cnica, fornecer o insumo e a informa\u00e7\u00e3o adequada para a popula\u00e7\u00e3o. Temos que fortalecer todos os m\u00e9todos [contraceptivos] e entender qual o melhor para aquela pessoa que busca a unidade de sa\u00fade. O objetivo \u00e9 fortalecer o que temos no SUS e refor\u00e7ar que estamos incorporando novas tecnologias para dar acesso \u00e0 popula\u00e7\u00e3o&#8221;, concluiu Camila.<\/p>\n\n\n\n<p><strong>DISTRIBUI\u00c7\u00c3O&nbsp;<\/strong>\u2013&nbsp;O Paran\u00e1 j\u00e1 recebeu 25.620 unidades do implante contraceptivo, que foram integralmente distribu\u00eddas aos munic\u00edpios. Inicialmente, 38 cidades com mais de 50 mil habitantes foram contempladas, conforme diretrizes federais. A previs\u00e3o \u00e9 de que, no pr\u00f3ximo semestre, o m\u00e9todo esteja dispon\u00edvel em todas as 22 Regionais de Sa\u00fade, ampliando o acesso ao planejamento reprodutivo em todo o Estado. O dispositivo ser\u00e1 disponibilizado para adolescentes e mulheres em idade f\u00e9rtil, conforme crit\u00e9rios de elegibilidade definidos pelo Minist\u00e9rio da Sa\u00fade.<\/p>\n\n\n\n<p>A&nbsp;chefe da Divis\u00e3o de Aten\u00e7\u00e3o \u00e0 Sa\u00fade da Mulher da Sesa, Carolina Poliquesi, destacou que o Paran\u00e1 j\u00e1 estrutura os pr\u00f3ximos passos da implanta\u00e7\u00e3o. As Regionais de Sa\u00fade, em conjunto com os munic\u00edpios, organizar\u00e3o os fluxos, definir\u00e3o as equipes qualificadas e ampliar\u00e3o gradualmente a oferta do implante.<\/p>\n\n\n\n<p>\u201cA incorpora\u00e7\u00e3o representa uma garantia de direitos na escolha e no momento de ter filhos e para aquelas mulheres que muitas vezes n\u00e3o podem fazer uso de outros m\u00e9todos j\u00e1 dispon\u00edveis no SUS. A mensagem \u00e9 de amplia\u00e7\u00e3o do acesso, acolhimento e utiliza\u00e7\u00e3o das consultas de planejamento sexual e reprodutivo como uma oportunidade de promo\u00e7\u00e3o \u00e0 sa\u00fade das mulheres\u201d, afirmou Carolina.<\/p>\n\n\n\n<p>Entre os 38 munic\u00edpios contemplados nessa primeira fase est\u00e3o Almirante Tamandar\u00e9, Apucarana, Arapongas, Arauc\u00e1ria, Camb\u00e9, Campina Grande do Sul, Campo Largo, Campo Mour\u00e3o, Cascavel, Castro, Cianorte, Colombo, Curitiba, Fazenda Rio Grande, Foz do Igua\u00e7u, Francisco Beltr\u00e3o, Guarapuava, Ibipor\u00e3, Irati, Londrina, Marechal C\u00e2ndido Rondon, Maring\u00e1, Medianeira, Palmas, Paranagu\u00e1, Paranava\u00ed, Pato Branco, Pinhais, Piraquara, Ponta Grossa, Prudent\u00f3polis, Rol\u00e2ndia, S\u00e3o Jos\u00e9 dos Pinhais, Sarandi, Tel\u00eamaco Borba, Toledo, Umuarama e Uni\u00e3o da Vit\u00f3ria.<\/p>\n\n\n\n<p>AEN\/PR<\/p>\n","protected":false},"excerpt":{"rendered":"<p>A sa\u00fade p\u00fablica do Paran\u00e1 d\u00e1 um salto em planejamento reprodutivo com a incorpora\u00e7\u00e3o do implante subd\u00e9rmico contraceptivo de etonogestrel no Sistema \u00danico de Sa\u00fade (SUS). O m\u00e9todo, conhecido comercialmente como Implanon NXT, pode custar entre R$ 2 mil e R$ 4 mil no setor privado e agora passa a ser oferecido gratuitamente na rede [&hellip;]<\/p>\n","protected":false},"author":2,"featured_media":74513,"comment_status":"open","ping_status":"open","sticky":false,"template":"","format":"standard","meta":{"advanced_seo_description":"","jetpack_seo_html_title":"","jetpack_seo_noindex":false,"_jetpack_memberships_contains_paid_content":false,"footnotes":""},"categories":[40],"tags":[],"class_list":{"0":"post-74512","1":"post","2":"type-post","3":"status-publish","4":"format-standard","5":"has-post-thumbnail","7":"category-destaques"},"jetpack_featured_media_url":"https:\/\/www.paranapraia.com.br\/wp-content\/uploads\/2025\/11\/implante_contraceptivo_de_ate_r_4_mil_chega_gratuitamente_ao_sus_no_pr2_-_credito_sesa.jpg","jetpack_sharing_enabled":true,"_links":{"self":[{"href":"https:\/\/www.paranapraia.com.br\/index.php\/wp-json\/wp\/v2\/posts\/74512"}],"collection":[{"href":"https:\/\/www.paranapraia.com.br\/index.php\/wp-json\/wp\/v2\/posts"}],"about":[{"href":"https:\/\/www.paranapraia.com.br\/index.php\/wp-json\/wp\/v2\/types\/post"}],"author":[{"embeddable":true,"href":"https:\/\/www.paranapraia.com.br\/index.php\/wp-json\/wp\/v2\/users\/2"}],"replies":[{"embeddable":true,"href":"https:\/\/www.paranapraia.com.br\/index.php\/wp-json\/wp\/v2\/comments?post=74512"}],"version-history":[{"count":1,"href":"https:\/\/www.paranapraia.com.br\/index.php\/wp-json\/wp\/v2\/posts\/74512\/revisions"}],"predecessor-version":[{"id":74514,"href":"https:\/\/www.paranapraia.com.br\/index.php\/wp-json\/wp\/v2\/posts\/74512\/revisions\/74514"}],"wp:featuredmedia":[{"embeddable":true,"href":"https:\/\/www.paranapraia.com.br\/index.php\/wp-json\/wp\/v2\/media\/74513"}],"wp:attachment":[{"href":"https:\/\/www.paranapraia.com.br\/index.php\/wp-json\/wp\/v2\/media?parent=74512"}],"wp:term":[{"taxonomy":"category","embeddable":true,"href":"https:\/\/www.paranapraia.com.br\/index.php\/wp-json\/wp\/v2\/categories?post=74512"},{"taxonomy":"post_tag","embeddable":true,"href":"https:\/\/www.paranapraia.com.br\/index.php\/wp-json\/wp\/v2\/tags?post=74512"}],"curies":[{"name":"wp","href":"https:\/\/api.w.org\/{rel}","templated":true}]}}