{"id":74503,"date":"2025-11-27T11:08:48","date_gmt":"2025-11-27T14:08:48","guid":{"rendered":"https:\/\/www.paranapraia.com.br\/?p=74503"},"modified":"2025-11-27T11:08:50","modified_gmt":"2025-11-27T14:08:50","slug":"curso-de-velas-sabonetes-e-produtos-de-limpeza-fortalece-politicas-de-autonomia-para-mulheres-em-paranagua","status":"publish","type":"post","link":"https:\/\/www.paranapraia.com.br\/index.php\/2025\/11\/27\/curso-de-velas-sabonetes-e-produtos-de-limpeza-fortalece-politicas-de-autonomia-para-mulheres-em-paranagua\/","title":{"rendered":"Curso de velas, sabonetes e produtos de limpeza fortalece pol\u00edticas de autonomia para mulheres em Paranagu\u00e1"},"content":{"rendered":"\n<p>A Prefeitura de Paranagu\u00e1 concluiu, nesta quarta-feira, dia 26, a \u00faltima aula do curso de Velas e Sabonetes Artesanais, uma capacita\u00e7\u00e3o que reuniu 40 mulheres em uma jornada de quatro semanas marcada por aprendizado pr\u00e1tico, criatividade, conex\u00e3o e fortalecimento da autonomia econ\u00f4mica. A a\u00e7\u00e3o foi realizada no Ponto de Atendimento \u00e0 Mulher (PAM) e integra o conjunto de pol\u00edticas p\u00fablicas voltadas ao empoderamento feminino no munic\u00edpio.<\/p>\n\n\n\n<p>A forma\u00e7\u00e3o foi viabilizada por meio de parcerias estrat\u00e9gicas entre a Secretaria Municipal da Mulher, Desenvolvimento Social e Igualdade Racial (Semdir) com o Servi\u00e7o Brasileiro de Apoio \u00e0s Micro e Pequenas Empresas (Sebrae), a Universidade Federal do Paran\u00e1 (UFPR), o Instituto Federal do Paran\u00e1 (IFPR) e empresas privadas, que apoiam financeiramente e\/ou tecnicamente a realiza\u00e7\u00e3o das atividades. Al\u00e9m da produ\u00e7\u00e3o de velas arom\u00e1ticas e sabonetes, o curso inclui a cria\u00e7\u00e3o de produtos de limpeza e repelentes naturais, ampliando as possibilidades de gera\u00e7\u00e3o de renda.<\/p>\n\n\n\n<p><strong>Empreendedorismo como ferramenta de autonomia e prote\u00e7\u00e3o<\/strong><\/p>\n\n\n\n<p>Segundo a superintendente de Projetos Estrat\u00e9gicos da Prefeitura, Jacqueline Guimbala, o curso nasce dentro do PAM com um prop\u00f3sito claro: acolher, fortalecer e criar caminhos reais de independ\u00eancia financeira para mulheres que buscam novas oportunidades. Ela destaca que a pol\u00edtica p\u00fablica vai al\u00e9m do atendimento especializado e integra a\u00e7\u00f5es cont\u00ednuas de forma\u00e7\u00e3o profissional.<\/p>\n\n\n\n<p>\u201cO PAM tem um objetivo muito claro: atender todas as mulheres, n\u00e3o apenas aquelas v\u00edtimas de viol\u00eancia, mas tamb\u00e9m aquelas que procuram um espa\u00e7o, um acolhimento e uma oportunidade de melhorar de vida. O curso foi idealizado em parceria com o professor Francisco Xavier, com apoio da empresa Centro Sul, e busca profissionalizar mulheres na produ\u00e7\u00e3o de velas, sabonetes, detergentes, perfumes e desinfetantes. Tivemos uma aceita\u00e7\u00e3o muito grande. As vagas esgotaram rapidamente e j\u00e1 temos lista de espera para a pr\u00f3xima edi\u00e7\u00e3o\u201d, disse Jacqueline.<\/p>\n\n\n\n<p>Ela refor\u00e7a o impacto direto da capacita\u00e7\u00e3o na vida das participantes. \u201cA mulher, muitas vezes, empreende por necessidade. E estamos refor\u00e7ando um princ\u00edpio essencial: independ\u00eancia financeira \u00e9 uma das chaves para que a mulher possa dizer n\u00e3o \u00e0 viol\u00eancia. Elas querem aprender uma profiss\u00e3o, querem dominar t\u00e9cnicas e querem vender. Esse curso abre portas para tudo isso\u201d, afirmou.<\/p>\n\n\n\n<p><strong>Aulas pr\u00e1ticas, certifica\u00e7\u00e3o e apoio para comercializa\u00e7\u00e3o<\/strong><\/p>\n\n\n\n<p>Respons\u00e1vel t\u00e9cnico pelo curso, o professor Francisco Xavier da Silva de Souza, da Secretaria Municipal de Meio Ambiente, Desenvolvimento Rural e Pesca (Semmadesp), explica que a capacita\u00e7\u00e3o possui carga hor\u00e1ria de oito horas-aula, distribu\u00eddas em quatro encontros, e que o certificado \u00e9 emitido pela UFPR. Na forma\u00e7\u00e3o, cada participante aprende a produzir at\u00e9 16 tipos de itens, tanto da linha de higiene e limpeza quanto da linha de preven\u00e7\u00e3o \u00e0 dengue.<\/p>\n\n\n\n<p>\u201cO nosso objetivo \u00e9 capacitar as mulheres para que elas aprendam a fazer produtos como detergente, amaciante, perfumes e repelentes. Elas aprendem fazendo. Eu explico e elas executam. A intera\u00e7\u00e3o \u00e9 muito grande e o aprendizado \u00e9 real. J\u00e1 temos participantes que est\u00e3o comercializando os produtos e gerando renda, que sempre foi um dos nossos objetivos principais\u201d, explicou.<\/p>\n\n\n\n<p>Francisco destaca ainda o apoio das institui\u00e7\u00f5es parceiras. \u201cAl\u00e9m da parte t\u00e9cnica, contamos com momentos conduzidos por profissionais do Sebrae, do IFPR e da UFPR, que explicam como formalizar o neg\u00f3cio, como calcular pre\u00e7o, como vender corretamente no mercado, seguindo protocolos e cuidados, inclusive normas da Anvisa. \u00c9 um trabalho completo: ensinamos a produzir e tamb\u00e9m ensinamos a empreender\u201d, detalhou.<\/p>\n\n\n\n<p><strong>Sebrae refor\u00e7a formaliza\u00e7\u00e3o e acesso ao mercado<\/strong><\/p>\n\n\n\n<p>O consultor Luciano Mendes, credenciado ao Sebrae, conduziu a oficina sobre formaliza\u00e7\u00e3o, focada em orientar as alunas sobre como transformar conhecimento em neg\u00f3cio. \u201c\u00c9 muito importante que essas mulheres entendam que podem se formalizar com facilidade e seguran\u00e7a. O MEI \u00e9 a porta de entrada para quem trabalha na informalidade e quer se tornar empres\u00e1ria de forma simples, r\u00e1pida e com baixo custo. Nosso papel \u00e9 mostrar direitos, deveres e caminhos para que elas possam gerar renda com autonomia\u201d, disse.<\/p>\n\n\n\n<p>Ele destaca a relev\u00e2ncia da parceria com a Prefeitura. \u201cO Sebrae mant\u00e9m uma parceria antiga e muito s\u00f3lida com o munic\u00edpio. Estar aqui faz parte do nosso compromisso de fomentar o empreendedorismo, especialmente o feminino. Todos ganham: Prefeitura, Sebrae e, principalmente, as mulheres que passam a ter novas oportunidades\u201d, informou.<\/p>\n\n\n\n<p><strong>Hist\u00f3rias que mostram o impacto do curso<\/strong><\/p>\n\n\n\n<p>A participante S\u00f4nia Navarro destacou como a forma\u00e7\u00e3o ampliou seu horizonte. \u201cFoi maravilhoso. Muito bem explicado, muito gostoso de aprender. Al\u00e9m de tudo, \u00e9 prazeroso estar reunida com outras pessoas, trocando experi\u00eancias. E \u00e9 tamb\u00e9m uma forma de gerar renda. A gente aprende algo que pode virar um neg\u00f3cio\u201d, disse.<\/p>\n\n\n\n<p>Para a artes\u00e3 Marlei de Jesus Vieira Alves, que j\u00e1 atua em feiras de artesanato, a experi\u00eancia abre portas para novas cria\u00e7\u00f5es. \u201cTodo aprendizado \u00e9 importante. A gente nunca sabe tudo. Gostei muito das aulas e aprendi coisas que posso usar em casa e, no futuro, vender. Talvez eu inclua esses produtos nas feiras que participo. \u00c9 um mundo novo que se abriu\u201d, contou.<\/p>\n\n\n\n<p>A Semdir informa que novas turmas ser\u00e3o abertas em 2026, fortalecendo a pol\u00edtica de capacita\u00e7\u00e3o e ampliando a rede de mulheres empreendedoras do munic\u00edpio.<\/p>\n\n\n\n<p>Assessoria<\/p>\n","protected":false},"excerpt":{"rendered":"<p>A Prefeitura de Paranagu\u00e1 concluiu, nesta quarta-feira, dia 26, a \u00faltima aula do curso de Velas e Sabonetes Artesanais, uma capacita\u00e7\u00e3o que reuniu 40 mulheres em uma jornada de quatro semanas marcada por aprendizado pr\u00e1tico, criatividade, conex\u00e3o e fortalecimento da autonomia econ\u00f4mica. A a\u00e7\u00e3o foi realizada no Ponto de Atendimento \u00e0 Mulher (PAM) e integra [&hellip;]<\/p>\n","protected":false},"author":2,"featured_media":74504,"comment_status":"open","ping_status":"open","sticky":false,"template":"","format":"standard","meta":{"advanced_seo_description":"","jetpack_seo_html_title":"","jetpack_seo_noindex":false,"_jetpack_memberships_contains_paid_content":false,"footnotes":""},"categories":[40,77],"tags":[321],"class_list":{"0":"post-74503","1":"post","2":"type-post","3":"status-publish","4":"format-standard","5":"has-post-thumbnail","7":"category-destaques","8":"category-paranagua","9":"tag-paranagua"},"jetpack_featured_media_url":"https:\/\/www.paranapraia.com.br\/wp-content\/uploads\/2025\/11\/thumb-2.jpg","jetpack_sharing_enabled":true,"_links":{"self":[{"href":"https:\/\/www.paranapraia.com.br\/index.php\/wp-json\/wp\/v2\/posts\/74503"}],"collection":[{"href":"https:\/\/www.paranapraia.com.br\/index.php\/wp-json\/wp\/v2\/posts"}],"about":[{"href":"https:\/\/www.paranapraia.com.br\/index.php\/wp-json\/wp\/v2\/types\/post"}],"author":[{"embeddable":true,"href":"https:\/\/www.paranapraia.com.br\/index.php\/wp-json\/wp\/v2\/users\/2"}],"replies":[{"embeddable":true,"href":"https:\/\/www.paranapraia.com.br\/index.php\/wp-json\/wp\/v2\/comments?post=74503"}],"version-history":[{"count":1,"href":"https:\/\/www.paranapraia.com.br\/index.php\/wp-json\/wp\/v2\/posts\/74503\/revisions"}],"predecessor-version":[{"id":74505,"href":"https:\/\/www.paranapraia.com.br\/index.php\/wp-json\/wp\/v2\/posts\/74503\/revisions\/74505"}],"wp:featuredmedia":[{"embeddable":true,"href":"https:\/\/www.paranapraia.com.br\/index.php\/wp-json\/wp\/v2\/media\/74504"}],"wp:attachment":[{"href":"https:\/\/www.paranapraia.com.br\/index.php\/wp-json\/wp\/v2\/media?parent=74503"}],"wp:term":[{"taxonomy":"category","embeddable":true,"href":"https:\/\/www.paranapraia.com.br\/index.php\/wp-json\/wp\/v2\/categories?post=74503"},{"taxonomy":"post_tag","embeddable":true,"href":"https:\/\/www.paranapraia.com.br\/index.php\/wp-json\/wp\/v2\/tags?post=74503"}],"curies":[{"name":"wp","href":"https:\/\/api.w.org\/{rel}","templated":true}]}}