{"id":74500,"date":"2025-11-27T11:07:19","date_gmt":"2025-11-27T14:07:19","guid":{"rendered":"https:\/\/www.paranapraia.com.br\/?p=74500"},"modified":"2025-11-27T11:07:22","modified_gmt":"2025-11-27T14:07:22","slug":"pontal-do-parana-realiza-primeira-requalificacao-anual-da-guarda-municipal-com-nova-divisao-de-ensino","status":"publish","type":"post","link":"https:\/\/www.paranapraia.com.br\/index.php\/2025\/11\/27\/pontal-do-parana-realiza-primeira-requalificacao-anual-da-guarda-municipal-com-nova-divisao-de-ensino\/","title":{"rendered":"Pontal do Paran\u00e1 realiza primeira requalifica\u00e7\u00e3o anual da Guarda Municipal com nova divis\u00e3o de ensino"},"content":{"rendered":"\n<p>A Guarda Municipal de Pontal do Paran\u00e1 est\u00e1 realizando, entre novembro e dezembro, a Requalifica\u00e7\u00e3o Anual de seus agentes. Esta \u00e9 a primeira edi\u00e7\u00e3o conduzida integralmente pela Divis\u00e3o de Ensino, implantada em 2025, envolvendo 33 guardas em atividades t\u00e9cnicas e operacionais.<\/p>\n\n\n\n<p>A capacita\u00e7\u00e3o foi dividida em duas etapas. A fase te\u00f3rica ocorreu na Base da Guarda Municipal, organizada em duas turmas, enquanto a fase pr\u00e1tica foi realizada no Clube de Tiro Patriotas, com tr\u00eas turmas. Os guardas participaram de conte\u00fados sobre protocolos operacionais, uso adequado de equipamentos e exerc\u00edcios aplicados ao trabalho de campo.<\/p>\n\n\n\n<p>Uma das turmas da etapa pr\u00e1tica contou com a presen\u00e7a do instrutor Takuya Takano, profissional com atua\u00e7\u00e3o reconhecida nacionalmente em t\u00e9cnicas de tiro e treinamentos policiais.<\/p>\n\n\n\n<p>O comandante da Guarda Municipal, Giovane Ros\u00e1rio, destacou a rotina anual da atividade e sua finalidade:<\/p>\n\n\n\n<p>\u201cTodos os anos realizamos uma requalifica\u00e7\u00e3o de 80 horas. Esse processo mant\u00e9m o efetivo atualizado nas normas e nos procedimentos necess\u00e1rios ao trabalho di\u00e1rio, garantindo que cada agente esteja apto para atuar com seguran\u00e7a e t\u00e9cnica.\u201d<\/p>\n\n\n\n<p>O instrutor e coordenador da Divis\u00e3o de Ensino, GM Lopes, explicou como a estrutura criada neste ano mudou o processo de forma\u00e7\u00e3o:<\/p>\n\n\n\n<p>\u201cCom a Divis\u00e3o de Ensino, conseguimos organizar toda a requalifica\u00e7\u00e3o dentro do munic\u00edpio. Este \u00e9 o primeiro ano em que a prepara\u00e7\u00e3o, incluindo armamento e tiro, \u00e9 feita pela nossa equipe. Isso amplia a capacidade t\u00e9cnica dos agentes e fortalece o aperfei\u00e7oamento cont\u00ednuo.\u201d<\/p>\n\n\n\n<p>O prefeito Rud\u00e3o tamb\u00e9m ressaltou o avan\u00e7o institucional alcan\u00e7ado em 2025:<\/p>\n\n\n\n<p>\u201cNo ano em que a Guarda Municipal completa dez anos, realizamos pela primeira vez uma capacita\u00e7\u00e3o conduzida pela pr\u00f3pria equipe. A Divis\u00e3o de Ensino foi criada por meio de projeto de lei aprovado pela C\u00e2mara, e agora o munic\u00edpio tem condi\u00e7\u00f5es de formar e requalificar todos os nossos guardas.\u201d<\/p>\n\n\n\n<p>Com a nova estrutura de ensino e a realiza\u00e7\u00e3o da primeira requalifica\u00e7\u00e3o totalmente interna, a Guarda Municipal de Pontal do Paran\u00e1 fortalece o processo permanente de atualiza\u00e7\u00e3o t\u00e9cnica de seu efetivo.<\/p>\n\n\n\n<p>Fotos: PMPPR\/ Clovis Santos<\/p>\n","protected":false},"excerpt":{"rendered":"<p>A Guarda Municipal de Pontal do Paran\u00e1 est\u00e1 realizando, entre novembro e dezembro, a Requalifica\u00e7\u00e3o Anual de seus agentes. Esta \u00e9 a primeira edi\u00e7\u00e3o conduzida integralmente pela Divis\u00e3o de Ensino, implantada em 2025, envolvendo 33 guardas em atividades t\u00e9cnicas e operacionais. A capacita\u00e7\u00e3o foi dividida em duas etapas. A fase te\u00f3rica ocorreu na Base da [&hellip;]<\/p>\n","protected":false},"author":2,"featured_media":74501,"comment_status":"open","ping_status":"open","sticky":false,"template":"","format":"standard","meta":{"advanced_seo_description":"","jetpack_seo_html_title":"","jetpack_seo_noindex":false,"_jetpack_memberships_contains_paid_content":false,"footnotes":""},"categories":[40,65],"tags":[318],"class_list":{"0":"post-74500","1":"post","2":"type-post","3":"status-publish","4":"format-standard","5":"has-post-thumbnail","7":"category-destaques","8":"category-pontal-do-parana","9":"tag-pontal-do-parana"},"jetpack_featured_media_url":"https:\/\/www.paranapraia.com.br\/wp-content\/uploads\/2025\/11\/tb_271125103501_whatsapp_image_20251127_at_10_30_53_jpeg.jpeg","jetpack_sharing_enabled":true,"_links":{"self":[{"href":"https:\/\/www.paranapraia.com.br\/index.php\/wp-json\/wp\/v2\/posts\/74500"}],"collection":[{"href":"https:\/\/www.paranapraia.com.br\/index.php\/wp-json\/wp\/v2\/posts"}],"about":[{"href":"https:\/\/www.paranapraia.com.br\/index.php\/wp-json\/wp\/v2\/types\/post"}],"author":[{"embeddable":true,"href":"https:\/\/www.paranapraia.com.br\/index.php\/wp-json\/wp\/v2\/users\/2"}],"replies":[{"embeddable":true,"href":"https:\/\/www.paranapraia.com.br\/index.php\/wp-json\/wp\/v2\/comments?post=74500"}],"version-history":[{"count":1,"href":"https:\/\/www.paranapraia.com.br\/index.php\/wp-json\/wp\/v2\/posts\/74500\/revisions"}],"predecessor-version":[{"id":74502,"href":"https:\/\/www.paranapraia.com.br\/index.php\/wp-json\/wp\/v2\/posts\/74500\/revisions\/74502"}],"wp:featuredmedia":[{"embeddable":true,"href":"https:\/\/www.paranapraia.com.br\/index.php\/wp-json\/wp\/v2\/media\/74501"}],"wp:attachment":[{"href":"https:\/\/www.paranapraia.com.br\/index.php\/wp-json\/wp\/v2\/media?parent=74500"}],"wp:term":[{"taxonomy":"category","embeddable":true,"href":"https:\/\/www.paranapraia.com.br\/index.php\/wp-json\/wp\/v2\/categories?post=74500"},{"taxonomy":"post_tag","embeddable":true,"href":"https:\/\/www.paranapraia.com.br\/index.php\/wp-json\/wp\/v2\/tags?post=74500"}],"curies":[{"name":"wp","href":"https:\/\/api.w.org\/{rel}","templated":true}]}}