{"id":74497,"date":"2025-11-27T11:04:45","date_gmt":"2025-11-27T14:04:45","guid":{"rendered":"https:\/\/www.paranapraia.com.br\/?p=74497"},"modified":"2025-11-27T11:04:48","modified_gmt":"2025-11-27T14:04:48","slug":"matinhos-realiza-virada-cultural-2025-com-12-horas-de-atracoes-artisticas-gratuitas","status":"publish","type":"post","link":"https:\/\/www.paranapraia.com.br\/index.php\/2025\/11\/27\/matinhos-realiza-virada-cultural-2025-com-12-horas-de-atracoes-artisticas-gratuitas\/","title":{"rendered":"Matinhos realiza Virada Cultural 2025 com 12 horas de atra\u00e7\u00f5es art\u00edsticas gratuitas"},"content":{"rendered":"\n<p>A Prefeitura de Matinhos, por meio da Secretaria Municipal de Cultura, realizar\u00e1 no dia<strong>&nbsp;29 de novembro de 2025<\/strong>&nbsp;a<strong>&nbsp;Virada Cultural<\/strong>, um grande evento multicultural que ocupar\u00e1 o Cal\u00e7ad\u00e3o Central, em frente \u00e0 Casa da Cultura. Ser\u00e3o&nbsp;<strong>12 horas de programa\u00e7\u00e3o gratuita<\/strong>, reunindo m\u00fasica, dan\u00e7a, literatura, artes c\u00eanicas e manifesta\u00e7\u00f5es tradicionais locais.<\/p>\n\n\n\n<p>A Virada Cultural tem como objetivo fortalecer a produ\u00e7\u00e3o art\u00edstica do munic\u00edpio, valorizar talentos locais e regionais, incentivar a forma\u00e7\u00e3o de p\u00fablico para as artes e promover a integra\u00e7\u00e3o entre&nbsp;<strong>moradores e turistas<\/strong>. O evento tamb\u00e9m movimenta a economia criativa e amplia o acesso democr\u00e1tico \u00e0&nbsp;<strong>cultura<\/strong>.<\/p>\n\n\n\n<p>Segundo a Secretaria de Cultura, a iniciativa refor\u00e7a o compromisso do munic\u00edpio com a promo\u00e7\u00e3o de a\u00e7\u00f5es culturais cont\u00ednuas, que aproximem a popula\u00e7\u00e3o das diversas formas de express\u00e3o art\u00edstica.&nbsp;<\/p>\n\n\n\n<p><strong>Programa\u00e7\u00e3o<\/strong><\/p>\n\n\n\n<p>A abertura est\u00e1 marcada para 9h, com atividades que seguem at\u00e9 21h. Entre as atra\u00e7\u00f5es confirmadas est\u00e3o:&nbsp;<\/p>\n\n\n\n<ul class=\"wp-block-list\">\n<li><strong>9h &#8211; Abertura\u00a0<\/strong><\/li>\n\n\n\n<li><strong>9h30 &#8211; Atra\u00e7\u00e3o Art\u00edstica\u00a0<\/strong><\/li>\n<\/ul>\n\n\n\n<p>Corpo Cardume Grupo art\u00edstico da Escola Elias Abrah\u00e3o, formado pelos alunos dos 5\u00ba anos e coordenado pelo professor Paulo Ricardo do Ros\u00e1rio de Carvalho.<\/p>\n\n\n\n<ul class=\"wp-block-list\">\n<li><strong>10h &#8211; Atra\u00e7\u00e3o Liter\u00e1ria Conta\u00e7\u00e3o de hist\u00f3rias:\u00a0<\/strong><\/li>\n<\/ul>\n\n\n\n<p>O Mestre Verde e Alice na Bolha de Sab\u00e3o Com a escritora \u00c2ngela Gomes, que tamb\u00e9m ministrar\u00e1 uma oficina de dobradura confeccionando personagens.<\/p>\n\n\n\n<ul class=\"wp-block-list\">\n<li><strong>13h &#8211; Atra\u00e7\u00e3o Musical\u00a0<\/strong><\/li>\n<\/ul>\n\n\n\n<p>Mery e F\u00e1bio &#8211; Cantores do munic\u00edpio.&nbsp;<\/p>\n\n\n\n<ul class=\"wp-block-list\">\n<li><strong>14h &#8211; Atra\u00e7\u00e3o Musical\u00a0<\/strong><\/li>\n<\/ul>\n\n\n\n<p>Gabriel R\u00e9gis&nbsp; Artista prata da casa, trazendo um repert\u00f3rio com Pop, Rock, Reggae e Sertanejo.<\/p>\n\n\n\n<ul class=\"wp-block-list\">\n<li><strong>15h &#8211; Atra\u00e7\u00e3o Art\u00edstica\u00a0<\/strong><\/li>\n<\/ul>\n\n\n\n<p>Folcl\u00f3rica Dan\u00e7ando com a Tradi\u00e7\u00e3o &#8211; Fandango 60+ Com a professora N\u00e1dia Mendes.&nbsp;<\/p>\n\n\n\n<ul class=\"wp-block-list\">\n<li><strong>15h30 &#8211; Atra\u00e7\u00e3o Musical\u00a0<\/strong><\/li>\n<\/ul>\n\n\n\n<p>S\u00e9rgio &amp; Serginho &#8211; Mistura de ritmos na produ\u00e7\u00e3o O Brasil \u00e9 um Show.&nbsp;<\/p>\n\n\n\n<ul class=\"wp-block-list\">\n<li><strong>16h30 &#8211; Atra\u00e7\u00e3o Cultural\u00a0<\/strong><\/li>\n<\/ul>\n\n\n\n<p>Maracatu Baque Mulher Matinhos Coletivo nacional de empoderamento feminino que oferece \u00e0 comunidade um espa\u00e7o acolhedor atrav\u00e9s da m\u00fasica e da dan\u00e7a do Maracatu Baque Virado.&nbsp;<\/p>\n\n\n\n<ul class=\"wp-block-list\">\n<li><strong>17h &#8211; Atra\u00e7\u00e3o Musical\u00a0<\/strong><\/li>\n<\/ul>\n\n\n\n<p>F\u00e1bio Godoi Cantor, m\u00fasico e professor da FG Music. Apresentar\u00e1 cl\u00e1ssicos da m\u00fasica crist\u00e3 contempor\u00e2nea em formato ac\u00fastico pop rock.&nbsp;<\/p>\n\n\n\n<ul class=\"wp-block-list\">\n<li><strong>18h &#8211; Cia de Dan\u00e7a\u00a0<\/strong><\/li>\n<\/ul>\n\n\n\n<p>Jota Ribeiro, apresenta\u00e7\u00e3o de 4 coreografias:&nbsp;<\/p>\n\n\n\n<p><strong>Butterfly &#8211;<\/strong>&nbsp;Bal\u00e9 cl\u00e1ssico infantil Interl\u00fadio&nbsp;<\/p>\n\n\n\n<p><strong>Dan\u00e7a contempor\u00e2nea<\/strong>&nbsp;(conjunto adulto)<\/p>\n\n\n\n<p><strong>Liberdade de Express\u00e3o &#8211;<\/strong>Dan\u00e7a contempor\u00e2nea (conjunto s\u00eanior)<\/p>\n\n\n\n<p><strong>Des\u2019compasso &#8211;<\/strong>&nbsp;Jazz (conjunto infantil)&nbsp;<\/p>\n\n\n\n<ul class=\"wp-block-list\">\n<li><strong>18h30 &#8211; Atra\u00e7\u00e3o Musical\u00a0<\/strong><\/li>\n<\/ul>\n\n\n\n<p>Dub n\u2019 Flute com Flow Sista &amp; Tarci Rosa Uma viagem sonora que une a for\u00e7a do Dub com a sutileza e o improviso das flautas.&nbsp;<\/p>\n\n\n\n<ul class=\"wp-block-list\">\n<li><strong>19h30 &#8211; Apresenta\u00e7\u00e3o Art\u00edstica Cultural\u00a0<\/strong><\/li>\n<\/ul>\n\n\n\n<p>Grupo Capoeira Zoeira Nag\u00f4 Trazendo a arte e a tradi\u00e7\u00e3o da roda de capoeira.&nbsp;<\/p>\n\n\n\n<ul class=\"wp-block-list\">\n<li><strong>20h30 &#8211; Academia de Dan\u00e7a S\u00edntese\u00a0<\/strong><\/li>\n<\/ul>\n\n\n\n<p>Apresenta\u00e7\u00e3o de 4 coreografias:<\/p>\n\n\n\n<p><strong>Fugindo do Escuro &#8211; Core\u00f3grafa Pietra Trovo<\/strong><\/p>\n\n\n\n<p>Uma obra que transforma vulnerabilidade em arte e traduz batalhas internas com intensidade e emo\u00e7\u00e3o.&nbsp;<\/p>\n\n\n\n<p><strong>Valsa das Guirlandas &#8211; Core\u00f3grafa Isabela Collares<\/strong><\/p>\n\n\n\n<p>Adaptada do cl\u00e1ssico A Bela Adormecida, traz ao palco um dos momentos mais encantadores do primeiro ato.&nbsp;<\/p>\n\n\n\n<p><strong>Tim\u00f3teo &#8211; Core\u00f3grafa Laura Maia<\/strong><\/p>\n\n\n\n<p>Uma dan\u00e7a que celebra aqueles que permanecem firmes diante das mudan\u00e7as, como uma ora\u00e7\u00e3o silenciosa em movimento.&nbsp;<\/p>\n\n\n\n<p><strong>Um Salto &#8211; Core\u00f3grafa Pietra Trovo<\/strong><\/p>\n\n\n\n<p>Constru\u00edda sobre fundamentos do jazz dance, explora t\u00e9cnica, for\u00e7a e musicalidade, traduzindo supera\u00e7\u00e3o e express\u00e3o art\u00edstica.&nbsp;<\/p>\n\n\n\n<p>A S\u00edntese dedica-se \u00e0 transforma\u00e7\u00e3o por meio da arte, unindo acolhimento, t\u00e9cnica e sensibilidade.<\/p>\n\n\n\n<ul class=\"wp-block-list\">\n<li><strong>21h &#8211; Encerramento\u00a0<\/strong><\/li>\n<\/ul>\n\n\n\n<p>RockMemory Band Encerrando nossa Virada Cultural com releituras dos grandes sucessos dos anos 70, 80 e 90 &#8211; o melhor do rock nacional e internacional.<\/p>\n\n\n\n<p><img decoding=\"async\" src=\"https:\/\/matinhos.atende.net\/cidadao\/load-image\/id\/503BFC3DA459B56FB66F42A2B83495292D350348\" alt=\"WhatsApp Image 2025-11-27 at 10_33_17 (1)\">&nbsp;<br><strong>Servi\u00e7o \u2013 Virada Cultural Matinhos 2025<\/strong><\/p>\n\n\n\n<p><strong>29 de novembro de 2025&nbsp;<\/strong><\/p>\n\n\n\n<p><strong>Das 9h \u00e0s 21h&nbsp;<\/strong><\/p>\n\n\n\n<p><strong>Cal\u00e7ad\u00e3o Central \u2013 em frente \u00e0 Casa da Cultura<\/strong><\/p>\n\n\n\n<p><strong>O evento \u00e9 gratuito e aberto para toda a popula\u00e7\u00e3o.&nbsp;<\/strong><\/p>\n\n\n\n<p>Assessoria<a href=\"https:\/\/matinhos.atende.net\/cidadao\/\"><\/a><\/p>\n","protected":false},"excerpt":{"rendered":"<p>A Prefeitura de Matinhos, por meio da Secretaria Municipal de Cultura, realizar\u00e1 no dia&nbsp;29 de novembro de 2025&nbsp;a&nbsp;Virada Cultural, um grande evento multicultural que ocupar\u00e1 o Cal\u00e7ad\u00e3o Central, em frente \u00e0 Casa da Cultura. Ser\u00e3o&nbsp;12 horas de programa\u00e7\u00e3o gratuita, reunindo m\u00fasica, dan\u00e7a, literatura, artes c\u00eanicas e manifesta\u00e7\u00f5es tradicionais locais. A Virada Cultural tem como objetivo [&hellip;]<\/p>\n","protected":false},"author":2,"featured_media":74498,"comment_status":"open","ping_status":"open","sticky":false,"template":"","format":"standard","meta":{"advanced_seo_description":"","jetpack_seo_html_title":"","jetpack_seo_noindex":false,"_jetpack_memberships_contains_paid_content":false,"footnotes":""},"categories":[40,88],"tags":[317],"class_list":{"0":"post-74497","1":"post","2":"type-post","3":"status-publish","4":"format-standard","5":"has-post-thumbnail","7":"category-destaques","8":"category-matinhos","9":"tag-matinhos"},"jetpack_featured_media_url":"https:\/\/www.paranapraia.com.br\/wp-content\/uploads\/2025\/11\/img_D98E0A4657AEA3E18279336AF0C363248E626E8B_607x1120.png","jetpack_sharing_enabled":true,"_links":{"self":[{"href":"https:\/\/www.paranapraia.com.br\/index.php\/wp-json\/wp\/v2\/posts\/74497"}],"collection":[{"href":"https:\/\/www.paranapraia.com.br\/index.php\/wp-json\/wp\/v2\/posts"}],"about":[{"href":"https:\/\/www.paranapraia.com.br\/index.php\/wp-json\/wp\/v2\/types\/post"}],"author":[{"embeddable":true,"href":"https:\/\/www.paranapraia.com.br\/index.php\/wp-json\/wp\/v2\/users\/2"}],"replies":[{"embeddable":true,"href":"https:\/\/www.paranapraia.com.br\/index.php\/wp-json\/wp\/v2\/comments?post=74497"}],"version-history":[{"count":1,"href":"https:\/\/www.paranapraia.com.br\/index.php\/wp-json\/wp\/v2\/posts\/74497\/revisions"}],"predecessor-version":[{"id":74499,"href":"https:\/\/www.paranapraia.com.br\/index.php\/wp-json\/wp\/v2\/posts\/74497\/revisions\/74499"}],"wp:featuredmedia":[{"embeddable":true,"href":"https:\/\/www.paranapraia.com.br\/index.php\/wp-json\/wp\/v2\/media\/74498"}],"wp:attachment":[{"href":"https:\/\/www.paranapraia.com.br\/index.php\/wp-json\/wp\/v2\/media?parent=74497"}],"wp:term":[{"taxonomy":"category","embeddable":true,"href":"https:\/\/www.paranapraia.com.br\/index.php\/wp-json\/wp\/v2\/categories?post=74497"},{"taxonomy":"post_tag","embeddable":true,"href":"https:\/\/www.paranapraia.com.br\/index.php\/wp-json\/wp\/v2\/tags?post=74497"}],"curies":[{"name":"wp","href":"https:\/\/api.w.org\/{rel}","templated":true}]}}