{"id":7449,"date":"2019-04-19T18:27:17","date_gmt":"2019-04-19T21:27:17","guid":{"rendered":"https:\/\/www.paranapraia.com.br\/?p=7449"},"modified":"2019-04-19T18:27:18","modified_gmt":"2019-04-19T21:27:18","slug":"programa-parana-competitivo-com-incentivos-industria-vai-instalar-cinco-novas-plantas-em-londrina","status":"publish","type":"post","link":"https:\/\/www.paranapraia.com.br\/index.php\/2019\/04\/19\/programa-parana-competitivo-com-incentivos-industria-vai-instalar-cinco-novas-plantas-em-londrina\/","title":{"rendered":"Programa Paran\u00e1 Competitivo: com incentivos, ind\u00fastria vai instalar cinco novas plantas em Londrina"},"content":{"rendered":"\n<p>O governador Carlos Massa Ratinho Junior e o presidente da J.Mac\u00eado, Walter Faria Junior, oficializaram nesta quinta-feira (18) a ades\u00e3o da empresa ao programa Paran\u00e1 Competitivo e investimentos de R$ 500 milh\u00f5es em um complexo industrial de manipula\u00e7\u00e3o de trigo em Londrina, no Norte do Estado. A empresa vai instalar cinco ind\u00fastrias no munic\u00edpio em uma \u00e1rea total de 380 mil metros quadrados e gerar 1,5 mil empregos diretos e quase 4 mil indiretos.<\/p>\n\n\n\n<p>O novo complexo industrial vai contar com moinho, f\u00e1brica de manipula\u00e7\u00e3o de massas e bolachas, centro de distribui\u00e7\u00e3o para Sul e Sudeste e um centro t\u00e9cnico de inova\u00e7\u00e3o, pesquisa e desenvolvimento. Apenas o novo moinho ser\u00e1 cinco vezes maior do que o que j\u00e1 est\u00e1 em opera\u00e7\u00e3o.<\/p>\n\n\n\n<p>Segundo o governador Ratinho Junior, os investimentos prospectados pela Ag\u00eancia Paran\u00e1 de Desenvolvimento (APD) se somam a duas estrat\u00e9gias para os pr\u00f3ximos anos: fomento da ind\u00fastria de transforma\u00e7\u00e3o de alimentos, com maior valor agregado, e de tecnologia e moderniza\u00e7\u00e3o dos processos do campo e das f\u00e1bricas.<\/p>\n\n\n\n<blockquote class=\"wp-block-quote is-layout-flow wp-block-quote-is-layout-flow\"><p>\u201cO Estado colaborou com os incentivos, a Prefeitura entrou com a localiza\u00e7\u00e3o, suporte da \u00e1rea, e a empresa com gera\u00e7\u00e3o de emprego, pelo menos 1,5 mil diretos, investimento que n\u00e3o acontecia h\u00e1 mais de vinte anos na cidade\u201d, afirmou o governador. \u201cLondrina vai se transformar em um grande polo de transforma\u00e7\u00e3o de alimento\u201d.<\/p><\/blockquote>\n\n\n\n<p>Ratinho Junior disse que a localiza\u00e7\u00e3o geogr\u00e1fica da cidade \u00e9 muito boa para atrair investimentos porque est\u00e1 muito pr\u00f3xima de estados consumidores como S\u00e3o Paulo e os do Sul. Al\u00e9m da proximidade com o Porto de Paranagu\u00e1 para exporta\u00e7\u00e3o. Ele tamb\u00e9m destacou que o novo complexo industrial deve ser a grande vitrine da futura Cidade Industrial de Londrina.<\/p>\n\n\n\n<h2 class=\"wp-block-heading\">Uni\u00e3o<\/h2>\n\n\n\n<p>O presidente executivo da J. Mac\u00eado destacou que a escolha pelo Paran\u00e1 levou em considera\u00e7\u00e3o uma opera\u00e7\u00e3o bem-sucedida j\u00e1 existente na cidade e a capacidade de Estado, prefeitura, deputados estaduais e associa\u00e7\u00f5es da regi\u00e3o se integrarem em torno do projeto.<\/p>\n\n\n\n<p>\u201cEstamos falando de uma s\u00e9rie de unidades. Isso s\u00f3 se viabiliza com mobiliza\u00e7\u00e3o. No Paran\u00e1, o governo, todas as secretarias, os \u00f3rg\u00e3os e a prefeitura se mobilizaram. N\u00e3o \u00e9 simples. Tem todo o planejamento, estudo de viabilidade e a implementa\u00e7\u00e3o. Toda essa alian\u00e7a trar\u00e1 um ganho econ\u00f4mico e social muito grande\u201d, afirmou Faria Junior.<\/p>\n\n\n\n<p>O presidente da J.Mac\u00eado tamb\u00e9m disse que a empresa vai investir ainda mais no desenvolvimento de novas categorias na planta da cidade, como mistura para bolos, massas e biscoitos assados. O novo complexo, ressaltou, representa uma oportunidade de influenciar tamb\u00e9m no campo e na log\u00edstica da regi\u00e3o, al\u00e9m do potencial tecnol\u00f3gico inexplorado.<\/p>\n\n\n\n<p>\u201cVamos gerar milhares de emprego no campo, empregos indiretos. Ainda vamos abrir um centro de tecnologia de pesquisa e inova\u00e7\u00e3o do trigo que estava previsto para outro Estado. Ele foi desviado para o Paran\u00e1. Queremos transformar Londrina: da capital do caf\u00e9 para a capital do trigo, ter toda a cadeia representada na cidade\u201d, destacou Faria Junior.<\/p>\n\n\n\n<p>Segundo o prefeito Marcelo Belinati, esse investimento de R$ 500 milh\u00f5es representa ganho autom\u00e1tico para o Paran\u00e1. \u201cA cidade come\u00e7a a ganhar desde agora, desde o pedreiro que vai fazer a oba, o transporte, a venda do material de constru\u00e7\u00e3o. S\u00f3 uma parceria da prefeitura, Governo e empres\u00e1rios possibilita empreendimentos desse porte. Isso soma gera\u00e7\u00e3o de emprego, renda, e movimenta\u00e7\u00e3o da economia para promover a prosperidade\u201d, asseverou.<\/p>\n\n\n\n<h2 class=\"wp-block-heading\">J.Mac\u00eado&nbsp;<\/h2>\n\n\n\n<p>O Grupo J.Mac\u00eado, fundado em Fortaleza (CE), est\u00e1 presente no Estado do Paran\u00e1 desde 1975, com o Moinho Dona Benta, em Londrina. Em 2018, a empresa ampliou suas opera\u00e7\u00f5es no Estado arrendando o Moinho Mercosul, em Campo Mour\u00e3o.<\/p>\n\n\n\n<p>A linha de produtos da J.Mac\u00eado inclui as farinhas Dona Benta, Sol, Brandini, Lili, Boa Sorte, massas, misturas para bolo, sobremesas, fermentos, biscoitos, cookies e refrescos em p\u00f3. A J.Mac\u00eado tamb\u00e9m tem uma linha dedicada ao segmento B2B que atende padarias, pastelarias, pizzarias e restaurantes, com farinhas de panifica\u00e7\u00e3o, farinhas de transforma\u00e7\u00e3o, misturas para p\u00e3es, misturas para bolos, entre outros.<\/p>\n\n\n\n<p><strong>Paran\u00e1 recebe R$ 9,6 bilh\u00f5es de investimentos em uma semana<\/strong><\/p>\n\n\n\n<p>O governador Carlos Massa Ratinho Junior comemorou nesta semana os an\u00fancios de R$ 9,6 bilh\u00f5es de duas empresas (Klabin e J.Mac\u00eado), com potencial de gerar 3 mil empregos em opera\u00e7\u00e3o.<\/p>\n\n\n\n<p>A Klabin investir\u00e1 R$ 9,1 bilh\u00f5es em Ortigueira para aumentar a produ\u00e7\u00e3o de celulose branqueada (fibra curta, fibra longa e fluff) para abastecer os mercados interno e externo. Ser\u00e3o gerados 11 mil empregos na constru\u00e7\u00e3o e 1,5 mil diretos depois do in\u00edcio da produ\u00e7\u00e3o. J\u00e1 a J.Mac\u00eado vai inaugurar um complexo industrial de trigo em Londrina com investimentos de R$ 500 milh\u00f5es e gera\u00e7\u00e3o de 1,5 mil empregos diretos.<\/p>\n\n\n\n<p>Segundo o governador Carlos Massa Ratinho Junior, os an\u00fancios robustos representam a confian\u00e7a do empresariado na gest\u00e3o. \u201cVoc\u00ea n\u00e3o tem visto no Brasil tantos investimentos como no Paran\u00e1. Totaliza quase R$ 10 bilh\u00f5es em apenas uma semana. Isso acaba sendo um chamariz para outras empresas que j\u00e1 est\u00e3o vindo falar com o Governo\u201d, afirmou. \u201cN\u00e3o tem desenvolvimento social mais r\u00e1pido e certeiro do que a gera\u00e7\u00e3o de emprego. Estamos construindo esse projeto\u201d.<\/p>\n\n\n\n<p>Os dois neg\u00f3cios foram prospectados pela Ag\u00eancia Paran\u00e1 de Desenvolvimento (APD) e se enquadram nos par\u00e2metros estabelecidos pelo programa Paran\u00e1 Competitivo, como dila\u00e7\u00e3o de prazos para recolhimento do ICMS, incentivos para melhoria da infraestrutura, com\u00e9rcio exterior, desburocratiza\u00e7\u00e3o e capacita\u00e7\u00e3o profissional.<\/p>\n\n\n\n<p>MassaNews<\/p>\n","protected":false},"excerpt":{"rendered":"<p>O governador Carlos Massa Ratinho Junior e o presidente da J.Mac\u00eado, Walter Faria Junior, oficializaram nesta quinta-feira (18) a ades\u00e3o da empresa ao programa Paran\u00e1 Competitivo e investimentos de R$ 500 milh\u00f5es em um complexo industrial de manipula\u00e7\u00e3o de trigo em Londrina, no Norte do Estado. A empresa vai instalar cinco ind\u00fastrias no munic\u00edpio em [&hellip;]<\/p>\n","protected":false},"author":2,"featured_media":7450,"comment_status":"open","ping_status":"open","sticky":false,"template":"","format":"standard","meta":{"advanced_seo_description":"","jetpack_seo_html_title":"","jetpack_seo_noindex":false,"_jetpack_memberships_contains_paid_content":false,"footnotes":""},"categories":[32],"tags":[],"class_list":{"0":"post-7449","1":"post","2":"type-post","3":"status-publish","4":"format-standard","5":"has-post-thumbnail","7":"category-politica"},"jetpack_featured_media_url":"https:\/\/www.paranapraia.com.br\/wp-content\/uploads\/2019\/04\/ratin.jpg","jetpack_sharing_enabled":true,"_links":{"self":[{"href":"https:\/\/www.paranapraia.com.br\/index.php\/wp-json\/wp\/v2\/posts\/7449"}],"collection":[{"href":"https:\/\/www.paranapraia.com.br\/index.php\/wp-json\/wp\/v2\/posts"}],"about":[{"href":"https:\/\/www.paranapraia.com.br\/index.php\/wp-json\/wp\/v2\/types\/post"}],"author":[{"embeddable":true,"href":"https:\/\/www.paranapraia.com.br\/index.php\/wp-json\/wp\/v2\/users\/2"}],"replies":[{"embeddable":true,"href":"https:\/\/www.paranapraia.com.br\/index.php\/wp-json\/wp\/v2\/comments?post=7449"}],"version-history":[{"count":1,"href":"https:\/\/www.paranapraia.com.br\/index.php\/wp-json\/wp\/v2\/posts\/7449\/revisions"}],"predecessor-version":[{"id":7451,"href":"https:\/\/www.paranapraia.com.br\/index.php\/wp-json\/wp\/v2\/posts\/7449\/revisions\/7451"}],"wp:featuredmedia":[{"embeddable":true,"href":"https:\/\/www.paranapraia.com.br\/index.php\/wp-json\/wp\/v2\/media\/7450"}],"wp:attachment":[{"href":"https:\/\/www.paranapraia.com.br\/index.php\/wp-json\/wp\/v2\/media?parent=7449"}],"wp:term":[{"taxonomy":"category","embeddable":true,"href":"https:\/\/www.paranapraia.com.br\/index.php\/wp-json\/wp\/v2\/categories?post=7449"},{"taxonomy":"post_tag","embeddable":true,"href":"https:\/\/www.paranapraia.com.br\/index.php\/wp-json\/wp\/v2\/tags?post=7449"}],"curies":[{"name":"wp","href":"https:\/\/api.w.org\/{rel}","templated":true}]}}