{"id":74477,"date":"2025-11-26T17:33:04","date_gmt":"2025-11-26T20:33:04","guid":{"rendered":"https:\/\/www.paranapraia.com.br\/?p=74477"},"modified":"2025-11-26T17:33:06","modified_gmt":"2025-11-26T20:33:06","slug":"campanha-de-prevencao-ao-cancer-bucal-mobiliza-cerca-de-100-atendimentos-no-centro-de-paranagua","status":"publish","type":"post","link":"https:\/\/www.paranapraia.com.br\/index.php\/2025\/11\/26\/campanha-de-prevencao-ao-cancer-bucal-mobiliza-cerca-de-100-atendimentos-no-centro-de-paranagua\/","title":{"rendered":"Campanha de Preven\u00e7\u00e3o ao C\u00e2ncer Bucal mobiliza cerca de 100 atendimentos no Centro de Paranagu\u00e1"},"content":{"rendered":"\n<p>Com foco no diagn\u00f3stico precoce e no alerta para o aumento dos casos de c\u00e2ncer bucal, a Prefeitura de Paranagu\u00e1 realizou nesta quarta-feira, dia 26, a oitava edi\u00e7\u00e3o da Campanha de Preven\u00e7\u00e3o e Diagn\u00f3stico do C\u00e2ncer Bucal. Durante todo o dia, moradores receberam exames gratuitos, orienta\u00e7\u00f5es e encaminhamentos especializados na estrutura montada na Pra\u00e7a Almirante Tamandar\u00e9, em frente \u00e0 Esta\u00e7\u00e3o Ferrovi\u00e1ria, em a\u00e7\u00e3o organizada pela Secretaria Municipal de Sa\u00fade (Semsa) em parceria com o Hospital Erasto Gaertner.<\/p>\n\n\n\n<figure class=\"wp-block-image size-full\"><img loading=\"lazy\" decoding=\"async\" width=\"850\" height=\"530\" src=\"https:\/\/www.paranapraia.com.br\/wp-content\/uploads\/2025\/11\/1000974480.jpg\" alt=\"\" class=\"wp-image-74479\" srcset=\"https:\/\/www.paranapraia.com.br\/wp-content\/uploads\/2025\/11\/1000974480.jpg 850w, https:\/\/www.paranapraia.com.br\/wp-content\/uploads\/2025\/11\/1000974480-300x187.jpg 300w, https:\/\/www.paranapraia.com.br\/wp-content\/uploads\/2025\/11\/1000974480-768x479.jpg 768w, https:\/\/www.paranapraia.com.br\/wp-content\/uploads\/2025\/11\/1000974480-696x434.jpg 696w\" sizes=\"(max-width: 850px) 100vw, 850px\" \/><\/figure>\n\n\n\n<p>O secret\u00e1rio municipal de Sa\u00fade, Daniel Fangueiro, destacou que o Litoral do Paran\u00e1 apresenta fatores de risco acima da m\u00e9dia para o c\u00e2ncer de boca, seja pela intensa exposi\u00e7\u00e3o solar &#8211; especialmente entre trabalhadores da pesca -, seja pelo impacto do tabagismo, consumo de \u00e1lcool e uso de pr\u00f3teses dent\u00e1rias inadequadas. Segundo ele, a estimativa atual do Minist\u00e9rio da Sa\u00fade projeta 900 novos casos de c\u00e2ncer bucal no Paran\u00e1.<\/p>\n\n\n\n<p>\u201cO c\u00e2ncer n\u00e3o escolhe classe social, credo ou ra\u00e7a. Aqui no Litoral temos uma popula\u00e7\u00e3o mais exposta \u00e0 insola\u00e7\u00e3o e a atividades econ\u00f4micas que aumentam o risco. Somado ao tabagismo, etilismo e ao uso de pr\u00f3teses orais, esse cen\u00e1rio exige aten\u00e7\u00e3o redobrada. Meu apelo \u00e9 direto: fumantes, pessoas que consomem \u00e1lcool com frequ\u00eancia e usu\u00e1rios de pr\u00f3teses t\u00eam a obriga\u00e7\u00e3o fazer o exame preventivo\u201d, afirmou Fangueiro.<\/p>\n\n\n\n<p>Ele refor\u00e7ou ainda que o objetivo da campanha \u00e9 identificar les\u00f5es precoces e criar uma porta de entrada para diagn\u00f3sticos e tratamentos em conjunto com o Hospital Erasto Gaertner. \u201cA detec\u00e7\u00e3o inicial de les\u00f5es pr\u00e9-cancerosas \u00e9 decisiva. O tratamento \u00e9 dif\u00edcil, muitas vezes cir\u00fargico, e a reabilita\u00e7\u00e3o \u00e9 complexa. Se identificarmos no come\u00e7o, salvamos vidas\u201d, disse.<\/p>\n\n\n\n<p>Al\u00e9m dos exames bucais, o evento ofereceu aferi\u00e7\u00e3o de press\u00e3o arterial, testes r\u00e1pidos e orienta\u00e7\u00f5es de sa\u00fade, fortalecendo o acesso da popula\u00e7\u00e3o \u00e0 preven\u00e7\u00e3o.<\/p>\n\n\n\n<p><strong>Diagn\u00f3stico precoce salva vidas<\/strong><\/p>\n\n\n\n<p>O dentista do Hospital Erasto Gaertner, Dr. Jos\u00e9 Luis Dissenha, refor\u00e7ou que a chance de cura aumenta significativamente quando o diagn\u00f3stico \u00e9 feito no in\u00edcio. Participando pela quinta vez da campanha em Paranagu\u00e1, ele contou que j\u00e1 nas primeiras horas do evento uma paciente foi encaminhada para bi\u00f3psia ap\u00f3s identifica\u00e7\u00e3o de uma les\u00e3o suspeita.<\/p>\n\n\n\n<p>\u201cQuando conseguimos encontrar um diagn\u00f3stico precoce, a possibilidade de cura \u00e9 muito maior. Sempre atendemos de tr\u00eas a quatro casos suspeitos por campanha e hoje j\u00e1 encaminhamos uma paciente logo cedo\u201d, relatou.<\/p>\n\n\n\n<p>Dissenha tamb\u00e9m orientou a popula\u00e7\u00e3o a realizar o autoexame regularmente. \u201cA boca permite autoavalia\u00e7\u00e3o simples: basta afastar as bochechas com o cabo de uma colher e observar. Les\u00f5es que n\u00e3o desaparecem em 15 dias precisam ser avaliadas por um profissional\u201d, explicou.<\/p>\n\n\n\n<p>Respons\u00e1vel pela coordena\u00e7\u00e3o odontol\u00f3gica da a\u00e7\u00e3o, o assessor especial de Odontologia da Semsa, M\u00e1rcio Santana Vargas, explicou que a campanha segue o modelo idealizado pelo m\u00e9dico Dr. Laurindo Sassi, do Erasto Gaertner, e ocorre simultaneamente em Curitiba &#8211; onde j\u00e1 chega \u00e0 sua 37\u00aa edi\u00e7\u00e3o.<\/p>\n\n\n\n<p>Em Paranagu\u00e1, a campanha mant\u00e9m crescimento constante. \u201cEstamos na oitava edi\u00e7\u00e3o e chegamos a quase 100 exames bucais realizados s\u00f3 hoje. \u00c9 um formato que aproxima o servi\u00e7o da popula\u00e7\u00e3o e permite que muitos fa\u00e7am o exame pela primeira vez\u201d, afirmou Vargas.<\/p>\n\n\n\n<p><strong>Popula\u00e7\u00e3o aprova a\u00e7\u00e3o e reconhece import\u00e2ncia do acesso<\/strong><\/p>\n\n\n\n<p>Entre os moradores atendidos, a aposentada Marlene Furquim Pereira celebrou a oportunidade de realizar o exame de forma r\u00e1pida e acess\u00edvel enquanto caminhava pelo Centro da cidade. \u201cO atendimento foi maravilhoso. Eles fazem tudo certinho, explicam, acolhem. Se n\u00e3o tivesse essa a\u00e7\u00e3o, eu n\u00e3o iria ao m\u00e9dico procurar saber disso. E muita gente tamb\u00e9m n\u00e3o iria. Aqui facilita demais. A gente v\u00ea press\u00e3o, diabetes, faz exame bucal\u2026 tudo num s\u00f3 lugar. &nbsp;pessoa j\u00e1 passa, j\u00e1 faz o exame e sai tranquila. \u00c9 muito importante\u201d, contou.<\/p>\n\n\n\n<p>A Secretaria de Sa\u00fade refor\u00e7ou que as a\u00e7\u00f5es de preven\u00e7\u00e3o seguem em andamento nas Unidades B\u00e1sicas de Sa\u00fade e que, na quinta-feira, dia 27, a equipe estar\u00e1 na empresa PASA &#8211; Paran\u00e1 Opera\u00e7\u00f5es Portu\u00e1rias S\/A., com atendimento das 6h \u00e0s 16h, incluindo exames, vacina\u00e7\u00f5es e servi\u00e7os voltados \u00e0 sa\u00fade do homem.<\/p>\n\n\n\n<p>O secret\u00e1rio Daniel Fangueiro encerrou deixando um convite \u00e0 comunidade. \u201cQueremos que a popula\u00e7\u00e3o se aproxime. Estaremos sempre prontos para acolher e orientar. A preven\u00e7\u00e3o \u00e9 o caminho mais efetivo para salvar vidas\u201d, concluiu.<\/p>\n\n\n\n<p>Assessoria <\/p>\n","protected":false},"excerpt":{"rendered":"<p>Com foco no diagn\u00f3stico precoce e no alerta para o aumento dos casos de c\u00e2ncer bucal, a Prefeitura de Paranagu\u00e1 realizou nesta quarta-feira, dia 26, a oitava edi\u00e7\u00e3o da Campanha de Preven\u00e7\u00e3o e Diagn\u00f3stico do C\u00e2ncer Bucal. Durante todo o dia, moradores receberam exames gratuitos, orienta\u00e7\u00f5es e encaminhamentos especializados na estrutura montada na Pra\u00e7a Almirante [&hellip;]<\/p>\n","protected":false},"author":2,"featured_media":74478,"comment_status":"open","ping_status":"open","sticky":false,"template":"","format":"standard","meta":{"advanced_seo_description":"","jetpack_seo_html_title":"","jetpack_seo_noindex":false,"_jetpack_memberships_contains_paid_content":false,"footnotes":""},"categories":[40,77],"tags":[321],"class_list":{"0":"post-74477","1":"post","2":"type-post","3":"status-publish","4":"format-standard","5":"has-post-thumbnail","7":"category-destaques","8":"category-paranagua","9":"tag-paranagua"},"jetpack_featured_media_url":"https:\/\/www.paranapraia.com.br\/wp-content\/uploads\/2025\/11\/thumb-41.jpeg","jetpack_sharing_enabled":true,"_links":{"self":[{"href":"https:\/\/www.paranapraia.com.br\/index.php\/wp-json\/wp\/v2\/posts\/74477"}],"collection":[{"href":"https:\/\/www.paranapraia.com.br\/index.php\/wp-json\/wp\/v2\/posts"}],"about":[{"href":"https:\/\/www.paranapraia.com.br\/index.php\/wp-json\/wp\/v2\/types\/post"}],"author":[{"embeddable":true,"href":"https:\/\/www.paranapraia.com.br\/index.php\/wp-json\/wp\/v2\/users\/2"}],"replies":[{"embeddable":true,"href":"https:\/\/www.paranapraia.com.br\/index.php\/wp-json\/wp\/v2\/comments?post=74477"}],"version-history":[{"count":1,"href":"https:\/\/www.paranapraia.com.br\/index.php\/wp-json\/wp\/v2\/posts\/74477\/revisions"}],"predecessor-version":[{"id":74480,"href":"https:\/\/www.paranapraia.com.br\/index.php\/wp-json\/wp\/v2\/posts\/74477\/revisions\/74480"}],"wp:featuredmedia":[{"embeddable":true,"href":"https:\/\/www.paranapraia.com.br\/index.php\/wp-json\/wp\/v2\/media\/74478"}],"wp:attachment":[{"href":"https:\/\/www.paranapraia.com.br\/index.php\/wp-json\/wp\/v2\/media?parent=74477"}],"wp:term":[{"taxonomy":"category","embeddable":true,"href":"https:\/\/www.paranapraia.com.br\/index.php\/wp-json\/wp\/v2\/categories?post=74477"},{"taxonomy":"post_tag","embeddable":true,"href":"https:\/\/www.paranapraia.com.br\/index.php\/wp-json\/wp\/v2\/tags?post=74477"}],"curies":[{"name":"wp","href":"https:\/\/api.w.org\/{rel}","templated":true}]}}