{"id":74470,"date":"2025-11-26T17:24:49","date_gmt":"2025-11-26T20:24:49","guid":{"rendered":"https:\/\/www.paranapraia.com.br\/?p=74470"},"modified":"2025-11-26T17:24:51","modified_gmt":"2025-11-26T20:24:51","slug":"encontro-final-do-mare-de-oportunidades-em-matinhos-foca-em-sustentabilidade-com-presenca-de-liderancas-municipais","status":"publish","type":"post","link":"https:\/\/www.paranapraia.com.br\/index.php\/2025\/11\/26\/encontro-final-do-mare-de-oportunidades-em-matinhos-foca-em-sustentabilidade-com-presenca-de-liderancas-municipais\/","title":{"rendered":"Encontro Final do &#8220;Mar\u00e9 de Oportunidades&#8221; em Matinhos Foca em Sustentabilidade com Presen\u00e7a de Lideran\u00e7as Municipais"},"content":{"rendered":"\n<p>Chegou \u00e0 sua etapa final a mais recente rodada de capacita\u00e7\u00e3o do programa<em>&nbsp;&#8220;Mar\u00e9 de Oportunidades&#8221;<\/em>&nbsp;em Matinhos. O evento de encerramento, que ocorreu no Sesc Caiob\u00e1, reuniu ambulantes cadastrados pela Prefeitura para um encontro especial com o tema&nbsp;<em>&#8220;Ambulante e a Sustentabilidade de um Destino Tur\u00edstico&#8221;.<\/em><\/p>\n\n\n\n<p>O encontro contou com a presen\u00e7a de importantes lideran\u00e7as municipais, incluindo o Prefeito Eduardo Dalmora e a<strong>&nbsp;Secret\u00e1ria de Turismo, K\u00e1ssia Novochadlo.<\/strong><\/p>\n\n\n\n<p><strong>Incentivo e Reconhecimento da Categoria&nbsp;<\/strong><\/p>\n\n\n\n<p>A Secret\u00e1ria de Turismo, K\u00e1ssia Novochadlo, utilizou a palavra para incentivar a categoria dos ambulantes, destacando o papel essencial que eles desempenham para a cidade.&nbsp;<em>&#8220;O ambulante tem a nossa cara perante os visitantes,&#8221;<\/em>&nbsp;afirmou a Secret\u00e1ria, sublinhando que esses profissionais s\u00e3o o cart\u00e3o de visitas de Matinhos e parte crucial da experi\u00eancia tur\u00edstica local.<\/p>\n\n\n\n<p>O encontro foi o \u00e1pice de uma jornada de desenvolvimento que visou n\u00e3o apenas a qualifica\u00e7\u00e3o t\u00e9cnica, mas tamb\u00e9m a valoriza\u00e7\u00e3o e a profissionaliza\u00e7\u00e3o dos trabalhadores da orla, essenciais para a alta temporada de ver\u00e3o.&nbsp;<\/p>\n\n\n\n<p><strong>Sobre o Programa &#8220;Mar\u00e9 de Oportunidades&#8221;&nbsp;<\/strong><\/p>\n\n\n\n<p>O programa Mar\u00e9 de Oportunidades, uma iniciativa do Sebrae\/PR, Senac PR, Fecom\u00e9rcio PR e em parceria com as Prefeituras de Matinhos (al\u00e9m de Guaratuba e Pontal do Paran\u00e1), tem como foco principal a capacita\u00e7\u00e3o e qualifica\u00e7\u00e3o dos vendedores ambulantes e microempreendedores do litoral paranaense.<\/p>\n\n\n\n<p>Nos \u00faltimos meses, o programa promoveu uma s\u00e9rie de cursos e oficinas com o objetivo de elevar a qualidade dos servi\u00e7os oferecidos, abrangendo temas cruciais para a atua\u00e7\u00e3o profissional e para a experi\u00eancia do turista. Entre os assuntos abordados, destacam-se:&nbsp;<\/p>\n\n\n\n<ul class=\"wp-block-list\">\n<li><strong>Boas Pr\u00e1ticas na Manipula\u00e7\u00e3o de Alimentos:<\/strong>\u00a0Garantindo a seguran\u00e7a e higiene dos produtos vendidos.<\/li>\n\n\n\n<li><strong>Qualidade no Atendimento ao Turista:\u00a0<\/strong>Focando em simpatia, cordialidade e na melhoria da experi\u00eancia do visitante.\u00a0<\/li>\n\n\n\n<li><strong>Sustentabilidade e Turismo Respons\u00e1vel:<\/strong>\u00a0Incentivando a ado\u00e7\u00e3o de pr\u00e1ticas que beneficiem o meio ambiente e o destino tur\u00edstico como um todo.<\/li>\n\n\n\n<li><strong>Gest\u00e3o e Formaliza\u00e7\u00e3o:<\/strong>\u00a0Oferecendo orienta\u00e7\u00f5es sobre controles financeiros, forma\u00e7\u00e3o de pre\u00e7o e as vantagens da formaliza\u00e7\u00e3o (MEI).\u00a0<\/li>\n<\/ul>\n\n\n\n<p>A iniciativa busca consolidar o litoral paranaense como refer\u00eancia em qualidade de servi\u00e7o, garantindo que os ambulantes atuem de forma organizada, profissional e sustent\u00e1vel, n\u00e3o apenas durante o ver\u00e3o, mas ao longo de todo o ano.<\/p>\n\n\n\n<p>O programa tem sido fundamental para aprimorar a atua\u00e7\u00e3o dos mais de 1.900 vendedores ambulantes j\u00e1 capacitados em edi\u00e7\u00f5es anteriores, dando a eles o conhecimento necess\u00e1rio para se destacarem e oferecerem um servi\u00e7o de excel\u00eancia aos turistas que visitam a regi\u00e3o.<\/p>\n\n\n\n<p>Assessoria<\/p>\n","protected":false},"excerpt":{"rendered":"<p>Chegou \u00e0 sua etapa final a mais recente rodada de capacita\u00e7\u00e3o do programa&nbsp;&#8220;Mar\u00e9 de Oportunidades&#8221;&nbsp;em Matinhos. O evento de encerramento, que ocorreu no Sesc Caiob\u00e1, reuniu ambulantes cadastrados pela Prefeitura para um encontro especial com o tema&nbsp;&#8220;Ambulante e a Sustentabilidade de um Destino Tur\u00edstico&#8221;. O encontro contou com a presen\u00e7a de importantes lideran\u00e7as municipais, incluindo [&hellip;]<\/p>\n","protected":false},"author":2,"featured_media":74471,"comment_status":"open","ping_status":"open","sticky":false,"template":"","format":"standard","meta":{"advanced_seo_description":"","jetpack_seo_html_title":"","jetpack_seo_noindex":false,"_jetpack_memberships_contains_paid_content":false,"footnotes":""},"categories":[40,88],"tags":[317],"class_list":{"0":"post-74470","1":"post","2":"type-post","3":"status-publish","4":"format-standard","5":"has-post-thumbnail","7":"category-destaques","8":"category-matinhos","9":"tag-matinhos"},"jetpack_featured_media_url":"https:\/\/www.paranapraia.com.br\/wp-content\/uploads\/2025\/11\/img_F33A1C25BA4895D7D449E0BDC0F98DA0CEAA515C_607x1120.png","jetpack_sharing_enabled":true,"_links":{"self":[{"href":"https:\/\/www.paranapraia.com.br\/index.php\/wp-json\/wp\/v2\/posts\/74470"}],"collection":[{"href":"https:\/\/www.paranapraia.com.br\/index.php\/wp-json\/wp\/v2\/posts"}],"about":[{"href":"https:\/\/www.paranapraia.com.br\/index.php\/wp-json\/wp\/v2\/types\/post"}],"author":[{"embeddable":true,"href":"https:\/\/www.paranapraia.com.br\/index.php\/wp-json\/wp\/v2\/users\/2"}],"replies":[{"embeddable":true,"href":"https:\/\/www.paranapraia.com.br\/index.php\/wp-json\/wp\/v2\/comments?post=74470"}],"version-history":[{"count":1,"href":"https:\/\/www.paranapraia.com.br\/index.php\/wp-json\/wp\/v2\/posts\/74470\/revisions"}],"predecessor-version":[{"id":74472,"href":"https:\/\/www.paranapraia.com.br\/index.php\/wp-json\/wp\/v2\/posts\/74470\/revisions\/74472"}],"wp:featuredmedia":[{"embeddable":true,"href":"https:\/\/www.paranapraia.com.br\/index.php\/wp-json\/wp\/v2\/media\/74471"}],"wp:attachment":[{"href":"https:\/\/www.paranapraia.com.br\/index.php\/wp-json\/wp\/v2\/media?parent=74470"}],"wp:term":[{"taxonomy":"category","embeddable":true,"href":"https:\/\/www.paranapraia.com.br\/index.php\/wp-json\/wp\/v2\/categories?post=74470"},{"taxonomy":"post_tag","embeddable":true,"href":"https:\/\/www.paranapraia.com.br\/index.php\/wp-json\/wp\/v2\/tags?post=74470"}],"curies":[{"name":"wp","href":"https:\/\/api.w.org\/{rel}","templated":true}]}}