{"id":74467,"date":"2025-11-26T17:22:20","date_gmt":"2025-11-26T20:22:20","guid":{"rendered":"https:\/\/www.paranapraia.com.br\/?p=74467"},"modified":"2025-11-26T17:22:22","modified_gmt":"2025-11-26T20:22:22","slug":"fundicao-guara-a-arte-do-vidro-em-fusao-de-matinhos-para-o-mundo","status":"publish","type":"post","link":"https:\/\/www.paranapraia.com.br\/index.php\/2025\/11\/26\/fundicao-guara-a-arte-do-vidro-em-fusao-de-matinhos-para-o-mundo\/","title":{"rendered":"Fundi\u00e7\u00e3o Guar\u00e1: a arte do vidro em fus\u00e3o de Matinhos para o mundo"},"content":{"rendered":"\n<p>A&nbsp;<strong>Fundi\u00e7\u00e3o Guar\u00e1&nbsp;<\/strong>\u00e9 um projeto cultural e socioambiental sediado em Matinhos, no litoral do Paran\u00e1, que tem como miss\u00e3o transformar res\u00edduos de vidro descartados em arte e gerar renda sustent\u00e1vel para a comunidade.<\/p>\n\n\n\n<p>A iniciativa \u00e9 um Centro de Transforma\u00e7\u00e3o Criativa de Vidro e ganhou destaque por aliar a arte vidreira de alta qualidade (utilizando a t\u00e9cnica da vitrofus\u00e3o a 820\u00baC) \u00e0 sustentabilidade e \u00e0 inclus\u00e3o social.<\/p>\n\n\n\n<p><strong>Principais Caracter\u00edsticas da Fundi\u00e7\u00e3o Guar\u00e1<\/strong><\/p>\n\n\n\n<p>O projeto \u00e9 idealizado pela artista e designer vidreira<strong>&nbsp;D\u00e9sir\u00e9e Sessegolo<\/strong>, que tem forma\u00e7\u00e3o e reconhecimento internacional (incluindo la\u00e7os com a It\u00e1lia, refer\u00eancia mundial na arte em vidro).&nbsp;<\/p>\n\n\n\n<ul class=\"wp-block-list\">\n<li><strong>Sustentabilidade e T\u00e9cnica:<\/strong>\u00a0A Fundi\u00e7\u00e3o Guar\u00e1 utiliza vidro float (vidros de janela) e outros res\u00edduos coletados para criar pe\u00e7as, aplicando a t\u00e9cnica de vitrofus\u00e3o. Mais de uma tonelada de vidro j\u00e1 foi reaproveitada, solucionando um problema de descarte no litoral.<\/li>\n\n\n\n<li><strong>Inclus\u00e3o Social e Renda:<\/strong>\u00a0O projeto oferece capacita\u00e7\u00e3o t\u00e9cnica gratuita para alunos da comunidade, especialmente mulheres, transformando o conhecimento em uma nova fonte de renda e empreendedorismo. Os alunos e artistas veem na arte em vidro uma nova perspectiva de futuro, podendo desenvolver produtos, souvenirs e pe\u00e7as para exposi\u00e7\u00f5es.<\/li>\n\n\n\n<li><strong>Cultura Cai\u00e7ara:<\/strong>\u00a0O coletivo \u00e9 composto por artistas das comunidades cai\u00e7aras do Litoral Paranaense e busca valorizar a identidade local em suas obras. O trabalho mais conhecido \u00e9 a instala\u00e7\u00e3o interativa &#8220;Cardume Cai\u00e7ara&#8221; (composta por centenas de tainhas de vidro reciclado), que remete \u00e0 pesca e \u00e0 cultura local.<\/li>\n\n\n\n<li><strong>Reconhecimento Internacional:<\/strong>\u00a0As obras da Fundi\u00e7\u00e3o Guar\u00e1 j\u00e1 foram expostas em eventos de grande prest\u00edgio, como o Sal\u00e3o Arte em Vidro Brasil em Curitiba e, como representante brasileira, no The Venice Glass Week em Veneza, It\u00e1lia (o maior festival de vidro do mundo).\u00a0<\/li>\n<\/ul>\n\n\n\n<p>Em resumo, a Fundi\u00e7\u00e3o Guar\u00e1 \u00e9 mais que um ateli\u00ea; \u00e9 um modelo de turismo sustent\u00e1vel, educa\u00e7\u00e3o art\u00edstica e gera\u00e7\u00e3o de pertencimento em Matinhos, utilizando a arte como ferramenta de transforma\u00e7\u00e3o ambiental e social.<\/p>\n\n\n\n<p>Assessoria <\/p>\n","protected":false},"excerpt":{"rendered":"<p>A&nbsp;Fundi\u00e7\u00e3o Guar\u00e1&nbsp;\u00e9 um projeto cultural e socioambiental sediado em Matinhos, no litoral do Paran\u00e1, que tem como miss\u00e3o transformar res\u00edduos de vidro descartados em arte e gerar renda sustent\u00e1vel para a comunidade. A iniciativa \u00e9 um Centro de Transforma\u00e7\u00e3o Criativa de Vidro e ganhou destaque por aliar a arte vidreira de alta qualidade (utilizando a [&hellip;]<\/p>\n","protected":false},"author":2,"featured_media":74468,"comment_status":"open","ping_status":"open","sticky":false,"template":"","format":"standard","meta":{"advanced_seo_description":"","jetpack_seo_html_title":"","jetpack_seo_noindex":false,"_jetpack_memberships_contains_paid_content":false,"footnotes":""},"categories":[40,88],"tags":[1514,317],"class_list":{"0":"post-74467","1":"post","2":"type-post","3":"status-publish","4":"format-standard","5":"has-post-thumbnail","7":"category-destaques","8":"category-matinhos","9":"tag-arte-em-vidro","10":"tag-matinhos"},"jetpack_featured_media_url":"https:\/\/www.paranapraia.com.br\/wp-content\/uploads\/2025\/11\/img_D745FDF260B70EC180CF75CEFDF8179FA61A7879_607x1120.png","jetpack_sharing_enabled":true,"_links":{"self":[{"href":"https:\/\/www.paranapraia.com.br\/index.php\/wp-json\/wp\/v2\/posts\/74467"}],"collection":[{"href":"https:\/\/www.paranapraia.com.br\/index.php\/wp-json\/wp\/v2\/posts"}],"about":[{"href":"https:\/\/www.paranapraia.com.br\/index.php\/wp-json\/wp\/v2\/types\/post"}],"author":[{"embeddable":true,"href":"https:\/\/www.paranapraia.com.br\/index.php\/wp-json\/wp\/v2\/users\/2"}],"replies":[{"embeddable":true,"href":"https:\/\/www.paranapraia.com.br\/index.php\/wp-json\/wp\/v2\/comments?post=74467"}],"version-history":[{"count":1,"href":"https:\/\/www.paranapraia.com.br\/index.php\/wp-json\/wp\/v2\/posts\/74467\/revisions"}],"predecessor-version":[{"id":74469,"href":"https:\/\/www.paranapraia.com.br\/index.php\/wp-json\/wp\/v2\/posts\/74467\/revisions\/74469"}],"wp:featuredmedia":[{"embeddable":true,"href":"https:\/\/www.paranapraia.com.br\/index.php\/wp-json\/wp\/v2\/media\/74468"}],"wp:attachment":[{"href":"https:\/\/www.paranapraia.com.br\/index.php\/wp-json\/wp\/v2\/media?parent=74467"}],"wp:term":[{"taxonomy":"category","embeddable":true,"href":"https:\/\/www.paranapraia.com.br\/index.php\/wp-json\/wp\/v2\/categories?post=74467"},{"taxonomy":"post_tag","embeddable":true,"href":"https:\/\/www.paranapraia.com.br\/index.php\/wp-json\/wp\/v2\/tags?post=74467"}],"curies":[{"name":"wp","href":"https:\/\/api.w.org\/{rel}","templated":true}]}}