{"id":74464,"date":"2025-11-26T17:20:14","date_gmt":"2025-11-26T20:20:14","guid":{"rendered":"https:\/\/www.paranapraia.com.br\/?p=74464"},"modified":"2025-11-26T17:20:17","modified_gmt":"2025-11-26T20:20:17","slug":"matinhos-articula-murano-brasileira-para-impulsionar-turismo-cultural-e-renda-feminina","status":"publish","type":"post","link":"https:\/\/www.paranapraia.com.br\/index.php\/2025\/11\/26\/matinhos-articula-murano-brasileira-para-impulsionar-turismo-cultural-e-renda-feminina\/","title":{"rendered":"Matinhos Articula &#8216;Murano Brasileira&#8217; para Impulsionar Turismo Cultural e Renda Feminina"},"content":{"rendered":"\n<p><strong>Projeto Fundi\u00e7\u00e3o Guar\u00e1, da artista D\u00e9sir\u00e9e Sessegolo, \u00e9 o centro de estrat\u00e9gias discutidas pela Secretaria de Turismo de Matinhos, Secretaria Estadual de Cultura e Deputada M\u00e1rcia Hu\u00e7u<\/strong><strong>lak.<\/strong><\/p>\n\n\n\n<p>A Secret\u00e1ria de Turismo de Matinhos, K\u00e1ssia Novochadlo, esteve na Secretaria de Estado da Cultura do Paran\u00e1 (SEEC) em reuni\u00e3o com a Secret\u00e1ria Estadual de Cultura, Luciana Casagrande Pereira, e a Deputada Estadual M\u00e1rcia Hu\u00e7ulak, para discutir a valoriza\u00e7\u00e3o da arte em vidro de Murano na cidade, um projeto com potencial para criar uma nova identidade local e gerar renda.<\/p>\n\n\n\n<p>O tema central do encontro foi a consolida\u00e7\u00e3o de Matinhos como a<em>&nbsp;&#8220;Murano Brasileira&#8221;<\/em>, uma refer\u00eancia \u00e0 t\u00e9cnica de vidro fus\u00e3o secularmente dominada na ilha de Murano, na It\u00e1lia.<\/p>\n\n\n\n<p><strong>Fundi\u00e7\u00e3o Guar\u00e1: A Ponte entre It\u00e1lia e Brasil&nbsp;<\/strong><\/p>\n\n\n\n<p>O n\u00facleo dessa proposta \u00e9 a Fundi\u00e7\u00e3o Guar\u00e1, projeto liderado pela artista&nbsp;<strong>D\u00e9sir\u00e9e Sessegolo<\/strong>. D\u00e9sirr\u00e9 \u00e9 a respons\u00e1vel por realizar a ponte cultural e t\u00e9cnica entre a arte italiana e o Brasil, dedicando-se a transmitir as complexas t\u00e9cnicas da arte em vidro fus\u00e3o a alunos locais.<\/p>\n\n\n\n<p>Segundo a Secret\u00e1ria<strong>&nbsp;K\u00e1ssia Novochadlo<\/strong>, o objetivo \u00e9 transformar a produ\u00e7\u00e3o art\u00edstica em um patrim\u00f4nio singular e cheio de potencial, capaz de impulsionar Matinhos no cen\u00e1rio estadual e nacional.&nbsp;<\/p>\n\n\n\n<p><strong>Nova Identidade e Oportunidade para a Comunidade<\/strong><\/p>\n\n\n\n<p>Um dos pontos de maior relev\u00e2ncia da discuss\u00e3o \u00e9 o impacto socioecon\u00f4mico do projeto. A produ\u00e7\u00e3o de pe\u00e7as de vidro estilo Murano em Matinhos \u00e9 vista como uma nova frente de renda para a comunidade, com a inten\u00e7\u00e3o preferencial de se tornar uma alternativa de renda para toda comunidade, fomentando o empreendedorismo feminino.<\/p>\n\n\n\n<p><em>&#8220;Discutimos projetos que impulsionam nossos artistas, fortalecem o turismo cultural e ampliam o reconhecimento de Matinhos no cen\u00e1rio estadual e brasileiro. Al\u00e9m disso, esse projeto pode proporcionar qualifica\u00e7\u00e3o profissional para mulheres v\u00edtimas de viol\u00eancia que precisam de um meio para obter sustentabilidade,\u201d&nbsp;<\/em>afirmou<strong>&nbsp;K\u00e1ssia Novochadlo<\/strong>. A cria\u00e7\u00e3o dessa identidade art\u00edstica ligada \u00e0 arte em vidro seria um novo atrativo tur\u00edstico de grande peso para a cidade litor\u00e2nea.&nbsp;<\/p>\n\n\n\n<figure class=\"wp-block-image\"><img decoding=\"async\" src=\"https:\/\/matinhos.atende.net\/cidadao\/load-image\/id\/DC5333163303DDE3E93347590501F04F243EB9BB\" alt=\"FOTO SITE (2)\"\/><\/figure>\n\n\n\n<p><br>A reuni\u00e3o, que tamb\u00e9m contou com a Diretora de Turismo Ana C\u00edntia Oliveira e a assessora Let\u00edcia Raimundo, alinhou planos e estrat\u00e9gias para que a arte local se torne uma refer\u00eancia de desenvolvimento cultural e econ\u00f4mico. A iniciativa refor\u00e7a o compromisso do munic\u00edpio em construir um turismo<em>&nbsp;&#8220;cada vez mais forte, conectado \u00e0 nossa hist\u00f3ria, identidade e talento local.&#8221;<\/em>&nbsp;Para a artista D\u00e9sir\u00e9e Sessegolo, criadora do coletivo Fundi\u00e7\u00e3o Guar\u00e1 enfatiza que o projeto j\u00e1 colheu grandes resultados e, agora, busca amplia\u00e7\u00e3o com o apoio institucional:<\/p>\n\n\n\n<p><em>&#8220;\u00c9 um ganho muito importante para a cidade de Matinhos, que j\u00e1 tem um projeto que \u00e9 um diferencial na arte do vidro no pa\u00eds, que \u00e9 a Fundi\u00e7\u00e3o Guar\u00e1, que trabalha com um vi\u00e9s socioambiental e que tem j\u00e1 colhido grandes resultados. E o maior de todos \u00e9 ter mostrado para os governantes aqui do munic\u00edpio e do Estado do Paran\u00e1 o potencial desse projeto, que foi acolhido com sensibilidade e ampliado.&#8221;&nbsp;<\/em><\/p>\n","protected":false},"excerpt":{"rendered":"<p>Projeto Fundi\u00e7\u00e3o Guar\u00e1, da artista D\u00e9sir\u00e9e Sessegolo, \u00e9 o centro de estrat\u00e9gias discutidas pela Secretaria de Turismo de Matinhos, Secretaria Estadual de Cultura e Deputada M\u00e1rcia Hu\u00e7ulak. A Secret\u00e1ria de Turismo de Matinhos, K\u00e1ssia Novochadlo, esteve na Secretaria de Estado da Cultura do Paran\u00e1 (SEEC) em reuni\u00e3o com a Secret\u00e1ria Estadual de Cultura, Luciana Casagrande [&hellip;]<\/p>\n","protected":false},"author":2,"featured_media":74465,"comment_status":"open","ping_status":"open","sticky":false,"template":"","format":"standard","meta":{"advanced_seo_description":"","jetpack_seo_html_title":"","jetpack_seo_noindex":false,"_jetpack_memberships_contains_paid_content":false,"footnotes":""},"categories":[40,88],"tags":[317,1513],"class_list":{"0":"post-74464","1":"post","2":"type-post","3":"status-publish","4":"format-standard","5":"has-post-thumbnail","7":"category-destaques","8":"category-matinhos","9":"tag-matinhos","10":"tag-murano-brasileira"},"jetpack_featured_media_url":"https:\/\/www.paranapraia.com.br\/wp-content\/uploads\/2025\/11\/img_82967576C43FAD88E6490A49781A9AFA2390F9C9_607x1120.png","jetpack_sharing_enabled":true,"_links":{"self":[{"href":"https:\/\/www.paranapraia.com.br\/index.php\/wp-json\/wp\/v2\/posts\/74464"}],"collection":[{"href":"https:\/\/www.paranapraia.com.br\/index.php\/wp-json\/wp\/v2\/posts"}],"about":[{"href":"https:\/\/www.paranapraia.com.br\/index.php\/wp-json\/wp\/v2\/types\/post"}],"author":[{"embeddable":true,"href":"https:\/\/www.paranapraia.com.br\/index.php\/wp-json\/wp\/v2\/users\/2"}],"replies":[{"embeddable":true,"href":"https:\/\/www.paranapraia.com.br\/index.php\/wp-json\/wp\/v2\/comments?post=74464"}],"version-history":[{"count":1,"href":"https:\/\/www.paranapraia.com.br\/index.php\/wp-json\/wp\/v2\/posts\/74464\/revisions"}],"predecessor-version":[{"id":74466,"href":"https:\/\/www.paranapraia.com.br\/index.php\/wp-json\/wp\/v2\/posts\/74464\/revisions\/74466"}],"wp:featuredmedia":[{"embeddable":true,"href":"https:\/\/www.paranapraia.com.br\/index.php\/wp-json\/wp\/v2\/media\/74465"}],"wp:attachment":[{"href":"https:\/\/www.paranapraia.com.br\/index.php\/wp-json\/wp\/v2\/media?parent=74464"}],"wp:term":[{"taxonomy":"category","embeddable":true,"href":"https:\/\/www.paranapraia.com.br\/index.php\/wp-json\/wp\/v2\/categories?post=74464"},{"taxonomy":"post_tag","embeddable":true,"href":"https:\/\/www.paranapraia.com.br\/index.php\/wp-json\/wp\/v2\/tags?post=74464"}],"curies":[{"name":"wp","href":"https:\/\/api.w.org\/{rel}","templated":true}]}}