{"id":74460,"date":"2025-11-26T15:04:34","date_gmt":"2025-11-26T18:04:34","guid":{"rendered":"https:\/\/www.paranapraia.com.br\/?p=74460"},"modified":"2025-11-26T15:16:09","modified_gmt":"2025-11-26T18:16:09","slug":"camara-municipal-promove-premiacao-do-concurso-de-redacao-e-inaugura-o-natal-iluminado-2025-no-dia-5-de-dezembro","status":"publish","type":"post","link":"https:\/\/www.paranapraia.com.br\/index.php\/2025\/11\/26\/camara-municipal-promove-premiacao-do-concurso-de-redacao-e-inaugura-o-natal-iluminado-2025-no-dia-5-de-dezembro\/","title":{"rendered":"C\u00e2mara Municipal promove premia\u00e7\u00e3o do Concurso de Reda\u00e7\u00e3o e inaugura o Natal Iluminado 2025 no dia 5 de dezembro"},"content":{"rendered":"\n<p><em>No dia 5 de dezembro, a C\u00e2mara de Pontal do Paran\u00e1 realiza a premia\u00e7\u00e3o do Concurso de Reda\u00e7\u00e3o e inaugura o Natal Iluminado 2025, em evento hist\u00f3rico que re\u00fane, pela primeira vez, Executivo, Legislativo e Judici\u00e1rio.<\/em><\/p>\n\n\n\n<p>A C\u00e2mara Municipal de Pontal do Paran\u00e1 realiza, no dia 5 de dezembro, a partir das 18h30, uma noite especial dedicada \u00e0 educa\u00e7\u00e3o, cultura e cidadania, reunindo a premia\u00e7\u00e3o do Concurso Cultural de Reda\u00e7\u00e3o \u201cConhecendo a C\u00e2mara Municipal\u201d e a abertura oficial do Natal Iluminado 2025, no Pal\u00e1cio Professor Get\u00falio Serafim do Nascimento.<\/p>\n\n\n\n<p>Em pronunciamento na tribuna, a presidente da C\u00e2mara, vereadora Elinete Guimar\u00e3es Rocha, informou que o concurso segue em fase final. Todas as reda\u00e7\u00f5es foram protocoladas oficialmente na Casa de Leis, garantindo transpar\u00eancia. A Comiss\u00e3o Julgadora j\u00e1 est\u00e1 formada e avalia os trabalhos com responsabilidade e imparcialidade. O tema deste ano, \u201cMeu projeto de lei se eu fosse um(a) vereador(a)\u201d, incentiva os alunos a refletirem sobre o papel do Legislativo e a propor solu\u00e7\u00f5es reais para o munic\u00edpio \u2014 e algumas dessas ideias podem, inclusive, virar projetos de lei reais.<\/p>\n\n\n\n<p>A premia\u00e7\u00e3o antecede a abertura do Natal Iluminado 2025, evento criado em 2018 e j\u00e1 tradicional no munic\u00edpio, transformando a C\u00e2mara em um espa\u00e7o de confraterniza\u00e7\u00e3o, f\u00e9 e esperan\u00e7a. Ao longo dos anos, o evento consolidou v\u00ednculos comunit\u00e1rios e aproximou a popula\u00e7\u00e3o do Poder Legislativo.<\/p>\n\n\n\n<p>Desde 2015, o projeto educativo da C\u00e2mara evoluiu de simples visitas guiadas para um programa estruturado de forma\u00e7\u00e3o cidad\u00e3. O concurso de reda\u00e7\u00e3o, institu\u00eddo em 2019, ampliou esse trabalho, e o programa \u201cConhecendo Pontal sob o Olhar Cai\u00e7ara\u201d, criado por lei em 2022, fortaleceu ainda mais essa integra\u00e7\u00e3o entre educa\u00e7\u00e3o, cultura e participa\u00e7\u00e3o pol\u00edtica. Em 2025, o concurso tornou-se mais propositivo, reconhecendo tamb\u00e9m o papel dos professores na constru\u00e7\u00e3o do aprendizado.<\/p>\n\n\n\n<p>A edi\u00e7\u00e3o deste ano ser\u00e1 hist\u00f3rica: pela primeira vez, os tr\u00eas Poderes \u2014 Executivo, Legislativo e Judici\u00e1rio \u2014 estar\u00e3o presentes, juntos, prestigiando o evento, simbolizando uni\u00e3o institucional e compromisso coletivo com a cidadania e o futuro das crian\u00e7as do munic\u00edpio.<\/p>\n\n\n\n<p>A C\u00e2mara Municipal convida os ve\u00edculos de imprensa interessados em acompanhar a solenidade no dia 5 de dezembro. O evento ser\u00e1 realizado na \u00e1rea externa da sede do Legislativo, com estrutura preparada para receber autoridades, estudantes, fam\u00edlias e a comunidade em geral.<\/p>\n\n\n\n<p>A presidente Elinete afirma que unir a premia\u00e7\u00e3o do concurso com o Natal Iluminado reafirma o compromisso da Casa com educa\u00e7\u00e3o, cultura e cidadania. Para ela, cada crian\u00e7a que participa do projeto percebe que pertence \u00e0 cidade \u2014 e que pode transform\u00e1-la.<\/p>\n\n\n\n<p>Assessoria<br><br><\/p>\n","protected":false},"excerpt":{"rendered":"<p>No dia 5 de dezembro, a C\u00e2mara de Pontal do Paran\u00e1 realiza a premia\u00e7\u00e3o do Concurso de Reda\u00e7\u00e3o e inaugura o Natal Iluminado 2025, em evento hist\u00f3rico que re\u00fane, pela primeira vez, Executivo, Legislativo e Judici\u00e1rio. A C\u00e2mara Municipal de Pontal do Paran\u00e1 realiza, no dia 5 de dezembro, a partir das 18h30, uma noite [&hellip;]<\/p>\n","protected":false},"author":2,"featured_media":74461,"comment_status":"open","ping_status":"open","sticky":false,"template":"","format":"standard","meta":{"advanced_seo_description":"","jetpack_seo_html_title":"","jetpack_seo_noindex":false,"_jetpack_memberships_contains_paid_content":false,"footnotes":""},"categories":[40,65],"tags":[1512,318],"class_list":{"0":"post-74460","1":"post","2":"type-post","3":"status-publish","4":"format-standard","5":"has-post-thumbnail","7":"category-destaques","8":"category-pontal-do-parana","9":"tag-camara-municipal-promove-premiacao-do-concurso-de-redacao-e-inaugura-o-natal-iluminado-2025-no-dia-5-de-dezembro","10":"tag-pontal-do-parana"},"jetpack_featured_media_url":"https:\/\/www.paranapraia.com.br\/wp-content\/uploads\/2025\/11\/WhatsApp-Image-2025-11-26-at-14.53.12.jpeg","jetpack_sharing_enabled":true,"_links":{"self":[{"href":"https:\/\/www.paranapraia.com.br\/index.php\/wp-json\/wp\/v2\/posts\/74460"}],"collection":[{"href":"https:\/\/www.paranapraia.com.br\/index.php\/wp-json\/wp\/v2\/posts"}],"about":[{"href":"https:\/\/www.paranapraia.com.br\/index.php\/wp-json\/wp\/v2\/types\/post"}],"author":[{"embeddable":true,"href":"https:\/\/www.paranapraia.com.br\/index.php\/wp-json\/wp\/v2\/users\/2"}],"replies":[{"embeddable":true,"href":"https:\/\/www.paranapraia.com.br\/index.php\/wp-json\/wp\/v2\/comments?post=74460"}],"version-history":[{"count":2,"href":"https:\/\/www.paranapraia.com.br\/index.php\/wp-json\/wp\/v2\/posts\/74460\/revisions"}],"predecessor-version":[{"id":74463,"href":"https:\/\/www.paranapraia.com.br\/index.php\/wp-json\/wp\/v2\/posts\/74460\/revisions\/74463"}],"wp:featuredmedia":[{"embeddable":true,"href":"https:\/\/www.paranapraia.com.br\/index.php\/wp-json\/wp\/v2\/media\/74461"}],"wp:attachment":[{"href":"https:\/\/www.paranapraia.com.br\/index.php\/wp-json\/wp\/v2\/media?parent=74460"}],"wp:term":[{"taxonomy":"category","embeddable":true,"href":"https:\/\/www.paranapraia.com.br\/index.php\/wp-json\/wp\/v2\/categories?post=74460"},{"taxonomy":"post_tag","embeddable":true,"href":"https:\/\/www.paranapraia.com.br\/index.php\/wp-json\/wp\/v2\/tags?post=74460"}],"curies":[{"name":"wp","href":"https:\/\/api.w.org\/{rel}","templated":true}]}}