{"id":74456,"date":"2025-11-26T12:10:37","date_gmt":"2025-11-26T15:10:37","guid":{"rendered":"https:\/\/www.paranapraia.com.br\/?p=74456"},"modified":"2025-11-26T12:12:22","modified_gmt":"2025-11-26T15:12:22","slug":"brasileiros-acima-de-60-anos-tem-direito-a-conta-de-luz-100-gratuita-com-nova-lei","status":"publish","type":"post","link":"https:\/\/www.paranapraia.com.br\/index.php\/2025\/11\/26\/brasileiros-acima-de-60-anos-tem-direito-a-conta-de-luz-100-gratuita-com-nova-lei\/","title":{"rendered":"Brasileiros acima de 60 anos t\u00eam direito \u00e0 conta de luz 100% gratuita com nova lei"},"content":{"rendered":"\n<p>Brasileiros com mais de 60 anos inscritos no&nbsp;Cad\u00danico&nbsp;(Cadastro \u00danico para Programas Sociais) podem garantir isen\u00e7\u00e3o total da conta de luz para consumo de at\u00e9 80 kWh por m\u00eas.<\/p>\n\n\n\n<p>Conforme informa\u00e7\u00f5es da&nbsp;<a href=\"https:\/\/www.gov.br\/secom\/pt-br\/assuntos\/noticias\/2025\/07\/gratuidade-na-energia-comeca-a-valer-para-60-milhoes-de-brasileiros\" target=\"_blank\" rel=\"noreferrer noopener\">Ag\u00eancia Gov<\/a>, a nova&nbsp;TSEE&nbsp;(Tarifa Social de Energia El\u00e9trica) passou a beneficiar cerca de 60 milh\u00f5es de brasileiros ap\u00f3s a medida entrar em vigor, em 5 de julho deste ano.<\/p>\n\n\n\n<p>A&nbsp;gratuidade&nbsp;entrou em vigor por meio da&nbsp;MP<a href=\"https:\/\/www.congressonacional.leg.br\/materias\/medidas-provisorias\/-\/mpv\/168719\" target=\"_blank\" rel=\"noreferrer noopener\"> <\/a>1.300\/2025, posteriormente convertida na&nbsp;Lei 15.235\/2025. Desde essa data, distribuidoras j\u00e1 aplicam os crit\u00e9rios da nova Tarifa Social.<\/p>\n\n\n\n<h2 class=\"wp-block-heading\">Saiba quem tem direito a conta de luz gratuita<\/h2>\n\n\n\n<p>Conforme informa\u00e7\u00f5es da&nbsp;Ag\u00eancia Gov, est\u00e3o eleg\u00edveis a isen\u00e7\u00e3o na conta de luz para consumo mensal de at\u00e9 80 kWh:<\/p>\n\n\n\n<ul class=\"wp-block-list\">\n<li>Fam\u00edlias com renda mensal de at\u00e9 meio sal\u00e1rio m\u00ednimo por pessoa inscritas no Cad\u00danico.<\/li>\n\n\n\n<li>Idosos e pessoas com defici\u00eancia inscritas no Cad\u00danico e que recebem o Benef\u00edcio de Presta\u00e7\u00e3o Continuada (BPC).<\/li>\n\n\n\n<li>Ind\u00edgenas e quilombolas cadastrados no Cad\u00danico.<\/li>\n\n\n\n<li>Moradores atendidos por sistemas isolados com gera\u00e7\u00e3o por placas solares e baterias.<\/li>\n<\/ul>\n\n\n\n<p>As fam\u00edlias contempladas ficam isentas do pagamento da energia consumida at\u00e9 80 kWh\/m\u00eas, arcando apenas com a taxa de ilumina\u00e7\u00e3o p\u00fablica, conforme legisla\u00e7\u00e3o municipal, e com ICMS, quando aplic\u00e1vel pela legisla\u00e7\u00e3o estadual.<\/p>\n\n\n\n<h2 class=\"wp-block-heading\">Regulamenta\u00e7\u00e3o da isen\u00e7\u00e3o<\/h2>\n\n\n\n<p>Em outubro deste ano, a ANEEL (Ag\u00eancia Nacional de Energia El\u00e9trica) realizou uma consulta p\u00fablica para definir regras da lei que concede desconto de 100% na conta de luz para consumidores de baixa renda inscritos na Tarifa Social.<\/p>\n\n\n\n<p>Na nota t\u00e9cnica, a ag\u00eancia detalha crit\u00e9rios de enquadramento, incid\u00eancia de tributos e ajustes na&nbsp;Resolu\u00e7\u00e3o Normativa 1000\/2021, al\u00e9m do c\u00e1lculo de compensa\u00e7\u00f5es quando h\u00e1 desconto integral na fatura.<\/p>\n\n\n\n<p>Fonte: ND+<\/p>\n","protected":false},"excerpt":{"rendered":"<p>Brasileiros com mais de 60 anos inscritos no&nbsp;Cad\u00danico&nbsp;(Cadastro \u00danico para Programas Sociais) podem garantir isen\u00e7\u00e3o total da conta de luz para consumo de at\u00e9 80 kWh por m\u00eas. Conforme informa\u00e7\u00f5es da&nbsp;Ag\u00eancia Gov, a nova&nbsp;TSEE&nbsp;(Tarifa Social de Energia El\u00e9trica) passou a beneficiar cerca de 60 milh\u00f5es de brasileiros ap\u00f3s a medida entrar em vigor, em 5 [&hellip;]<\/p>\n","protected":false},"author":2,"featured_media":74457,"comment_status":"open","ping_status":"open","sticky":false,"template":"","format":"standard","meta":{"advanced_seo_description":"","jetpack_seo_html_title":"","jetpack_seo_noindex":false,"_jetpack_memberships_contains_paid_content":false,"footnotes":""},"categories":[40],"tags":[],"class_list":{"0":"post-74456","1":"post","2":"type-post","3":"status-publish","4":"format-standard","5":"has-post-thumbnail","7":"category-destaques"},"jetpack_featured_media_url":"https:\/\/www.paranapraia.com.br\/wp-content\/uploads\/2025\/11\/brasileiros-acima-de-60-anos-tem-direito-a-conta-de-luz-gratuita.jpg","jetpack_sharing_enabled":true,"_links":{"self":[{"href":"https:\/\/www.paranapraia.com.br\/index.php\/wp-json\/wp\/v2\/posts\/74456"}],"collection":[{"href":"https:\/\/www.paranapraia.com.br\/index.php\/wp-json\/wp\/v2\/posts"}],"about":[{"href":"https:\/\/www.paranapraia.com.br\/index.php\/wp-json\/wp\/v2\/types\/post"}],"author":[{"embeddable":true,"href":"https:\/\/www.paranapraia.com.br\/index.php\/wp-json\/wp\/v2\/users\/2"}],"replies":[{"embeddable":true,"href":"https:\/\/www.paranapraia.com.br\/index.php\/wp-json\/wp\/v2\/comments?post=74456"}],"version-history":[{"count":2,"href":"https:\/\/www.paranapraia.com.br\/index.php\/wp-json\/wp\/v2\/posts\/74456\/revisions"}],"predecessor-version":[{"id":74459,"href":"https:\/\/www.paranapraia.com.br\/index.php\/wp-json\/wp\/v2\/posts\/74456\/revisions\/74459"}],"wp:featuredmedia":[{"embeddable":true,"href":"https:\/\/www.paranapraia.com.br\/index.php\/wp-json\/wp\/v2\/media\/74457"}],"wp:attachment":[{"href":"https:\/\/www.paranapraia.com.br\/index.php\/wp-json\/wp\/v2\/media?parent=74456"}],"wp:term":[{"taxonomy":"category","embeddable":true,"href":"https:\/\/www.paranapraia.com.br\/index.php\/wp-json\/wp\/v2\/categories?post=74456"},{"taxonomy":"post_tag","embeddable":true,"href":"https:\/\/www.paranapraia.com.br\/index.php\/wp-json\/wp\/v2\/tags?post=74456"}],"curies":[{"name":"wp","href":"https:\/\/api.w.org\/{rel}","templated":true}]}}