{"id":74452,"date":"2025-11-26T11:52:30","date_gmt":"2025-11-26T14:52:30","guid":{"rendered":"https:\/\/www.paranapraia.com.br\/?p=74452"},"modified":"2025-11-26T11:52:33","modified_gmt":"2025-11-26T14:52:33","slug":"capacitacao-de-multiplicadores-pelo-fim-da-violencia-contra-mulheres-e-meninas-encerra-ciclo-formativo-com-mais-de-300-participantes-em-paranagua","status":"publish","type":"post","link":"https:\/\/www.paranapraia.com.br\/index.php\/2025\/11\/26\/capacitacao-de-multiplicadores-pelo-fim-da-violencia-contra-mulheres-e-meninas-encerra-ciclo-formativo-com-mais-de-300-participantes-em-paranagua\/","title":{"rendered":"Capacita\u00e7\u00e3o de Multiplicadores pelo Fim da Viol\u00eancia contra Mulheres e Meninas encerra ciclo formativo com mais de 300 participantes em Paranagu\u00e1"},"content":{"rendered":"\n<p>A Prefeitura de Paranagu\u00e1 concluiu, nesta ter\u00e7a-feira, dia 25, o ciclo formativo da Capacita\u00e7\u00e3o de Multiplicadores pelo Fim da Viol\u00eancia contra Mulheres e Meninas, uma das a\u00e7\u00f5es centrais da campanha global dos 21 Dias de Ativismo pelo Fim da Viol\u00eancia contra a Mulher. Durante tr\u00eas semanas, a iniciativa mobilizou mais de 300 participantes, entre membros da comunidade, profissionais da educa\u00e7\u00e3o, servidores p\u00fablicos, agentes da seguran\u00e7a e estudantes do magist\u00e9rio, no Instituto Superior do Litoral do Paran\u00e1 (Isulpar).<\/p>\n\n\n\n<p>Promovida pela Secretaria Municipal da Mulher, Desenvolvimento Social e Igualdade Racial (Semdir), a forma\u00e7\u00e3o foi conduzida pela especialista Larissa Hack, presidente do Instituto Batom. Os encontros abordaram temas essenciais para o enfrentamento \u00e0s viol\u00eancias: letramento e conceitos fundamentais, ciclo da viol\u00eancia dom\u00e9stica, comunica\u00e7\u00e3o respons\u00e1vel, protocolos de atendimento e o fortalecimento das redes de apoio.<\/p>\n\n\n\n<p>O encerramento reuniu representantes da Patrulha Maria da Penha da Pol\u00edcia Militar e da Patrulha Maria da Penha da Guarda Civil Municipal, marcando a integra\u00e7\u00e3o entre pol\u00edticas p\u00fablicas, educa\u00e7\u00e3o e seguran\u00e7a.<\/p>\n\n\n\n<p><strong>Forma\u00e7\u00e3o para multiplicar prote\u00e7\u00e3o<\/strong><\/p>\n\n\n\n<p>A superintendente da Mulher da Semdir, Paula Torres, destacou que o ciclo formativo cumpriu seu prop\u00f3sito central: ampliar o conhecimento social sobre viol\u00eancia e preparar novas lideran\u00e7as comunit\u00e1rias e educacionais. \u201cEssa capacita\u00e7\u00e3o foi muito importante para Paranagu\u00e1, porque precisamos multiplicar a ideia de proteger nossas mulheres e meninas. Contar com a participa\u00e7\u00e3o dos alunos de magist\u00e9rio significa preparar futuros professores que v\u00e3o combater a viol\u00eancia dentro das salas de aula, nas comunidades e nos espa\u00e7os de conviv\u00eancia\u201d, afirmou.<\/p>\n\n\n\n<p>Segundo Paula, foram 160 inscritos no curso, somados a cerca de 160 estudantes de magist\u00e9rio do Instituto Estadual de Educa\u00e7\u00e3o Dr. Caetano Munhoz da Rocha Neto, que participaram da aula ampliada de encerramento. A escolha da data tamb\u00e9m refor\u00e7ou o car\u00e1ter simb\u00f3lico da a\u00e7\u00e3o. \u201cFinalizamos neste dia 25, Dia Internacional pela Elimina\u00e7\u00e3o da Viol\u00eancia contra Mulheres e Meninas, exatamente para marcar a relev\u00e2ncia internacional da data e demonstrar o compromisso da Prefeitura com a\u00e7\u00f5es cont\u00ednuas de enfrentamento. Este \u00e9 apenas um dos 21 dias de mobiliza\u00e7\u00e3o que seguimos realizando ao longo de novembro e dezembro\u201d, disse.<\/p>\n\n\n\n<p><strong>\u201cN\u00e3o \u00e9 uma responsabilidade s\u00f3 da seguran\u00e7a p\u00fablica. \u00c9 de todos n\u00f3s\u201d<\/strong><\/p>\n\n\n\n<p>Respons\u00e1vel pela condu\u00e7\u00e3o pedag\u00f3gica da forma\u00e7\u00e3o, Larissa Hack destacou a import\u00e2ncia de reconhecer o enfrentamento \u00e0s viol\u00eancias como uma tarefa compartilhada por toda a sociedade. \u201c\u00c9 muito importante que cada um compreenda seu papel dentro dessa causa. N\u00e3o \u00e9 uma responsabilidade exclusiva da seguran\u00e7a p\u00fablica nem apenas do Poder Executivo ou Legislativo. \u00c9 uma causa de todos n\u00f3s\u201d, afirmou.<\/p>\n\n\n\n<p>Larissa tamb\u00e9m chamou aten\u00e7\u00e3o para a gravidade dos indicadores estaduais. \u201cO Paran\u00e1 est\u00e1 hoje em segundo lugar no pa\u00eds entre os estados com mais casos de viol\u00eancia contra mulheres. Reclamar n\u00e3o resolve. A mudan\u00e7a exige a\u00e7\u00e3o, informa\u00e7\u00e3o e responsabilidade social&#8221;, disse.<\/p>\n\n\n\n<p>No \u00faltimo m\u00f3dulo, foram discutidos o Protocolo \u2018N\u00e3o \u00e9 N\u00e3o\u2019, estrat\u00e9gias de preven\u00e7\u00e3o e um debate sobre masculinidades &#8211; ponto central para transformar comportamentos e romper ciclos de viol\u00eancia.<\/p>\n\n\n\n<p><strong>Patrulhas Maria da Penha refor\u00e7am a rede municipal de prote\u00e7\u00e3o<\/strong><\/p>\n\n\n\n<p>A apresenta\u00e7\u00e3o da Patrulha Maria da Penha da Pol\u00edcia Militar evidenciou o papel do acompanhamento ativo \u00e0s v\u00edtimas. A cabo Renata Mendes Passos Venancio explicou que muitas mulheres, no primeiro contato, ainda n\u00e3o dimensionam a viol\u00eancia sofrida.<\/p>\n\n\n\n<p>\u201cN\u00f3s vamos at\u00e9 a mulher quando a viol\u00eancia j\u00e1 aconteceu. Muitas vezes ela n\u00e3o percebe que sofreu mais de um tipo de viol\u00eancia. Durante a conversa, ela se reconhece como v\u00edtima e entende que n\u00e3o \u00e9 culpada pelo que viveu. Nosso trabalho \u00e9 ser esse bra\u00e7o do Estado, acolhendo, orientando e prevenindo novas agress\u00f5es\u201d, afirmou.<\/p>\n\n\n\n<p>Na sequ\u00eancia, a coordenadora da Patrulha Maria da Penha da Guarda Civil Municipal, M\u00e1rcia Garcia, detalhou a rotina de atendimentos e o impacto da atua\u00e7\u00e3o municipal. \u201cAcompanhamos mulheres com medidas protetivas. Recebemos liga\u00e7\u00f5es todos os dias. Muitas mulheres e meninas n\u00e3o sabem o que fazer. N\u00f3s orientamos, acolhemos e acompanhamos desde o BO at\u00e9 o retorno ao lar ou o encaminhamento \u00e0 Casa da Mulher Parnanguara\u201d, explicou.<\/p>\n\n\n\n<p>Ela refor\u00e7ou a diversidade dos casos atendidos. \u201cAtendemos situa\u00e7\u00f5es de uma semana de namoro a 30 anos de casamento. N\u00e3o tem classe social, n\u00e3o tem idade. Tamb\u00e9m recebemos medidas cautelares de crian\u00e7as. Por isso, precisamos de mais projetos, mais psic\u00f3logos e mais parcerias. A rede s\u00f3 funciona se estiver fortalecida&#8221;, destacou.<\/p>\n\n\n\n<p><strong>Enfrentamento permanente<\/strong><\/p>\n\n\n\n<p>Ao concluir a capacita\u00e7\u00e3o, a Semdir reafirma que a forma\u00e7\u00e3o de multiplicadores faz parte de uma agenda cont\u00ednua, que inclui preven\u00e7\u00e3o, acolhimento, orienta\u00e7\u00e3o jur\u00eddica, atividades educativas e integra\u00e7\u00e3o entre servi\u00e7os.<\/p>\n\n\n\n<p>\u201cQuanto mais pessoas informadas, mais mulheres protegidas. A mudan\u00e7a cultural come\u00e7a quando deixamos de naturalizar viol\u00eancias e passamos a reconhec\u00ea-las e a agir\u201d, afirmou Paula Torres.<\/p>\n\n\n\n<p><strong>Confira a programa\u00e7\u00e3o da campanha<\/strong><\/p>\n\n\n\n<p><strong>26\/11 &#8211;&nbsp;<\/strong>A\u00e7\u00e3o com o Servi\u00e7o de Conviv\u00eancia do CRAS Serraria<\/p>\n\n\n\n<p><strong>27\/11 &#8211;<\/strong>&nbsp;A\u00e7\u00e3o com o Servi\u00e7o de Conviv\u00eancia do CRAS Valadares<\/p>\n\n\n\n<p><strong>27\/11 \u2013 9h | Audit\u00f3rio da Semdir &#8211;&nbsp;<\/strong>Reuni\u00e3o da Rede de Prote\u00e7\u00e3o de Combate \u00e0 Viol\u00eancia contra a Mulher Parnanguara<\/p>\n\n\n\n<p><strong>28\/11 &#8211;<\/strong>&nbsp;A\u00e7\u00e3o com o Servi\u00e7o de Conviv\u00eancia do CRAS Vila Garcia<\/p>\n\n\n\n<p><strong>26\/11, 28\/11 e 01\/12 \u2013 19h | Arena Albertina Salmon &#8211;&nbsp;<\/strong>Aula aberta de defesa pessoal para mulheres<\/p>\n\n\n\n<p><strong>26\/11, 28\/11 e 01\/12 \u2013 20h | Arena Albertina Salmon &#8211;&nbsp;<\/strong>Aula aberta de capoeira para mulheres<\/p>\n\n\n\n<p><strong>01\/12 &#8211;&nbsp;<\/strong>A\u00e7\u00e3o com o Servi\u00e7o de Conviv\u00eancia do CRAS Alexandra<\/p>\n\n\n\n<p><strong>02\/12 \u2013<\/strong>&nbsp;Pra\u00e7a dos Le\u00f5es &#8211; Assessoria jur\u00eddica para mulheres<\/p>\n\n\n\n<p><strong>03\/12 &#8211;<\/strong>&nbsp;A\u00e7\u00e3o com o Servi\u00e7o de Conviv\u00eancia do CRAS Nilson Neves<\/p>\n\n\n\n<p><strong>05\/12 \u2013<\/strong>&nbsp;Pra\u00e7a Fernando Amaro &#8211; Assessoria jur\u00eddica para mulheres<\/p>\n\n\n\n<p><strong>09\/12 \u2013 13h30 | Em frente \u00e0 Prefeitura &#8211;&nbsp;<\/strong>Blitz informativa pelo fim da viol\u00eancia contra mulheres e meninas<\/p>\n\n\n\n<p>Prefeitura de Paranagu\u00e1 <\/p>\n","protected":false},"excerpt":{"rendered":"<p>A Prefeitura de Paranagu\u00e1 concluiu, nesta ter\u00e7a-feira, dia 25, o ciclo formativo da Capacita\u00e7\u00e3o de Multiplicadores pelo Fim da Viol\u00eancia contra Mulheres e Meninas, uma das a\u00e7\u00f5es centrais da campanha global dos 21 Dias de Ativismo pelo Fim da Viol\u00eancia contra a Mulher. Durante tr\u00eas semanas, a iniciativa mobilizou mais de 300 participantes, entre membros [&hellip;]<\/p>\n","protected":false},"author":2,"featured_media":74453,"comment_status":"open","ping_status":"open","sticky":false,"template":"","format":"standard","meta":{"advanced_seo_description":"","jetpack_seo_html_title":"","jetpack_seo_noindex":false,"_jetpack_memberships_contains_paid_content":false,"footnotes":""},"categories":[77],"tags":[],"class_list":{"0":"post-74452","1":"post","2":"type-post","3":"status-publish","4":"format-standard","5":"has-post-thumbnail","7":"category-paranagua"},"jetpack_featured_media_url":"https:\/\/www.paranapraia.com.br\/wp-content\/uploads\/2025\/11\/20867.jpg","jetpack_sharing_enabled":true,"_links":{"self":[{"href":"https:\/\/www.paranapraia.com.br\/index.php\/wp-json\/wp\/v2\/posts\/74452"}],"collection":[{"href":"https:\/\/www.paranapraia.com.br\/index.php\/wp-json\/wp\/v2\/posts"}],"about":[{"href":"https:\/\/www.paranapraia.com.br\/index.php\/wp-json\/wp\/v2\/types\/post"}],"author":[{"embeddable":true,"href":"https:\/\/www.paranapraia.com.br\/index.php\/wp-json\/wp\/v2\/users\/2"}],"replies":[{"embeddable":true,"href":"https:\/\/www.paranapraia.com.br\/index.php\/wp-json\/wp\/v2\/comments?post=74452"}],"version-history":[{"count":1,"href":"https:\/\/www.paranapraia.com.br\/index.php\/wp-json\/wp\/v2\/posts\/74452\/revisions"}],"predecessor-version":[{"id":74454,"href":"https:\/\/www.paranapraia.com.br\/index.php\/wp-json\/wp\/v2\/posts\/74452\/revisions\/74454"}],"wp:featuredmedia":[{"embeddable":true,"href":"https:\/\/www.paranapraia.com.br\/index.php\/wp-json\/wp\/v2\/media\/74453"}],"wp:attachment":[{"href":"https:\/\/www.paranapraia.com.br\/index.php\/wp-json\/wp\/v2\/media?parent=74452"}],"wp:term":[{"taxonomy":"category","embeddable":true,"href":"https:\/\/www.paranapraia.com.br\/index.php\/wp-json\/wp\/v2\/categories?post=74452"},{"taxonomy":"post_tag","embeddable":true,"href":"https:\/\/www.paranapraia.com.br\/index.php\/wp-json\/wp\/v2\/tags?post=74452"}],"curies":[{"name":"wp","href":"https:\/\/api.w.org\/{rel}","templated":true}]}}