{"id":74440,"date":"2025-11-26T11:38:11","date_gmt":"2025-11-26T14:38:11","guid":{"rendered":"https:\/\/www.paranapraia.com.br\/?p=74440"},"modified":"2025-11-26T11:38:14","modified_gmt":"2025-11-26T14:38:14","slug":"estado-investe-r-3-milhoes-em-laboratorio-de-sementes-de-ostra-cultivada-no-litoral","status":"publish","type":"post","link":"https:\/\/www.paranapraia.com.br\/index.php\/2025\/11\/26\/estado-investe-r-3-milhoes-em-laboratorio-de-sementes-de-ostra-cultivada-no-litoral\/","title":{"rendered":"Estado investe R$ 3 milh\u00f5es em laborat\u00f3rio de sementes de ostra cultivada no Litoral"},"content":{"rendered":"\n<p>O Governo do Estado liberou nesta ter\u00e7a-feira (25), em Guaratuba, no Litoral do Paran\u00e1, um aporte de R$ 3 milh\u00f5es para a implanta\u00e7\u00e3o de um laborat\u00f3rio dedicado \u00e0 pesquisa e produ\u00e7\u00e3o de sementes de ostra cultivada. A nova unidade ser\u00e1 instalada no Centro de Estudos do Mar da Universidade Federal do Paran\u00e1 (UFPR), em Pontal do Paran\u00e1, fortalecendo a cadeia produtiva da maricultura e a capacidade cient\u00edfica do Estado. Os recursos s\u00e3o do Fundo Paran\u00e1, gerido pela Secretaria da Ci\u00eancia, Tecnologia e Ensino Superior (Seti).<\/p>\n\n\n\n<p>A Funda\u00e7\u00e3o Arauc\u00e1ria ser\u00e1 respons\u00e1vel pelo repasse financeiro \u00e0 Funda\u00e7\u00e3o de Apoio da UFPR (Funpar), que executar\u00e1 as etapas administrativas do projeto. J\u00e1 o Instituto de Desenvolvimento Rural do Paran\u00e1 (IDR-PR) e a Ag\u00eancia de Defesa Agropecu\u00e1ria do Paran\u00e1 (Adapar), institui\u00e7\u00f5es ligadas \u00e0 Secretaria da Agricultura e do Abastecimento (Seab), atuar\u00e3o em conjunto com a\u00e7\u00f5es de capacita\u00e7\u00e3o, monitoramento de toxinas, apoio \u00e0 distribui\u00e7\u00e3o de sementes e melhoria das pr\u00e1ticas produtivas.<\/p>\n\n\n\n<p>Apresentado ao Estado em dezembro do ano passado, o projeto prop\u00f5e estruturar um sistema moderno de produ\u00e7\u00e3o de sementes do molusco adaptadas \u00e0s condi\u00e7\u00f5es ambientais do litoral paranaense, que ser\u00e3o disponibilizadas para os maricultores de Antonina, Guaraque\u00e7aba, Guaratuba, Matinhos, Paranagu\u00e1 e Pontal do Paran\u00e1. Entre as inova\u00e7\u00f5es previstas est\u00e3o um aplicativo para acompanhar o desenvolvimento das sementes e o uso de ferramentas de Intelig\u00eancia Artificial (IA) para automatizar processos e otimizar o cultivo.<\/p>\n\n\n\n<p>Do valor total, R$ 1,14 milh\u00e3o ser\u00e1 destinado \u00e0 compra de equipamentos de \u00faltima gera\u00e7\u00e3o, incluindo sistemas completos de tratamento e filtragem de \u00e1gua, sensores ambientais, microsc\u00f3pios de alta precis\u00e3o e um conjunto de desinfec\u00e7\u00e3o ultravioleta capaz de aquecer e resfriar a \u00e1gua conforme a necessidade das etapas produtivas. O restante, R$ 1,85 milh\u00e3o, ser\u00e1 aplicado em custeio, incluindo R$ 562 mil para a concess\u00e3o de 14 bolsas de inicia\u00e7\u00e3o cient\u00edfica, mestrado, p\u00f3s-doutorado e apoio t\u00e9cnico, pelo per\u00edodo de um a tr\u00eas anos.<\/p>\n\n\n\n<p>Para o secret\u00e1rio estadual da Ci\u00eancia, Tecnologia e Ensino Superior do Paran\u00e1, Aldo Nelson Bona, o investimento assegura que a pesquisa acad\u00eamica tenha uma aplica\u00e7\u00e3o concreta. &#8220;Esse financiamento faz com que o trabalho da universidade atenda \u00e0s demandas da sociedade, pois a iniciativa partiu de um pedido dos produtores de ostras do litoral paranaense, que buscaram a institui\u00e7\u00e3o de ensino e mobilizaram o governo em uma colabora\u00e7\u00e3o cientifica para auxiliar a atividade produtiva e gerar desenvolvimento para toda a regi\u00e3o&#8221;, afirma.<\/p>\n\n\n\n<p><strong>ESTRUTURA AVAN\u00c7ADA<\/strong>&nbsp;\u2013 Com um modelo diferenciado, o laborat\u00f3rio ser\u00e1 organizado em setores que cuidam das primeiras fases de vida das ostras, da produ\u00e7\u00e3o do alimento que elas consomem, da prepara\u00e7\u00e3o dos animais reprodutores e do crescimento inicial das sementes. A estrutura vai reunir tecnologias avan\u00e7adas de automa\u00e7\u00e3o, sensores de qualidade da \u00e1gua e sistemas de recircula\u00e7\u00e3o controlados por um conjunto de equipamentos para que o laborat\u00f3rio funcione durante todo o ano, independentemente da \u00e9poca reprodutiva natural dos moluscos.<\/p>\n\n\n\n<p>O professor Francisco Jos\u00e9 Lagreze Squella, que coordena a a\u00e7\u00e3o no Centro de Estudos do Mar da UFPR, destaca a import\u00e2ncia da tecnologia para o setor produtivo. \u201cCom o aplicativo baseado em IA, os produtores poder\u00e3o acompanhar o crescimento das sementes por imagem, receber alertas de manejo e acessar dados de qualidade da \u00e1gua, enquanto o laborat\u00f3rio mant\u00e9m um controle preciso dos lotes produzidos e estabelece condi\u00e7\u00f5es para aprimorar as sementes e avan\u00e7ar em pesquisas com ostras cultivadas e outras esp\u00e9cies de moluscos\u201d, pontua.<\/p>\n\n\n\n<p>O projeto prev\u00ea o desenvolvimento de sistemas de vis\u00e3o computacional capazes de analisar imagens e acompanhar o crescimento das sementes, al\u00e9m de algoritmos para otimizar a alimenta\u00e7\u00e3o de larvas e ajustar vari\u00e1veis como temperatura, salinidade e luminosidade. Essas tecnologias possibilitar\u00e3o aos pesquisadores tomar decis\u00e3o com base em dados, o que deve contribuir para o desenvolvimento de linhagens de ostras com melhor desempenho e maior sobreviv\u00eancia.<\/p>\n\n\n\n<p><strong>IMPACTOS<\/strong>&nbsp;\u2013 Estudos da UFPR mostram que o uso de reprodutores da pr\u00f3pria regi\u00e3o melhora o desempenho das sementes e torna o cultivo mais eficiente e sustent\u00e1vel, favorecendo a recupera\u00e7\u00e3o das popula\u00e7\u00f5es naturais de ostras. A expectativa \u00e9 aumentar a previsibilidade do trabalho de cerca de 500 produtores paranaenses, que deixar\u00e3o de depender da coleta de sementes em manguezais. Outro destaque desse tipo de produ\u00e7\u00e3o \u00e9 a continuidade do ciclo produtivo da esp\u00e9cie, sendo que o laborat\u00f3rio permite identificar situa\u00e7\u00f5es sanit\u00e1rias adversas.<\/p>\n\n\n\n<p><strong>EXTENS\u00c3O E PESQUISA<\/strong>&nbsp;\u2013 Al\u00e9m da produ\u00e7\u00e3o de sementes, o laborat\u00f3rio atuar\u00e1 como polo de capacita\u00e7\u00e3o com a oferta de cursos, oficinas, apostilas e atividades pr\u00e1ticas para aproximar a universidade do setor produtivo. Tamb\u00e9m est\u00e3o previstas a publica\u00e7\u00e3o de artigos cient\u00edficos e a organiza\u00e7\u00e3o de semin\u00e1rios para fomentar a troca de experi\u00eancias com outros centros de pesquisa. Nesse cen\u00e1rio, bolsistas e pesquisadores de gradua\u00e7\u00e3o e p\u00f3s-gradua\u00e7\u00e3o poder\u00e3o desenvolver estudos in\u00e9ditos sobre automa\u00e7\u00e3o e IA na produ\u00e7\u00e3o de moluscos.<\/p>\n\n\n\n<p><strong>PRESEN\u00c7AS<\/strong>&nbsp;\u2013 A cerim\u00f4nia contou com a participa\u00e7\u00e3o do diretor de Ci\u00eancia e Tecnologia da Seti, Marcos Pelegrina; do diretor Administrativo e Financeiro da Funda\u00e7\u00e3o Arauc\u00e1ria, Gerson Koch; da coordenadora de Projetos da Unidade Executiva do Fundo Paran\u00e1 (UEF), Daniele Carvalho; do pr\u00f3-reitor de Pesquisa e Inova\u00e7\u00e3o da UFPR, Ciro Ribeiro; do vice-diretor do campus da UFPR em Pontal do Paran\u00e1, Carlos Batista; do diretor de Desenvolvimento do Interior da UFPR, Carlos Zacarkim; e do presidente da Associa\u00e7\u00e3o Guaratubana de Maricultores (Aguamar), Elvisley Jos\u00e9 Rocha Ferreira.<\/p>\n\n\n\n<p>AEN\/PR<\/p>\n","protected":false},"excerpt":{"rendered":"<p>O Governo do Estado liberou nesta ter\u00e7a-feira (25), em Guaratuba, no Litoral do Paran\u00e1, um aporte de R$ 3 milh\u00f5es para a implanta\u00e7\u00e3o de um laborat\u00f3rio dedicado \u00e0 pesquisa e produ\u00e7\u00e3o de sementes de ostra cultivada. A nova unidade ser\u00e1 instalada no Centro de Estudos do Mar da Universidade Federal do Paran\u00e1 (UFPR), em Pontal [&hellip;]<\/p>\n","protected":false},"author":2,"featured_media":74441,"comment_status":"open","ping_status":"open","sticky":false,"template":"","format":"standard","meta":{"advanced_seo_description":"","jetpack_seo_html_title":"","jetpack_seo_noindex":false,"_jetpack_memberships_contains_paid_content":false,"footnotes":""},"categories":[40],"tags":[],"class_list":{"0":"post-74440","1":"post","2":"type-post","3":"status-publish","4":"format-standard","5":"has-post-thumbnail","7":"category-destaques"},"jetpack_featured_media_url":"https:\/\/www.paranapraia.com.br\/wp-content\/uploads\/2025\/11\/ostras_4.jpg","jetpack_sharing_enabled":true,"_links":{"self":[{"href":"https:\/\/www.paranapraia.com.br\/index.php\/wp-json\/wp\/v2\/posts\/74440"}],"collection":[{"href":"https:\/\/www.paranapraia.com.br\/index.php\/wp-json\/wp\/v2\/posts"}],"about":[{"href":"https:\/\/www.paranapraia.com.br\/index.php\/wp-json\/wp\/v2\/types\/post"}],"author":[{"embeddable":true,"href":"https:\/\/www.paranapraia.com.br\/index.php\/wp-json\/wp\/v2\/users\/2"}],"replies":[{"embeddable":true,"href":"https:\/\/www.paranapraia.com.br\/index.php\/wp-json\/wp\/v2\/comments?post=74440"}],"version-history":[{"count":1,"href":"https:\/\/www.paranapraia.com.br\/index.php\/wp-json\/wp\/v2\/posts\/74440\/revisions"}],"predecessor-version":[{"id":74442,"href":"https:\/\/www.paranapraia.com.br\/index.php\/wp-json\/wp\/v2\/posts\/74440\/revisions\/74442"}],"wp:featuredmedia":[{"embeddable":true,"href":"https:\/\/www.paranapraia.com.br\/index.php\/wp-json\/wp\/v2\/media\/74441"}],"wp:attachment":[{"href":"https:\/\/www.paranapraia.com.br\/index.php\/wp-json\/wp\/v2\/media?parent=74440"}],"wp:term":[{"taxonomy":"category","embeddable":true,"href":"https:\/\/www.paranapraia.com.br\/index.php\/wp-json\/wp\/v2\/categories?post=74440"},{"taxonomy":"post_tag","embeddable":true,"href":"https:\/\/www.paranapraia.com.br\/index.php\/wp-json\/wp\/v2\/tags?post=74440"}],"curies":[{"name":"wp","href":"https:\/\/api.w.org\/{rel}","templated":true}]}}