{"id":74437,"date":"2025-11-26T11:34:09","date_gmt":"2025-11-26T14:34:09","guid":{"rendered":"https:\/\/www.paranapraia.com.br\/?p=74437"},"modified":"2025-11-26T11:34:11","modified_gmt":"2025-11-26T14:34:11","slug":"castracao-gratuita-de-caes-e-gatos-sera-realizada-em-pontal-do-parana-nos-dias-03-04-e-05-de-dezembro","status":"publish","type":"post","link":"https:\/\/www.paranapraia.com.br\/index.php\/2025\/11\/26\/castracao-gratuita-de-caes-e-gatos-sera-realizada-em-pontal-do-parana-nos-dias-03-04-e-05-de-dezembro\/","title":{"rendered":"Castra\u00e7\u00e3o gratuita de c\u00e3es e gatos ser\u00e1 realizada em Pontal do Paran\u00e1 nos dias 03, 04 e 05 de dezembro"},"content":{"rendered":"\n<p>A Rede de Prote\u00e7\u00e3o Animal de Pontal do Paran\u00e1 promove o novo Mutir\u00e3o de Castra\u00e7\u00e3o para c\u00e3es e gatos, priorizando tutores em situa\u00e7\u00e3o de vulnerabilidade social, protetores cadastrados e animais resgatados das ruas. A a\u00e7\u00e3o integra a pol\u00edtica cont\u00ednua de controle populacional do munic\u00edpio.<\/p>\n\n\n\n<p>Entre 2021 e novembro de 2025, os mutir\u00f5es j\u00e1 castraram cerca de 5.400 animais e, somando os atendimentos realizados por cl\u00ednicas conveniadas, o n\u00famero chega a cerca de 5.965 procedimentos. Com a previs\u00e3o de 400 castra\u00e7\u00f5es no mutir\u00e3o de dezembro, o munic\u00edpio deve encerrar o ano com cerca de 6.365 animais castrados. Esses dados mostram uma m\u00e9dia superior a mil castra\u00e7\u00f5es por ano, ampliando o alcance do programa e reduzindo o abandono.<\/p>\n\n\n\n<p>Para as protetoras de animais, o avan\u00e7o desse trabalho tem impacto direto no munic\u00edpio.<br>\u201cOs mutir\u00f5es evitam ninhadas sucessivas e diminuem o n\u00famero de animais nas ruas.<br>Para quem resgata, isso faz toda a diferen\u00e7a, porque aumenta nossas chances de dar qualidade de vida para esses bichinhos.\u201d disse uma delas.<\/p>\n\n\n\n<p>O secret\u00e1rio municipal de Meio Ambiente, Jackson Bassfeld, afirma que a continuidade dessas a\u00e7\u00f5es demonstra o compromisso p\u00fablico com o bem-estar animal. \u201cA castra\u00e7\u00e3o \u00e9 uma medida que organiza a cidade, reduz o abandono e atende quem mais precisa. Nosso objetivo \u00e9 manter o programa ativo, ampliando o acesso e fortalecendo a Rede de Prote\u00e7\u00e3o Animal.\u201d<\/p>\n\n\n\n<p>Inscri\u00e7\u00f5es e documenta\u00e7\u00e3o:<\/p>\n\n\n\n<p>As inscri\u00e7\u00f5es devem ser feitas via protocolo, presencialmente na sede da Prefeitura ou Subprefeitura, ou de forma online. O cadastro pede RG ou CNH, comprovante de resid\u00eancia, Cadastro \u00danico (opcional, mas com prioridade para baixa renda) e fotos do animal.<\/p>\n\n\n\n<p>Link para o protocolo:<br><a href=\"https:\/\/pontaldoparana.1doc.com.br\/b.php?pg=wp\/wp&amp;itd=9\">https:\/\/pontaldoparana.1doc.com.br\/b.php?pg=wp\/wp&amp;itd=9<\/a><\/p>\n\n\n\n<p>Crit\u00e9rios de sele\u00e7\u00e3o<\/p>\n\n\n\n<p>As vagas seguem ordem de prioridade:<\/p>\n\n\n\n<ul class=\"wp-block-list\">\n<li>Animais de tutores inscritos no Cad\u00danico, com renda per capita de at\u00e9 meio sal\u00e1rio m\u00ednimo<\/li>\n\n\n\n<li>Protetores de animais cadastrados<\/li>\n\n\n\n<li>Animais resgatados da rua<\/li>\n\n\n\n<li>Tutores residentes em Pontal do Paran\u00e1, com animais entre 6 meses e 8 anos<\/li>\n<\/ul>\n\n\n\n<p>Pedidos antigos tamb\u00e9m recebem prioridade. Quem n\u00e3o for atendido ser\u00e1 encaminhado para os pr\u00f3ximos mutir\u00f5es.<\/p>\n\n\n\n<p>Local do evento<\/p>\n\n\n\n<p>Gin\u00e1sio da Escola Ezequiel<br>Rua Alberta, esquina com Avenida Ilha do Mel, bairro Jardim Canad\u00e1<\/p>\n\n\n\n<p>Mais informa\u00e7\u00f5es: (41) 93500-7993<\/p>\n\n\n\n<p>A Rede de Prote\u00e7\u00e3o Animal refor\u00e7a que a participa\u00e7\u00e3o da comunidade \u00e9 fundamental para reduzir o abandono e garantir melhores condi\u00e7\u00f5es de vida para os animais do munic\u00edpio.<\/p>\n\n\n\n<p>Fotos: PMPPR<\/p>\n","protected":false},"excerpt":{"rendered":"<p>A Rede de Prote\u00e7\u00e3o Animal de Pontal do Paran\u00e1 promove o novo Mutir\u00e3o de Castra\u00e7\u00e3o para c\u00e3es e gatos, priorizando tutores em situa\u00e7\u00e3o de vulnerabilidade social, protetores cadastrados e animais resgatados das ruas. A a\u00e7\u00e3o integra a pol\u00edtica cont\u00ednua de controle populacional do munic\u00edpio. Entre 2021 e novembro de 2025, os mutir\u00f5es j\u00e1 castraram cerca [&hellip;]<\/p>\n","protected":false},"author":2,"featured_media":74438,"comment_status":"open","ping_status":"open","sticky":false,"template":"","format":"standard","meta":{"advanced_seo_description":"","jetpack_seo_html_title":"","jetpack_seo_noindex":false,"_jetpack_memberships_contains_paid_content":false,"footnotes":""},"categories":[65],"tags":[],"class_list":{"0":"post-74437","1":"post","2":"type-post","3":"status-publish","4":"format-standard","5":"has-post-thumbnail","7":"category-pontal-do-parana"},"jetpack_featured_media_url":"https:\/\/www.paranapraia.com.br\/wp-content\/uploads\/2025\/11\/IMG-20251126-WA0187.jpg","jetpack_sharing_enabled":true,"_links":{"self":[{"href":"https:\/\/www.paranapraia.com.br\/index.php\/wp-json\/wp\/v2\/posts\/74437"}],"collection":[{"href":"https:\/\/www.paranapraia.com.br\/index.php\/wp-json\/wp\/v2\/posts"}],"about":[{"href":"https:\/\/www.paranapraia.com.br\/index.php\/wp-json\/wp\/v2\/types\/post"}],"author":[{"embeddable":true,"href":"https:\/\/www.paranapraia.com.br\/index.php\/wp-json\/wp\/v2\/users\/2"}],"replies":[{"embeddable":true,"href":"https:\/\/www.paranapraia.com.br\/index.php\/wp-json\/wp\/v2\/comments?post=74437"}],"version-history":[{"count":1,"href":"https:\/\/www.paranapraia.com.br\/index.php\/wp-json\/wp\/v2\/posts\/74437\/revisions"}],"predecessor-version":[{"id":74439,"href":"https:\/\/www.paranapraia.com.br\/index.php\/wp-json\/wp\/v2\/posts\/74437\/revisions\/74439"}],"wp:featuredmedia":[{"embeddable":true,"href":"https:\/\/www.paranapraia.com.br\/index.php\/wp-json\/wp\/v2\/media\/74438"}],"wp:attachment":[{"href":"https:\/\/www.paranapraia.com.br\/index.php\/wp-json\/wp\/v2\/media?parent=74437"}],"wp:term":[{"taxonomy":"category","embeddable":true,"href":"https:\/\/www.paranapraia.com.br\/index.php\/wp-json\/wp\/v2\/categories?post=74437"},{"taxonomy":"post_tag","embeddable":true,"href":"https:\/\/www.paranapraia.com.br\/index.php\/wp-json\/wp\/v2\/tags?post=74437"}],"curies":[{"name":"wp","href":"https:\/\/api.w.org\/{rel}","templated":true}]}}