{"id":74434,"date":"2025-11-25T16:05:30","date_gmt":"2025-11-25T19:05:30","guid":{"rendered":"https:\/\/www.paranapraia.com.br\/?p=74434"},"modified":"2025-11-25T16:05:33","modified_gmt":"2025-11-25T19:05:33","slug":"turismo-paranaense-comemora-boom-de-visitantes-nos-feriados-de-2025","status":"publish","type":"post","link":"https:\/\/www.paranapraia.com.br\/index.php\/2025\/11\/25\/turismo-paranaense-comemora-boom-de-visitantes-nos-feriados-de-2025\/","title":{"rendered":"Turismo paranaense comemora \u201cboom\u201d de visitantes nos feriados de 2025"},"content":{"rendered":"\n<p>J\u00e1 se foi o tempo em que empres\u00e1rios do setor do turismo paranaense temiam os feriados, uma vez que a taxa de recep\u00e7\u00e3o de turistas nos meios de hospedagens do Paran\u00e1 s\u00f3 aumenta. Neste ano, a ocupa\u00e7\u00e3o m\u00e9dia nos hot\u00e9is curitibanos e do Litoral durante as datas ficou em cerca de 90%, enquanto hospedagens de Foz do Igua\u00e7u (Oeste) registraram m\u00e9dia de 81%. Os valores s\u00e3o referentes a seis feriados e um per\u00edodo de f\u00e9rias.<\/p>\n\n\n\n<p>Os dados de Curitiba e Litoral s\u00e3o do Sindicato Empresarial de Hospedagem e Alimenta\u00e7\u00e3o (SEHA), j\u00e1 as informa\u00e7\u00f5es do munic\u00edpio da Tr\u00edplice Fronteira s\u00e3o do Sindicato de Hot\u00e9is, Bares e Restaurantes de Foz do Igua\u00e7u (Sindhot\u00e9is). As m\u00e9dias t\u00eam como base os feriados de: Consci\u00eancia Negra; Carnaval; Tiradentes; P\u00e1scoa; Sexta-feira Santa; Dia do Trabalhador; e as f\u00e9rias de julho.<\/p>\n\n\n\n<p>\u201cIsso \u00e9 fruto de eventos, atrativos e variedade do que fazer ao redor do Paran\u00e1. Al\u00e9m disso, a\u00e7\u00f5es&nbsp;do Governo do Estado nos Territ\u00f3rios Tur\u00edsticos e investimentos privados de hot\u00e9is, empresas e atrativos, colaboram para uma maior atra\u00e7\u00e3o de visitantes. Quando h\u00e1 uni\u00e3o e prop\u00f3sito comum, todos ganham, porque esse \u00e9 um setor que gera emprego, renda e movimenta a economia\u201d, disse Leonaldo Paranhos, secret\u00e1rio estadual do Turismo.<\/p>\n\n\n\n<p>Ao longo do ano, os feriados foram respons\u00e1veis por atrair grande fluxo tur\u00edstico ao Estado. No Carnaval, por exemplo, o Litoral&nbsp;\u2013 contando os sete munic\u00edpios e a Ilha do Mel \u2013 registrou 95% de ocupa\u00e7\u00e3o com picos de lota\u00e7\u00e3o, enquanto Curitiba teve m\u00e9dia de 80%. Durante o per\u00edodo, foram mais de 1,3 milh\u00e3o de visitantes no Paran\u00e1, seja aproveitando as folias das praias ou participando de atrativos \u00fanicos, como, a Zombie Walk.<\/p>\n\n\n\n<p>\u201cNos \u00faltimos anos, a hotelaria tem se preparado para atender uma demanda cada vez maior, que n\u00e3o \u00e9 mais concentrada apenas em determinadas \u00e9pocas. Antes, o Estado era t\u00edmido em termos de turismo, hoje, os empres\u00e1rios do setor comemoram cada feriado, porque o fluxo de turistas em nossos munic\u00edpios \u00e9 constante\u201d, disse Irapuan Cortes, diretor-presidente do Viaje Paran\u00e1 \u2013 \u00f3rg\u00e3o de promo\u00e7\u00e3o vinculado \u00e0 Secretaria de Estado do Turismo (Setu).<\/p>\n\n\n\n<p><strong>SETOR COLHE FRUTOS&nbsp;<\/strong>\u2013<strong>&nbsp;<\/strong>Segundo o SEHA, os empres\u00e1rios do ramo paranaense est\u00e3o otimistas com os dados de recep\u00e7\u00e3o deste ano. Entre as surpresas positivas, por exemplo, est\u00e1 a grande quantidade de turistas e visitantes que foram registrados no Paran\u00e1 durante o feriad\u00e3o da Consci\u00eancia Negra \u2013 celebrado em n\u00edvel nacional h\u00e1 apenas dois anos.<\/p>\n\n\n\n<p>Conforme dados compilados pelos sindicatos, Curitiba e Litoral tiveram uma taxa de ocupa\u00e7\u00e3o pr\u00f3xima dos 90% apenas neste per\u00edodo (de 20 a 23 de novembro), enquanto Foz do Igua\u00e7u registrou 91% de ocupa\u00e7\u00e3o \u2013 com destaque aos resorts e hot\u00e9is de tr\u00eas estrelas, que foram os mais procurados pelos visitantes.<\/p>\n\n\n\n<p>\u201cFoz do Igua\u00e7u, por exemplo, est\u00e1 cada vez mais preparada para essa grande recep\u00e7\u00e3o, ao lado de outras regi\u00f5es, como Curitiba e Litoral, com hospedagens qualificadas para o p\u00fablico. \u00c9 poss\u00edvel perceber essa onda positiva ao olhar para a Capital, uma mudan\u00e7a na prefer\u00eancia dos h\u00f3spedes, que agora est\u00e3o ficando por mais tempo e aproveitando mais os finais de semana na cidade\u201d, explica Marcelo Martini, diretor de Opera\u00e7\u00f5es e Segmenta\u00e7\u00e3o Tur\u00edstica do Viaje Paran\u00e1.<\/p>\n\n\n\n<p><strong>ATRATIVOS N\u00c3O PARAM&nbsp;<\/strong>\u2013&nbsp;Outro fator, reflexo direto do momento positivo que o Estado se encontra, \u00e9 a recep\u00e7\u00e3o de turistas em atrativos paranaenses durante per\u00edodos de folga. Segundo administradoras e gestores de atrativos tur\u00edsticos, os feriados se tornaram importantes geradores de fluxo, renda e emprego ao Paran\u00e1 e seus empreendedores.<\/p>\n\n\n\n<p>No Oeste, o exemplo mais recente \u00e9 o Parque Nacional do Igua\u00e7u \u2013 lar das famosas Cataratas do Igua\u00e7u, uma das Sete Maravilhas Naturais do Mundo e o principal atrativo do Brasil e da Am\u00e9rica do Sul segundo a plataforma TripAdvisor. No feriad\u00e3o da Consci\u00eancia Negra, o atrativo recebeu mais de 40,1 mil visitantes oriundos de 80 nacionalidades diferentes.<\/p>\n\n\n\n<p>\u201cOs feriados s\u00e3o uma grande oportunidade para que visitantes vivam o Parque Nacional do Igua\u00e7u com mais tempo. Al\u00e9m das Cataratas, temos novas trilhas, ciclovia e experi\u00eancias em meio \u00e0 natureza, por isso ampliamos o hor\u00e1rio de atendimento nesses per\u00edodos, garantindo mais conforto e liberdade. Queremos que cada visitante descubra um parque mais amplo, diverso e cheio de novidades, no seu pr\u00f3prio ritmo\u201d, disse&nbsp;Mario Macedo Junior, CEO da Urbia Cataratas, que administra a visita\u00e7\u00e3o tur\u00edstica do parque.<\/p>\n\n\n\n<p>No Leste, o passeio de trem operado pela Serra Verde Express, ligando Curitiba a Morretes, teve mais de 7,1 mil passageiros nos trajetos de ida e volta durante o feriad\u00e3o. O atrativo permite uma experi\u00eancia em meio a Mata Atl\u00e2ntica Preservada \u2013 um Patrim\u00f4nio Natural da Humanidade \u2013 e, dentre tantos t\u00edtulos, foi eleito como um dos passeios de trem mais bonitos do mundo pela editora brit\u00e2nica Lonely Planet.<\/p>\n\n\n\n<p>\u201cOs feriados t\u00eam impulsionado de forma significativa o passeio, aumentando o movimento e fortalecendo toda a cadeia econ\u00f4mica da regi\u00e3o. Entramos otimistas na alta temporada, especialmente com o in\u00edcio das sa\u00eddas di\u00e1rias do trem a partir de 1\u00ba de dezembro, o que deve ampliar ainda mais o acesso dos visitantes e manter o Estado em destaque entre os principais destinos do pa\u00eds\u201d, afirmou Adonai Arruda Filho, diretor geral da Serra Verde Express.<\/p>\n\n\n\n<p><strong>FIM DE ANO&nbsp;<\/strong>\u2013<strong>&nbsp;<\/strong>O recesso de final de ano \u00e9, para muitos, um momento para descanso e reposi\u00e7\u00e3o de energias. Para a rede hoteleira e empres\u00e1rios do setor paranaense, no entanto, trata-se de uma oportunidade de trabalhar e colher bons resultados, uma vez que a expectativa para o per\u00edodo \u00e9 de alta presen\u00e7a de turistas, ultrapassando 90% de ocupa\u00e7\u00e3o nos hot\u00e9is.<\/p>\n\n\n\n<p>As programa\u00e7\u00f5es de Natal, junto do R\u00e9veillon e do Ver\u00e3o Maior Paran\u00e1, s\u00e3o alguns dos principais atrativos que devem captar visitantes ao Estado. Op\u00e7\u00f5es gratuitas n\u00e3o faltam: \u00e9 Coral no Pal\u00e1cio Avenida; Maria Fuma\u00e7a tem\u00e1tica; decora\u00e7\u00f5es iluminadas; e at\u00e9 candidato ao Guinness Book de maior Papai Noel do Mundo.<\/p>\n\n\n\n<p><strong>Confira as principais programa\u00e7\u00f5es tur\u00edsticas para aproveitar o Natal do Paran\u00e1&nbsp;clicando&nbsp;<a href=\"https:\/\/www.parana.pr.gov.br\/aen\/Noticia\/Maior-Natal-da-historia-do-Parana-reune-atracoes-turisticas-em-todo-o-Estado\" target=\"_blank\" rel=\"noreferrer noopener\">AQUI.<\/a><\/strong><\/p>\n\n\n\n<p>AEN\/PR<\/p>\n","protected":false},"excerpt":{"rendered":"<p>J\u00e1 se foi o tempo em que empres\u00e1rios do setor do turismo paranaense temiam os feriados, uma vez que a taxa de recep\u00e7\u00e3o de turistas nos meios de hospedagens do Paran\u00e1 s\u00f3 aumenta. Neste ano, a ocupa\u00e7\u00e3o m\u00e9dia nos hot\u00e9is curitibanos e do Litoral durante as datas ficou em cerca de 90%, enquanto hospedagens de [&hellip;]<\/p>\n","protected":false},"author":2,"featured_media":74435,"comment_status":"open","ping_status":"open","sticky":false,"template":"","format":"standard","meta":{"advanced_seo_description":"","jetpack_seo_html_title":"","jetpack_seo_noindex":false,"_jetpack_memberships_contains_paid_content":false,"footnotes":""},"categories":[40],"tags":[],"class_list":{"0":"post-74434","1":"post","2":"type-post","3":"status-publish","4":"format-standard","5":"has-post-thumbnail","7":"category-destaques"},"jetpack_featured_media_url":"https:\/\/www.paranapraia.com.br\/wp-content\/uploads\/2025\/11\/creditos_viaje_parana_9_1.jpg","jetpack_sharing_enabled":true,"_links":{"self":[{"href":"https:\/\/www.paranapraia.com.br\/index.php\/wp-json\/wp\/v2\/posts\/74434"}],"collection":[{"href":"https:\/\/www.paranapraia.com.br\/index.php\/wp-json\/wp\/v2\/posts"}],"about":[{"href":"https:\/\/www.paranapraia.com.br\/index.php\/wp-json\/wp\/v2\/types\/post"}],"author":[{"embeddable":true,"href":"https:\/\/www.paranapraia.com.br\/index.php\/wp-json\/wp\/v2\/users\/2"}],"replies":[{"embeddable":true,"href":"https:\/\/www.paranapraia.com.br\/index.php\/wp-json\/wp\/v2\/comments?post=74434"}],"version-history":[{"count":1,"href":"https:\/\/www.paranapraia.com.br\/index.php\/wp-json\/wp\/v2\/posts\/74434\/revisions"}],"predecessor-version":[{"id":74436,"href":"https:\/\/www.paranapraia.com.br\/index.php\/wp-json\/wp\/v2\/posts\/74434\/revisions\/74436"}],"wp:featuredmedia":[{"embeddable":true,"href":"https:\/\/www.paranapraia.com.br\/index.php\/wp-json\/wp\/v2\/media\/74435"}],"wp:attachment":[{"href":"https:\/\/www.paranapraia.com.br\/index.php\/wp-json\/wp\/v2\/media?parent=74434"}],"wp:term":[{"taxonomy":"category","embeddable":true,"href":"https:\/\/www.paranapraia.com.br\/index.php\/wp-json\/wp\/v2\/categories?post=74434"},{"taxonomy":"post_tag","embeddable":true,"href":"https:\/\/www.paranapraia.com.br\/index.php\/wp-json\/wp\/v2\/tags?post=74434"}],"curies":[{"name":"wp","href":"https:\/\/api.w.org\/{rel}","templated":true}]}}