{"id":7443,"date":"2019-04-19T18:22:13","date_gmt":"2019-04-19T21:22:13","guid":{"rendered":"https:\/\/www.paranapraia.com.br\/?p=7443"},"modified":"2019-04-19T18:22:14","modified_gmt":"2019-04-19T21:22:14","slug":"alerta-uso-de-ibuprofeno-e-cetoprofeno-pode-agravar-infeccoes","status":"publish","type":"post","link":"https:\/\/www.paranapraia.com.br\/index.php\/2019\/04\/19\/alerta-uso-de-ibuprofeno-e-cetoprofeno-pode-agravar-infeccoes\/","title":{"rendered":"Alerta: uso de ibuprofeno e cetoprofeno pode agravar infec\u00e7\u00f5es"},"content":{"rendered":"\n<p>A Ag\u00eancia Nacional de Seguran\u00e7a do Medicamento e dos Produtos de Sa\u00fade (ANSM) da Fran\u00e7a fez uma advert\u00eancia sobre os riscos do uso das subst\u00e2ncias ibuprofeno e cetoprofeno \u2013 medicamentos com fun\u00e7\u00e3o analg\u00e9sica, antit\u00e9rmica e anti-inflamat\u00f3ria muito usados no Brasil, indicados para casos de dores musculares, de cabe\u00e7a, de garganta e de dente e at\u00e9 mesmo c\u00f3lica menstrual.<\/p>\n\n\n\n<p>De acordo com a advert\u00eancia da ag\u00eancia, esses medicamentos podem agravar infec\u00e7\u00f5es durante o tratamento. As recomenda\u00e7\u00f5es feitas pela entidade ser\u00e3o analisadas por ag\u00eancias similares de outros pa\u00edses integrantes da Uni\u00e3o Europeia.<\/p>\n\n\n\n<p>Por meio de um porta-voz, a ANSM explicou que as autoriza\u00e7\u00f5es dos medicamentos s\u00e3o feitas para toda a Europa, e n\u00e3o apenas para Fran\u00e7a. Em junho do ano passado, a entidade abriu uma investiga\u00e7\u00e3o farmacol\u00f3gica encomendada aos seus centros de Tours e Marselha.<\/p>\n\n\n\n<p>Ontem (18), a ag\u00eancia emitiu uma s\u00e9rie de recomenda\u00e7\u00f5es, entre as quais a de dar prefer\u00eancia ao uso do paracetamol, em vez do ibuprofeno e do cetoprofeno, em caso de dor ou febre, sobretudo em casos de infec\u00e7\u00e3o como anginas, rinofaringites, otites, tosse, infe\u00e7\u00e3o pulmonar, assim como les\u00f5es cut\u00e2neas ou varicela.<\/p>\n\n\n\n<p>A Ag\u00eancia Nacional de Seguran\u00e7a do Medicamento e dos Produtos de Sa\u00fade sugere dosagens m\u00ednimas e eficazes desses medicamentos, durante o menor tempo poss\u00edvel \u2013 interrompendo o tratamento assim que o sintoma desaparecer. Sugere, ainda, que o tratamento n\u00e3o dure mais de tr\u00eas dias, em caso de febre, nem mais de cinco dias, em caso de dor.<\/p>\n\n\n\n<p>As recomenda\u00e7\u00f5es decorrem de um estudo encomendado em junho de 2018 aos centros regionais da ANSM de Tours e Marselha, segundo qual existem infec\u00e7\u00f5es que podem ser agravadas com o uso do medicamento.<\/p>\n\n\n\n<p>Foram analisados 337 casos de complica\u00e7\u00f5es infecciosas graves com ibuprofeno e 49 com cetoprofeno e que estiveram na origem de hospitaliza\u00e7\u00f5es, sequelas e at\u00e9 mesmo morte.<\/p>\n\n\n\n<p>Os casos foram estudados ao longo de um per\u00edodo prolongado, que come\u00e7ou no ano 2000.<\/p>\n\n\n\n<p>MassaNews<\/p>\n","protected":false},"excerpt":{"rendered":"<p>A Ag\u00eancia Nacional de Seguran\u00e7a do Medicamento e dos Produtos de Sa\u00fade (ANSM) da Fran\u00e7a fez uma advert\u00eancia sobre os riscos do uso das subst\u00e2ncias ibuprofeno e cetoprofeno \u2013 medicamentos com fun\u00e7\u00e3o analg\u00e9sica, antit\u00e9rmica e anti-inflamat\u00f3ria muito usados no Brasil, indicados para casos de dores musculares, de cabe\u00e7a, de garganta e de dente e at\u00e9 [&hellip;]<\/p>\n","protected":false},"author":2,"featured_media":7444,"comment_status":"open","ping_status":"open","sticky":false,"template":"","format":"standard","meta":{"advanced_seo_description":"","jetpack_seo_html_title":"","jetpack_seo_noindex":false,"_jetpack_memberships_contains_paid_content":false,"footnotes":""},"categories":[40],"tags":[],"class_list":{"0":"post-7443","1":"post","2":"type-post","3":"status-publish","4":"format-standard","5":"has-post-thumbnail","7":"category-destaques"},"jetpack_featured_media_url":"https:\/\/www.paranapraia.com.br\/wp-content\/uploads\/2019\/04\/scs.jpg","jetpack_sharing_enabled":true,"_links":{"self":[{"href":"https:\/\/www.paranapraia.com.br\/index.php\/wp-json\/wp\/v2\/posts\/7443"}],"collection":[{"href":"https:\/\/www.paranapraia.com.br\/index.php\/wp-json\/wp\/v2\/posts"}],"about":[{"href":"https:\/\/www.paranapraia.com.br\/index.php\/wp-json\/wp\/v2\/types\/post"}],"author":[{"embeddable":true,"href":"https:\/\/www.paranapraia.com.br\/index.php\/wp-json\/wp\/v2\/users\/2"}],"replies":[{"embeddable":true,"href":"https:\/\/www.paranapraia.com.br\/index.php\/wp-json\/wp\/v2\/comments?post=7443"}],"version-history":[{"count":1,"href":"https:\/\/www.paranapraia.com.br\/index.php\/wp-json\/wp\/v2\/posts\/7443\/revisions"}],"predecessor-version":[{"id":7445,"href":"https:\/\/www.paranapraia.com.br\/index.php\/wp-json\/wp\/v2\/posts\/7443\/revisions\/7445"}],"wp:featuredmedia":[{"embeddable":true,"href":"https:\/\/www.paranapraia.com.br\/index.php\/wp-json\/wp\/v2\/media\/7444"}],"wp:attachment":[{"href":"https:\/\/www.paranapraia.com.br\/index.php\/wp-json\/wp\/v2\/media?parent=7443"}],"wp:term":[{"taxonomy":"category","embeddable":true,"href":"https:\/\/www.paranapraia.com.br\/index.php\/wp-json\/wp\/v2\/categories?post=7443"},{"taxonomy":"post_tag","embeddable":true,"href":"https:\/\/www.paranapraia.com.br\/index.php\/wp-json\/wp\/v2\/tags?post=7443"}],"curies":[{"name":"wp","href":"https:\/\/api.w.org\/{rel}","templated":true}]}}