{"id":7440,"date":"2019-04-19T18:19:17","date_gmt":"2019-04-19T21:19:17","guid":{"rendered":"https:\/\/www.paranapraia.com.br\/?p=7440"},"modified":"2019-04-19T18:19:18","modified_gmt":"2019-04-19T21:19:18","slug":"encenacao-da-paixao-de-cristo-do-lanteri-tem-narracao-como-principal-novidade","status":"publish","type":"post","link":"https:\/\/www.paranapraia.com.br\/index.php\/2019\/04\/19\/encenacao-da-paixao-de-cristo-do-lanteri-tem-narracao-como-principal-novidade\/","title":{"rendered":"Encena\u00e7\u00e3o da \u2018Paix\u00e3o de Cristo\u2019 do Lanteri tem narra\u00e7\u00e3o como principal novidade"},"content":{"rendered":"\n<h4 class=\"wp-block-heading\">Para esse ano, a novidade \u00e9 a mudan\u00e7a na narrativa, que ser\u00e1 feita pelo ap\u00f3stolo Jo\u00e3o.<\/h4>\n\n\n\n<p> Mais de 20 mil pessoas est\u00e3o sendo esperadas no Parque Cachoeira, bairro Igua\u00e7u, em Arauc\u00e1ria, na regi\u00e3o metropolitana de Curitiba, para acompanhar a tradicional encena\u00e7\u00e3o da\u00a0\u201cVida, Paix\u00e3o e Morte de Cristo\u201d. A apresenta\u00e7\u00e3o \u00e9 organizada pelo Grupo Lanteri, que promove o teatro contando os passos de Jesus Cristo h\u00e1 42 edi\u00e7\u00f5es. Para esse ano, a novidade \u00e9 a mudan\u00e7a na narrativa, que ser\u00e1 feita pelo ap\u00f3stolo Jo\u00e3o. <\/p>\n\n\n\n<p>O diretor-geral do espet\u00e1culo Aparecido Izabel Massi diz que, embora a encena\u00e7\u00e3o tenha volunt\u00e1rios \u2013 na maioria, o<em>\u00a0staff<\/em> \u00e9 composto de profissionais e pessoas qualificadas. \u201cA paix\u00e3o realmente \u00e9 o que move nosso elenco, que vem pela vontade, pela dedica\u00e7\u00e3o. Mas, quando a gente se exp\u00f5e ao p\u00fablico, \u00e9 preciso ter um crivo de qualidade, nosso pessoal que trata de figurino, cen\u00e1rio, maquiagem, tem um n\u00edvel de pesquisa bastante grande, com muitos cursos, oficinas. Ao longo desses 42 anos, as pessoas que est\u00e3o nesse trabalho tem um n\u00edvel de informa\u00e7\u00e3o muito bacana, junto claro com essa quest\u00e3o da paix\u00e3o, que move tudo isso\u201d.<\/p>\n\n\n\n<p>A novidade para esse ano \u00e9 a narrativa do ap\u00f3stolo Jo\u00e3o, que tamb\u00e9m ser\u00e1 representado na encena\u00e7\u00e3o. \u201cO teatro \u00e9 a forma de reviver de novo, e isso \u00e9 sempre novo. Para esse ano, h\u00e1 mudan\u00e7a de elenco porque contamos com a participa\u00e7\u00e3o das pessoas que se juntam todo ano, com exce\u00e7\u00e3o de alguns que permanecem no papel. Al\u00e9m disso, era a maria madalena que narrava o espet\u00e1culo, uma das seguidoras mais importantes que Jesus Cristo teve, mas nesse ano quem faz a narra\u00e7\u00e3o \u00e9 o ap\u00f3stolo Jo\u00e3o, na sua velhice com cerca de 85 anos, n\u00e3o se sabe ao certo, quando escreveu os escritos. Ele foi um dos \u00fanicos ap\u00f3stolos que n\u00e3o foi morto, decapitado, morreu de velhice. Ele \u00e9 a pessoa que far\u00e1 a narra\u00e7\u00e3o, pudemos mudar algumas coisas, e isso que \u00e9 legal\u201d, descreveu Massi \u00e0 Banda B.<\/p>\n\n\n\n<p>Pela primeira vez,&nbsp;Daniel Amaral, morador do bairro Cajuru, em Curitiba, vai prestigiar o espet\u00e1culo do grupo. \u201cUma apresenta\u00e7\u00e3o que ouvi falar muito bem, ent\u00e3o me deu vontade de vir prestigiar. Vim com anteced\u00eancia para garantir um lugar bom\u201d, disse.<\/p>\n\n\n\n<p>J\u00e1 Marli Tonchak que mora no Centro de Arauc\u00e1ria j\u00e1 assistiu \u00e0 encena\u00e7\u00e3o ano passado e se encantou. \u201cVim ano passado, \u00e9 muito lindo, eles est\u00e3o de parab\u00e9ns. \u00c9 muito respeitado, mas n\u00e3o \u00e9 s\u00f3 nesse dia que precisamos pensar nessas coisas, \u00e9 sempre bom praticar a f\u00e9. Aqui \u00e9 uma oportunidade porque \u00e9 lindo\u201d, elogiou.<\/p>\n\n\n\n<p>A encena\u00e7\u00e3o \u201cVida, Paix\u00e3o e Morte de Cristo\u201d come\u00e7a \u00e0s 19 horas. No total, direta e indiretamente, o espet\u00e1culo envolve cerca de mil pessoas. A encena\u00e7\u00e3o do Grupo Lanteri \u00e9 a segunda maior, ao ar livre, do Brasil, ficando atr\u00e1s apenas da Nova Jerusal\u00e9m, em Pernambuco. No total, s\u00e3o 36 cenas que narram a vida de Jesus, desde o seu nascimento at\u00e9 a sua morte, ascens\u00e3o e ressurrei\u00e7\u00e3o. A dura\u00e7\u00e3o do espet\u00e1culo \u00e9 de 1h50. A entrada do evento ser\u00e1 gratuita, mas quem quiser pode contribuir doando 1kg de alimento n\u00e3o perec\u00edvel.<\/p>\n\n\n\n<p>BandaB<\/p>\n","protected":false},"excerpt":{"rendered":"<p>Para esse ano, a novidade \u00e9 a mudan\u00e7a na narrativa, que ser\u00e1 feita pelo ap\u00f3stolo Jo\u00e3o. Mais de 20 mil pessoas est\u00e3o sendo esperadas no Parque Cachoeira, bairro Igua\u00e7u, em Arauc\u00e1ria, na regi\u00e3o metropolitana de Curitiba, para acompanhar a tradicional encena\u00e7\u00e3o da\u00a0\u201cVida, Paix\u00e3o e Morte de Cristo\u201d. A apresenta\u00e7\u00e3o \u00e9 organizada pelo Grupo Lanteri, que [&hellip;]<\/p>\n","protected":false},"author":2,"featured_media":7441,"comment_status":"open","ping_status":"open","sticky":false,"template":"","format":"standard","meta":{"advanced_seo_description":"","jetpack_seo_html_title":"","jetpack_seo_noindex":false,"_jetpack_memberships_contains_paid_content":false,"footnotes":""},"categories":[43],"tags":[],"class_list":{"0":"post-7440","1":"post","2":"type-post","3":"status-publish","4":"format-standard","5":"has-post-thumbnail","7":"category-cotidiano"},"jetpack_featured_media_url":"https:\/\/www.paranapraia.com.br\/wp-content\/uploads\/2019\/04\/parque-cachoeira1-960x540.jpg","jetpack_sharing_enabled":true,"_links":{"self":[{"href":"https:\/\/www.paranapraia.com.br\/index.php\/wp-json\/wp\/v2\/posts\/7440"}],"collection":[{"href":"https:\/\/www.paranapraia.com.br\/index.php\/wp-json\/wp\/v2\/posts"}],"about":[{"href":"https:\/\/www.paranapraia.com.br\/index.php\/wp-json\/wp\/v2\/types\/post"}],"author":[{"embeddable":true,"href":"https:\/\/www.paranapraia.com.br\/index.php\/wp-json\/wp\/v2\/users\/2"}],"replies":[{"embeddable":true,"href":"https:\/\/www.paranapraia.com.br\/index.php\/wp-json\/wp\/v2\/comments?post=7440"}],"version-history":[{"count":1,"href":"https:\/\/www.paranapraia.com.br\/index.php\/wp-json\/wp\/v2\/posts\/7440\/revisions"}],"predecessor-version":[{"id":7442,"href":"https:\/\/www.paranapraia.com.br\/index.php\/wp-json\/wp\/v2\/posts\/7440\/revisions\/7442"}],"wp:featuredmedia":[{"embeddable":true,"href":"https:\/\/www.paranapraia.com.br\/index.php\/wp-json\/wp\/v2\/media\/7441"}],"wp:attachment":[{"href":"https:\/\/www.paranapraia.com.br\/index.php\/wp-json\/wp\/v2\/media?parent=7440"}],"wp:term":[{"taxonomy":"category","embeddable":true,"href":"https:\/\/www.paranapraia.com.br\/index.php\/wp-json\/wp\/v2\/categories?post=7440"},{"taxonomy":"post_tag","embeddable":true,"href":"https:\/\/www.paranapraia.com.br\/index.php\/wp-json\/wp\/v2\/tags?post=7440"}],"curies":[{"name":"wp","href":"https:\/\/api.w.org\/{rel}","templated":true}]}}