{"id":7437,"date":"2019-04-19T18:17:55","date_gmt":"2019-04-19T21:17:55","guid":{"rendered":"https:\/\/www.paranapraia.com.br\/?p=7437"},"modified":"2019-04-19T18:17:56","modified_gmt":"2019-04-19T21:17:56","slug":"tecpar-trabalha-para-se-tornar-grande-polo-de-inovacao","status":"publish","type":"post","link":"https:\/\/www.paranapraia.com.br\/index.php\/2019\/04\/19\/tecpar-trabalha-para-se-tornar-grande-polo-de-inovacao\/","title":{"rendered":"Tecpar trabalha para se tornar grande polo de inova\u00e7\u00e3o"},"content":{"rendered":"\n<p>O Instituto de Tecnologia do Paran\u00e1 (Tecpar) completa 100 dias da nova gest\u00e3o em sintonia com as diretrizes do Governo do Estado \u2013 transformar o Paran\u00e1 no estado mais moderno do pa\u00eds. Para isso, o instituto iniciou seu processo de reestrutura\u00e7\u00e3o e caminha para se tornar um grande polo de inova\u00e7\u00e3o e desenvolvimento de novas tecnologias nas \u00e1reas de energias renov\u00e1veis e agrotech.<\/p>\n\n\n\n<p>O diretor-presidente do Tecpar, F\u00e1bio Cammarota, afirma que as novas estrat\u00e9gias de atua\u00e7\u00e3o e de atra\u00e7\u00e3o de novos neg\u00f3cios j\u00e1 est\u00e3o sendo implantadas, em parceria com os demais atores que constituem o ecossistema de inova\u00e7\u00e3o tecnol\u00f3gica no Estado.<\/p>\n\n\n\n<p>\u201cCome\u00e7amos tra\u00e7ando um raio-X da situa\u00e7\u00e3o atual do instituto nos campos mercadol\u00f3gico, econ\u00f4mico e estrutural. A partir deste diagn\u00f3stico, estabelecemos metas e objetivos, a curto, m\u00e9dio e longo prazo. Logo o Tecpar voltar\u00e1 a ser refer\u00eancia nacional em todas as suas \u00e1reas de atua\u00e7\u00e3o\u201d, diz Cammarota.<\/p>\n\n\n\n<p>Entre as metas elencadas pelo diretor-presidente est\u00e3o a amplia\u00e7\u00e3o da capacidade produtiva da vacina antrirr\u00e1bica, a retomada de projetos na produ\u00e7\u00e3o de ant\u00edgenos e a implanta\u00e7\u00e3o da fazenda inteligente (Smart Farm). Tamb\u00e9m est\u00e1 em andamento a adequa\u00e7\u00e3o e moderniza\u00e7\u00e3o da estrutura organizacional, com a valoriza\u00e7\u00e3o dos colaboradores, fomento \u00e0 pesquisa e redesenho de metodologias de trabalho.<\/p>\n\n\n\n<h2 class=\"wp-block-heading\">Economia&nbsp;<\/h2>\n\n\n\n<p>As primeiras a\u00e7\u00f5es priorizaram atender ao decreto estadual 515\/2019, que disp\u00f5e sobre a reavalia\u00e7\u00e3o e a renegocia\u00e7\u00e3o dos contratos em vigor e licita\u00e7\u00f5es em curso. Com foco na conten\u00e7\u00e3o e redu\u00e7\u00e3o de despesas, a diretoria executiva encabe\u00e7ou uma for\u00e7a-tarefa em todas as divis\u00f5es do instituto para a coleta e an\u00e1lise de informa\u00e7\u00f5es sobre receitas e gastos.<\/p>\n\n\n\n<p>\u201cNosso objetivo \u00e9 identificar pontos onde \u00e9 poss\u00edvel cortar gastos, reduzir quantidades contratadas ou licitadas. Tamb\u00e9m est\u00e3o sendo analisados novos investimentos para melhoria, adequa\u00e7\u00e3o e inova\u00e7\u00e3o de processos\u201d, destacou Cammarota.<\/p>\n\n\n\n<h2 class=\"wp-block-heading\"><strong>Novos projetos<\/strong><\/h2>\n\n\n\n<p>O uso de tecnologias inovadoras voltadas ao agroneg\u00f3cio e \u00e0 agricultura familiar \u00e9 uma das novas a\u00e7\u00f5es em andamento. No in\u00edcio deste m\u00eas, a diretoria executiva do instituto, a Prefeitura de Arauc\u00e1ria e o Sebrae-PR assinaram um protocolo de inten\u00e7\u00f5es referente \u00e0 implanta\u00e7\u00e3o de um projeto experimental para a explora\u00e7\u00e3o do conceito de fazenda inteligente (Smart Farm) aplicado \u00e0 agricultura familiar.<\/p>\n\n\n\n<p>Para promover o desenvolvimento de ideias inovadoras e startups, o Tecpar est\u00e1 implantando um projeto de living lab (laborat\u00f3rio vivo), que vai transformar o C\u00e2mpus CIC em um ecossistema de inova\u00e7\u00e3o aberto para testar ideias de servi\u00e7os ou produtos tecnol\u00f3gicos, comprovando sua efici\u00eancia ou permitindo verificar poss\u00edveis falhas.<\/p>\n\n\n\n<p>Na \u00e1rea de energias renov\u00e1veis, o instututo estuda propostas para fazer parte da cadeia produtiva de biocombust\u00edveis, entre elas uma usina de biog\u00e1s com a utiliza\u00e7\u00e3o de dejetos animais das atividades da suinocultura e avicultura, que ser\u00e1 implantada em Toledo.<\/p>\n\n\n\n<p>\u201cQueremos identificar entre os parceiros de que forma o Tecpar pode se inserir na cadeia produtiva com a\u00e7\u00f5es em que o instituto pode participar, direta ou indiretamente, seja com solu\u00e7\u00f5es tecnol\u00f3gicas ou com a certifica\u00e7\u00e3o, \u00e1rea estrat\u00e9gica da empresa\u201d, salientou o diretor-presidente.<\/p>\n\n\n\n<h2 class=\"wp-block-heading\"><strong>Atra\u00e7\u00e3o de novos neg\u00f3cios<\/strong><\/h2>\n\n\n\n<p>Em pouco tempo, a estrat\u00e9gia para o reposicionamento do Tecpar no mercado e conquista de novos neg\u00f3cios atraiu outras institui\u00e7\u00f5es interessadas em parcerias.<\/p>\n\n\n\n<p>Uma delas \u00e9 Funda\u00e7\u00e3o Get\u00falio Vargas (FGV), que buscou uma aproxima\u00e7\u00e3o com o instituto para mapear poss\u00edveis parcerias ao projeto HUB Cidades. A plataforma de inova\u00e7\u00e3o ser\u00e1 criada junto com o Minist\u00e9rio do Desenvolvimento Regional com o objetivo de identificar, articular e fomentar iniciativas de aperfei\u00e7oamento de servi\u00e7os p\u00fablicos para as cidades brasileiras.<\/p>\n\n\n\n<p>Com o apoio da C\u00e2mara do Com\u00e9rcio e Ind\u00fastria Brasil-Jap\u00e3o do Paran\u00e1 (CCIBJ), o Tecpar vai contribuir para a formula\u00e7\u00e3o de um programa estadual para o desenvolvimento sustent\u00e1vel da cadeia produtiva do bambu no Paran\u00e1. A proposta est\u00e1 sendo elaborada com representantes de \u00f3rg\u00e3os estaduais e organiza\u00e7\u00f5es da sociedade civil.<\/p>\n\n\n\n<p>\u201cO Tecpar vive um novo momento, voltado ao crescimento. \u00c9 muito importante termos ao nosso lado parceiros com os mesmos objetivos, focados na inova\u00e7\u00e3o e resultados\u201d, destacou o diretor-presidente.<\/p>\n\n\n\n<h2 class=\"wp-block-heading\"><strong>Reconhecimento<\/strong><\/h2>\n\n\n\n<p>A valoriza\u00e7\u00e3o do time de colaboradores foi outra medida importante, fortalecida nos 100 primeiros dias desta gest\u00e3o. Foram institu\u00eddas a\u00e7\u00f5es de est\u00edmulo ao voluntariado, \u00e0 uni\u00e3o, ao esp\u00edrito colaborativo e promo\u00e7\u00e3o \u00e0 cultura de inova\u00e7\u00e3o, al\u00e9m das reuni\u00f5es estrat\u00e9gicas com gerentes das unidades de neg\u00f3cio e das \u00e1reas de apoio para receber sugest\u00f5es e falar sobre as a\u00e7\u00f5es planejadas ou em andamento.<\/p>\n\n\n\n<p>Foram incorporadas \u00e0 rotina de trabalho diversas a\u00e7\u00f5es de reconhecimento e valoriza\u00e7\u00e3o, como a celebra\u00e7\u00e3o do Dia Internacional da Mulher e Dia do profissional de Servi\u00e7os Gerais e homenagem aos colaboradores mais antigos.<\/p>\n\n\n\n<h2 class=\"wp-block-heading\"><strong>Pesquisa e inova\u00e7\u00e3o<\/strong><\/h2>\n\n\n\n<p>Na \u00e1rea de pesquisa as a\u00e7\u00f5es s\u00e3o refor\u00e7adas com abertura de chamadas para novas linhas de estudo. Em fevereiro foi criado o conselho t\u00e9cnico-cient\u00edfico para direcionar os projetos na \u00e1rea de sistemas e computa\u00e7\u00e3o. Atualmente o Tecpar conta com 15 grupos de pesquisa ativos.<\/p>\n\n\n\n<p>Segundo Cammarota, a participa\u00e7\u00e3o em eventos voltados \u00e0 tecnologia e inova\u00e7\u00e3o mant\u00e9m as equipes do Tecpar em sintonia com o que h\u00e1 de mais atualizado no segmento. Recentemente, o instituto liderou o debate sobre governan\u00e7a em sociedades digitais no Smart City Expo Curitiba 2019, maior evento internacional sobre cidades inteligentes do mundo. \u201cAl\u00e9m de manter o Tecpar em linha com as tend\u00eancias internacionais, a participa\u00e7\u00e3o em eventos estrat\u00e9gicos estimula o debate e promove a cultura da inova\u00e7\u00e3o e do empreendedorismo\u201d, explicou o diretor-presidente.<\/p>\n\n\n\n<p>MassaNews<\/p>\n","protected":false},"excerpt":{"rendered":"<p>O Instituto de Tecnologia do Paran\u00e1 (Tecpar) completa 100 dias da nova gest\u00e3o em sintonia com as diretrizes do Governo do Estado \u2013 transformar o Paran\u00e1 no estado mais moderno do pa\u00eds. Para isso, o instituto iniciou seu processo de reestrutura\u00e7\u00e3o e caminha para se tornar um grande polo de inova\u00e7\u00e3o e desenvolvimento de novas [&hellip;]<\/p>\n","protected":false},"author":2,"featured_media":7438,"comment_status":"open","ping_status":"open","sticky":false,"template":"","format":"standard","meta":{"advanced_seo_description":"","jetpack_seo_html_title":"","jetpack_seo_noindex":false,"_jetpack_memberships_contains_paid_content":false,"footnotes":""},"categories":[32],"tags":[],"class_list":{"0":"post-7437","1":"post","2":"type-post","3":"status-publish","4":"format-standard","5":"has-post-thumbnail","7":"category-politica"},"jetpack_featured_media_url":"https:\/\/www.paranapraia.com.br\/wp-content\/uploads\/2019\/04\/tecp.jpg","jetpack_sharing_enabled":true,"_links":{"self":[{"href":"https:\/\/www.paranapraia.com.br\/index.php\/wp-json\/wp\/v2\/posts\/7437"}],"collection":[{"href":"https:\/\/www.paranapraia.com.br\/index.php\/wp-json\/wp\/v2\/posts"}],"about":[{"href":"https:\/\/www.paranapraia.com.br\/index.php\/wp-json\/wp\/v2\/types\/post"}],"author":[{"embeddable":true,"href":"https:\/\/www.paranapraia.com.br\/index.php\/wp-json\/wp\/v2\/users\/2"}],"replies":[{"embeddable":true,"href":"https:\/\/www.paranapraia.com.br\/index.php\/wp-json\/wp\/v2\/comments?post=7437"}],"version-history":[{"count":1,"href":"https:\/\/www.paranapraia.com.br\/index.php\/wp-json\/wp\/v2\/posts\/7437\/revisions"}],"predecessor-version":[{"id":7439,"href":"https:\/\/www.paranapraia.com.br\/index.php\/wp-json\/wp\/v2\/posts\/7437\/revisions\/7439"}],"wp:featuredmedia":[{"embeddable":true,"href":"https:\/\/www.paranapraia.com.br\/index.php\/wp-json\/wp\/v2\/media\/7438"}],"wp:attachment":[{"href":"https:\/\/www.paranapraia.com.br\/index.php\/wp-json\/wp\/v2\/media?parent=7437"}],"wp:term":[{"taxonomy":"category","embeddable":true,"href":"https:\/\/www.paranapraia.com.br\/index.php\/wp-json\/wp\/v2\/categories?post=7437"},{"taxonomy":"post_tag","embeddable":true,"href":"https:\/\/www.paranapraia.com.br\/index.php\/wp-json\/wp\/v2\/tags?post=7437"}],"curies":[{"name":"wp","href":"https:\/\/api.w.org\/{rel}","templated":true}]}}