{"id":7434,"date":"2019-04-19T18:15:55","date_gmt":"2019-04-19T21:15:55","guid":{"rendered":"https:\/\/www.paranapraia.com.br\/?p=7434"},"modified":"2019-04-19T18:15:55","modified_gmt":"2019-04-19T21:15:55","slug":"curitiba-tem-programacao-especial-para-dia-da-criatividade","status":"publish","type":"post","link":"https:\/\/www.paranapraia.com.br\/index.php\/2019\/04\/19\/curitiba-tem-programacao-especial-para-dia-da-criatividade\/","title":{"rendered":"Curitiba tem programa\u00e7\u00e3o especial para Dia da Criatividade"},"content":{"rendered":"\n<p>Celebrado em 21 de abril, o Dia Mundial da Criatividade vai ser celebrado tamb\u00e9m no dia 22 neste ano em Curitiba. A capital paranaense ir\u00e1 receber uma s\u00e9rie de atividades para comemorar a data.<\/p>\n\n\n\n<p>Ser\u00e3o dezenas de eventos, incluindo palestras, bate-papos e oficinas. A estimativa \u00e9 que o evento impacte um p\u00fablico de mais 65 mil pessoas no Brasil, tendo a criatividade com enfoques variados como arte, inova\u00e7\u00e3o, economia, tecnologia, educa\u00e7\u00e3o, neg\u00f3cios, entre outros.<\/p>\n\n\n\n<p>Em Curitiba, a Escola de Criatividade \u00e9 a representante oficial da data em Curitiba e tamb\u00e9m assume o papel de inspirador, promovendo, no dia 22 de abril, \u00e0s 19 horas, o evento 15&#215;15 Mulheres Extraordin\u00e1rias no Carmina Bistr\u00f4. Na programa\u00e7\u00e3o, quatro lideran\u00e7as femininas criativas apresentar\u00e3o seus cases. A programa\u00e7\u00e3o completa e as inscri\u00e7\u00f5es para participar das atividades em comemora\u00e7\u00e3o ao Dia da Criatividade em Curitiba\u00a0<a rel=\"noreferrer noopener\" href=\"https:\/\/www.worldcreativityday.com\/brazil\/curitiba\/atividades\" target=\"_blank\">est\u00e3o dispon\u00edveis no site<\/a>.<\/p>\n\n\n\n<p>MassaNews<\/p>\n","protected":false},"excerpt":{"rendered":"<p>Celebrado em 21 de abril, o Dia Mundial da Criatividade vai ser celebrado tamb\u00e9m no dia 22 neste ano em Curitiba. A capital paranaense ir\u00e1 receber uma s\u00e9rie de atividades para comemorar a data. Ser\u00e3o dezenas de eventos, incluindo palestras, bate-papos e oficinas. A estimativa \u00e9 que o evento impacte um p\u00fablico de mais 65 [&hellip;]<\/p>\n","protected":false},"author":2,"featured_media":7435,"comment_status":"open","ping_status":"open","sticky":false,"template":"","format":"standard","meta":{"advanced_seo_description":"","jetpack_seo_html_title":"","jetpack_seo_noindex":false,"_jetpack_memberships_contains_paid_content":false,"footnotes":""},"categories":[42],"tags":[],"class_list":{"0":"post-7434","1":"post","2":"type-post","3":"status-publish","4":"format-standard","5":"has-post-thumbnail","7":"category-cidades"},"jetpack_featured_media_url":"https:\/\/www.paranapraia.com.br\/wp-content\/uploads\/2019\/04\/op.jpeg","jetpack_sharing_enabled":true,"_links":{"self":[{"href":"https:\/\/www.paranapraia.com.br\/index.php\/wp-json\/wp\/v2\/posts\/7434"}],"collection":[{"href":"https:\/\/www.paranapraia.com.br\/index.php\/wp-json\/wp\/v2\/posts"}],"about":[{"href":"https:\/\/www.paranapraia.com.br\/index.php\/wp-json\/wp\/v2\/types\/post"}],"author":[{"embeddable":true,"href":"https:\/\/www.paranapraia.com.br\/index.php\/wp-json\/wp\/v2\/users\/2"}],"replies":[{"embeddable":true,"href":"https:\/\/www.paranapraia.com.br\/index.php\/wp-json\/wp\/v2\/comments?post=7434"}],"version-history":[{"count":1,"href":"https:\/\/www.paranapraia.com.br\/index.php\/wp-json\/wp\/v2\/posts\/7434\/revisions"}],"predecessor-version":[{"id":7436,"href":"https:\/\/www.paranapraia.com.br\/index.php\/wp-json\/wp\/v2\/posts\/7434\/revisions\/7436"}],"wp:featuredmedia":[{"embeddable":true,"href":"https:\/\/www.paranapraia.com.br\/index.php\/wp-json\/wp\/v2\/media\/7435"}],"wp:attachment":[{"href":"https:\/\/www.paranapraia.com.br\/index.php\/wp-json\/wp\/v2\/media?parent=7434"}],"wp:term":[{"taxonomy":"category","embeddable":true,"href":"https:\/\/www.paranapraia.com.br\/index.php\/wp-json\/wp\/v2\/categories?post=7434"},{"taxonomy":"post_tag","embeddable":true,"href":"https:\/\/www.paranapraia.com.br\/index.php\/wp-json\/wp\/v2\/tags?post=7434"}],"curies":[{"name":"wp","href":"https:\/\/api.w.org\/{rel}","templated":true}]}}