{"id":7428,"date":"2019-04-19T18:09:50","date_gmt":"2019-04-19T21:09:50","guid":{"rendered":"https:\/\/www.paranapraia.com.br\/?p=7428"},"modified":"2019-04-19T18:09:51","modified_gmt":"2019-04-19T21:09:51","slug":"homem-morre-apos-acidente-de-transito-no-batel","status":"publish","type":"post","link":"https:\/\/www.paranapraia.com.br\/index.php\/2019\/04\/19\/homem-morre-apos-acidente-de-transito-no-batel\/","title":{"rendered":"Homem morre ap\u00f3s acidente de tr\u00e2nsito no Batel"},"content":{"rendered":"\n<p>Um homem morreu no in\u00edcio da manh\u00e3 desta sexta-feira (19) ap\u00f3s um acidente de tr\u00e2nsito pr\u00f3ximo \u00e0 equina da Avenida Vicente Machado com a Rua Desembargador Costa Carvalho, no bairro Batel, em Curitiba. Segundo testemunhas, a v\u00edtima tinha cerca de 25 anos, furou o sinal vermelho e foi atingido com for\u00e7a por um carro que passava pelo cruzamento.<\/p>\n\n\n\n<p>O Siate e o Batalh\u00e3o de Tr\u00e2nsito da Pol\u00edcia Militar (BPTran) foram acionados por volta das 5h15 para atender a ocorr\u00eancia. Apesar de n\u00e3o ter furando o sinal, o motorista do segundo carro envolvido no acidente foi preso em flagrante por estar dirigindo depois de beber. Ele foi levado \u00e0 Delegacia de Delitos Tr\u00e2nsito (Dedetran) para prestar esclarecimentos.<\/p>\n\n\n\n<p>Ainda de acordo com testemunhas, a sinaliza\u00e7\u00e3o do cruzamento funcionava normalmente no momento do acidente. O corpo do jovem foi recolhido pelo Instituto M\u00e9dico-Legal (IML).<\/p>\n\n\n\n<h2 class=\"wp-block-heading\">Dedetran apura o caso<\/h2>\n\n\n\n<p>O delegado respons\u00e1vel pela Dedetran, Edgar Dias Santana, em entrevista \u00e0 Rede Massa, informou que a Pol\u00edcia Civil (PC-PR) ir\u00e1 solicitar as imagens das c\u00e2meras de seguran\u00e7a dos estabelecimentos pr\u00f3ximo ao local do acidente para esclarecer o caso. Contudo, por causa do feriado de P\u00e1scoa, nenhum dos com\u00e9rcios estava aberto nesta sexta-feira (19).<\/p>\n\n\n\n<p>Colabora\u00e7\u00e3o M\u00e1rcio Barros\/Rede Massa<\/p>\n","protected":false},"excerpt":{"rendered":"<p>Um homem morreu no in\u00edcio da manh\u00e3 desta sexta-feira (19) ap\u00f3s um acidente de tr\u00e2nsito pr\u00f3ximo \u00e0 equina da Avenida Vicente Machado com a Rua Desembargador Costa Carvalho, no bairro Batel, em Curitiba. Segundo testemunhas, a v\u00edtima tinha cerca de 25 anos, furou o sinal vermelho e foi atingido com for\u00e7a por um carro que [&hellip;]<\/p>\n","protected":false},"author":2,"featured_media":7429,"comment_status":"open","ping_status":"open","sticky":false,"template":"","format":"standard","meta":{"advanced_seo_description":"","jetpack_seo_html_title":"","jetpack_seo_noindex":false,"_jetpack_memberships_contains_paid_content":false,"footnotes":""},"categories":[33],"tags":[],"class_list":{"0":"post-7428","1":"post","2":"type-post","3":"status-publish","4":"format-standard","5":"has-post-thumbnail","7":"category-policia"},"jetpack_featured_media_url":"https:\/\/www.paranapraia.com.br\/wp-content\/uploads\/2019\/04\/morre-1.jpg","jetpack_sharing_enabled":true,"_links":{"self":[{"href":"https:\/\/www.paranapraia.com.br\/index.php\/wp-json\/wp\/v2\/posts\/7428"}],"collection":[{"href":"https:\/\/www.paranapraia.com.br\/index.php\/wp-json\/wp\/v2\/posts"}],"about":[{"href":"https:\/\/www.paranapraia.com.br\/index.php\/wp-json\/wp\/v2\/types\/post"}],"author":[{"embeddable":true,"href":"https:\/\/www.paranapraia.com.br\/index.php\/wp-json\/wp\/v2\/users\/2"}],"replies":[{"embeddable":true,"href":"https:\/\/www.paranapraia.com.br\/index.php\/wp-json\/wp\/v2\/comments?post=7428"}],"version-history":[{"count":1,"href":"https:\/\/www.paranapraia.com.br\/index.php\/wp-json\/wp\/v2\/posts\/7428\/revisions"}],"predecessor-version":[{"id":7430,"href":"https:\/\/www.paranapraia.com.br\/index.php\/wp-json\/wp\/v2\/posts\/7428\/revisions\/7430"}],"wp:featuredmedia":[{"embeddable":true,"href":"https:\/\/www.paranapraia.com.br\/index.php\/wp-json\/wp\/v2\/media\/7429"}],"wp:attachment":[{"href":"https:\/\/www.paranapraia.com.br\/index.php\/wp-json\/wp\/v2\/media?parent=7428"}],"wp:term":[{"taxonomy":"category","embeddable":true,"href":"https:\/\/www.paranapraia.com.br\/index.php\/wp-json\/wp\/v2\/categories?post=7428"},{"taxonomy":"post_tag","embeddable":true,"href":"https:\/\/www.paranapraia.com.br\/index.php\/wp-json\/wp\/v2\/tags?post=7428"}],"curies":[{"name":"wp","href":"https:\/\/api.w.org\/{rel}","templated":true}]}}