{"id":74226,"date":"2025-11-17T16:18:50","date_gmt":"2025-11-17T19:18:50","guid":{"rendered":"https:\/\/www.paranapraia.com.br\/?p=74226"},"modified":"2025-11-17T16:18:52","modified_gmt":"2025-11-17T19:18:52","slug":"rua-marechal-deodoro-sera-interditada-nesta-terca-feira-para-inicio-das-obras-de-recuperacao","status":"publish","type":"post","link":"https:\/\/www.paranapraia.com.br\/index.php\/2025\/11\/17\/rua-marechal-deodoro-sera-interditada-nesta-terca-feira-para-inicio-das-obras-de-recuperacao\/","title":{"rendered":"Rua Marechal Deodoro ser\u00e1 interditada nesta ter\u00e7a-feira para in\u00edcio das obras de recupera\u00e7\u00e3o"},"content":{"rendered":"\n<p>A Prefeitura de Paranagu\u00e1 inicia nesta ter\u00e7a-feira, dia 18, a recupera\u00e7\u00e3o completa da Rua Marechal Deodoro, dentro do programa que vem reestruturando importantes vias da cidade por determina\u00e7\u00e3o do prefeito Adriano Ramos.<\/p>\n\n\n\n<p>Os trabalhos de pavimenta\u00e7\u00e3o come\u00e7am pela manh\u00e3 com a fresagem do pavimento, etapa que prepara o solo para receber o novo asfalto.<br>A previs\u00e3o \u00e9 de que a aplica\u00e7\u00e3o da nova camada asf\u00e1ltica tenha in\u00edcio na tarde de quarta-feira e siga at\u00e9 o final da quinta-feira, feriado nacional. Os trabalhos ser\u00e3o realizados no trecho entre o Branco do Brasil e a Catedral.<\/p>\n\n\n\n<p>O prefeito Adriano Ramos destaca que a obra \u00e9 importante para melhorar as condi\u00e7\u00f5es da malha vi\u00e1ria e proporcionar mais seguran\u00e7a para motoristas e pedestres. \u201cEstamos priorizando interven\u00e7\u00f5es essenciais que garantem mais comodidade, seguran\u00e7a e boas condi\u00e7\u00f5es de circula\u00e7\u00e3o para comerciantes, motoristas e toda a popula\u00e7\u00e3o\u201d, ressalta o prefeito.<\/p>\n\n\n\n<p>Segundo a vice-prefeita, Fabiana Parro, Paranagu\u00e1 caminha progressivamente para muitas melhorias que devem acontecer nos pr\u00f3ximos meses. \u201cTemos diversas obras programadas e o asfalto de qualidade chegar\u00e1 tanto \u00e0s ruas do centro quanto aos bairros, ampliando os benef\u00edcios para toda a cidade\u201d, explica Fabiana.<\/p>\n\n\n\n<p>Segundo o secret\u00e1rio de Obras, Ozeias Rebello Costa, \u201cessa interven\u00e7\u00e3o \u00e9 essencial para organizar melhor o fluxo de ve\u00edculos, fortalecer a seguran\u00e7a vi\u00e1ria e garantir mais qualidade de vida \u00e0 popula\u00e7\u00e3o. Pedimos aos motoristas aten\u00e7\u00e3o redobrada durante o per\u00edodo de obras e, sempre que poss\u00edvel, que utilizem rotas alternativas para evitar transtornos.\u201d<\/p>\n\n\n\n<p>Para garantir agilidade e seguran\u00e7a na execu\u00e7\u00e3o dos servi\u00e7os, a administra\u00e7\u00e3o pede que as vagas de estacionamento ao longo da via n\u00e3o sejam utilizadas durante o per\u00edodo de obras.<br>As equipes de Tr\u00e2nsito e Mobilidade acompanhar\u00e3o toda a opera\u00e7\u00e3o, orientando motoristas e organizando o fluxo de ve\u00edculos.<\/p>\n\n\n\n<p>Assessoria<\/p>\n","protected":false},"excerpt":{"rendered":"<p>A Prefeitura de Paranagu\u00e1 inicia nesta ter\u00e7a-feira, dia 18, a recupera\u00e7\u00e3o completa da Rua Marechal Deodoro, dentro do programa que vem reestruturando importantes vias da cidade por determina\u00e7\u00e3o do prefeito Adriano Ramos. Os trabalhos de pavimenta\u00e7\u00e3o come\u00e7am pela manh\u00e3 com a fresagem do pavimento, etapa que prepara o solo para receber o novo asfalto.A previs\u00e3o [&hellip;]<\/p>\n","protected":false},"author":2,"featured_media":74227,"comment_status":"open","ping_status":"open","sticky":false,"template":"","format":"standard","meta":{"advanced_seo_description":"","jetpack_seo_html_title":"","jetpack_seo_noindex":false,"_jetpack_memberships_contains_paid_content":false,"footnotes":""},"categories":[40,77],"tags":[321],"class_list":{"0":"post-74226","1":"post","2":"type-post","3":"status-publish","4":"format-standard","5":"has-post-thumbnail","7":"category-destaques","8":"category-paranagua","9":"tag-paranagua"},"jetpack_featured_media_url":"https:\/\/www.paranapraia.com.br\/wp-content\/uploads\/2025\/11\/thumb-31.jpeg","jetpack_sharing_enabled":true,"_links":{"self":[{"href":"https:\/\/www.paranapraia.com.br\/index.php\/wp-json\/wp\/v2\/posts\/74226"}],"collection":[{"href":"https:\/\/www.paranapraia.com.br\/index.php\/wp-json\/wp\/v2\/posts"}],"about":[{"href":"https:\/\/www.paranapraia.com.br\/index.php\/wp-json\/wp\/v2\/types\/post"}],"author":[{"embeddable":true,"href":"https:\/\/www.paranapraia.com.br\/index.php\/wp-json\/wp\/v2\/users\/2"}],"replies":[{"embeddable":true,"href":"https:\/\/www.paranapraia.com.br\/index.php\/wp-json\/wp\/v2\/comments?post=74226"}],"version-history":[{"count":1,"href":"https:\/\/www.paranapraia.com.br\/index.php\/wp-json\/wp\/v2\/posts\/74226\/revisions"}],"predecessor-version":[{"id":74228,"href":"https:\/\/www.paranapraia.com.br\/index.php\/wp-json\/wp\/v2\/posts\/74226\/revisions\/74228"}],"wp:featuredmedia":[{"embeddable":true,"href":"https:\/\/www.paranapraia.com.br\/index.php\/wp-json\/wp\/v2\/media\/74227"}],"wp:attachment":[{"href":"https:\/\/www.paranapraia.com.br\/index.php\/wp-json\/wp\/v2\/media?parent=74226"}],"wp:term":[{"taxonomy":"category","embeddable":true,"href":"https:\/\/www.paranapraia.com.br\/index.php\/wp-json\/wp\/v2\/categories?post=74226"},{"taxonomy":"post_tag","embeddable":true,"href":"https:\/\/www.paranapraia.com.br\/index.php\/wp-json\/wp\/v2\/tags?post=74226"}],"curies":[{"name":"wp","href":"https:\/\/api.w.org\/{rel}","templated":true}]}}